{"id":12956,"date":"2015-09-21T03:00:28","date_gmt":"2015-09-21T02:00:28","guid":{"rendered":"http:\/\/sven-ove.nu\/?p=12956"},"modified":"2015-09-20T18:15:30","modified_gmt":"2015-09-20T17:15:30","slug":"den-lille-sote-barrkramaren","status":"publish","type":"post","link":"https:\/\/sven-ove.nu\/?p=12956","title":{"rendered":"Den lille s\u00f6te barrkramaren"},"content":{"rendered":"<p><a href=\"https:\/\/sven-ove.nu\/wp-content\/uploads\/2015\/09\/Barrkramaren.jpg\"><img loading=\"lazy\" decoding=\"async\" class=\"size-large wp-image-12958 alignnone\" src=\"https:\/\/sven-ove.nu\/wp-content\/uploads\/2015\/09\/Barrkramaren-1024x711.jpg\" alt=\"Barrkramaren\" width=\"660\" height=\"458\" srcset=\"https:\/\/sven-ove.nu\/wp-content\/uploads\/2015\/09\/Barrkramaren-1024x711.jpg 1024w, https:\/\/sven-ove.nu\/wp-content\/uploads\/2015\/09\/Barrkramaren-300x208.jpg 300w, https:\/\/sven-ove.nu\/wp-content\/uploads\/2015\/09\/Barrkramaren.jpg 1222w\" sizes=\"auto, (max-width: 660px) 100vw, 660px\" \/><\/a><\/p>\n<p>Det finns en svamp som luktar rutten k\u00e5l och \u00e4r o\u00e4tlig. \u00c4nd\u00e5 \u00e4r den en favorit, \u00e4nda sedan den k\u00e4ra v\u00e4nnen for p\u00e5 kurs och l\u00e4rde k\u00e4nna skivlingen. <em>Marasmiellus perforans<\/em> s\u00e4ger inte mycket, inte att det \u00e4r en 2-4 centimeter h\u00f6g hattsvamp heller, med tunn luden fot och en hatt som \u00e4r 0,5-1,5 centimeter bred med smutsvit yta.<\/p>\n<p>Det s\u00f6ta \u00e4r hur den v\u00e4xer, <em>barrbroskskivlingen<\/em>. Titta i barrf\u00f6rnan i vilken granskog som helst, d\u00e4r hittar du svampen, \u00f6mt fastvuxen i ett granbarr. Ett barr, ett enda granbarr, \u00e4r allt den beg\u00e4r. Ofta n\u00e4r vi g\u00e5r i skogen kommer hon n\u00e4ra, med sin nya bekantskap i handen.<\/p>\n<p>\u201dTitta, vad s\u00f6t den \u00e4r\u201d.<br \/>\n\u201dDu med\u201d, s\u00e4ger jag. Folk som \u00e4r k\u00e4ra i sm\u00e5 trivsamma svampar som kramar barr kan inte ha fel.<\/p>\n<p><strong>Lyckad internetfasta<br \/>\n<\/strong>L\u00f6rdagen den 19 september blir en fin dag. \u00c4r det f\u00f6rsta g\u00e5ngen sedan 1994 som jag inte \u00e4r ute p\u00e5 n\u00e4tet p\u00e5 ett helt dygn, utan att vara sjuk eller bortrest? Kanske. (Som om jag inte skulle surfa och facebooka n\u00e4r jag ligger sjuk eller reser p\u00e5 de sju haven)\u2026<\/p>\n<p>Efter frukost st\u00e5r jag vid s\u00e5gbocken och kapar ved. Vedskjulet beh\u00f6ver organiseras om och jag s\u00e5gar, stuvar om vedstaplarna och filosoferar. Var det inte f\u00f6rfattaren Tage Aurell som brukade s\u00e5ga ved n\u00e4r folk kom p\u00e5 bes\u00f6k? En stock p\u00e5 s\u00e5gbocken, tv\u00e5 s\u00e5gdrag och sedan en l\u00e5ng, utf\u00f6rlig ber\u00e4ttelse fr\u00e5n Aurell. Femton minuter senare tv\u00e5 nya s\u00e5gdrag och d\u00e4refter \u00e4nnu en historia.<\/p>\n<p>Och \u00e4nnu en.<\/p>\n<p>Mitt i ett av mina eftert\u00e4nksamma s\u00e5gdrag ringer en v\u00e4n, vi har ett l\u00e5ngt kamratligt samtal om viktiga ting och jag blir glad. Det g\u00e5r att prata med varandra, inte bara facebooka. Kanske v\u00e4nde han den h\u00e4r envise karlen i en viss fr\u00e5ga, det \u00e4r inte det l\u00e4ttaste.<\/p>\n<p><a href=\"https:\/\/sven-ove.nu\/wp-content\/uploads\/2015\/09\/Skivlingarna.jpg\"><img loading=\"lazy\" decoding=\"async\" class=\"alignright size-thumbnail wp-image-12961\" src=\"https:\/\/sven-ove.nu\/wp-content\/uploads\/2015\/09\/Skivlingarna-150x150.jpg\" alt=\"Skivlingarna\" width=\"150\" height=\"150\" \/><\/a>N\u00e4r vedskjulet \u00e4r ansat och klart g\u00e5r den k\u00e4ra v\u00e4nnen och jag till skogen. Snart st\u00e5r hon med en liten s\u00f6t barrkramare i handen igen och bara m\u00e5ste visa mig. D\u00e4refter har vi st\u00e4mt tr\u00e4ff med 35 svarta trumpetsvampar, men de \u00e4r inte hemma vecka 38 heller. Det g\u00f6r ingenting, vi h\u00e4mtar kantareller i st\u00e4llet.<\/p>\n<p>Och frid.<\/p>\n<p><em># Vedskjulet har den k\u00e4ra v\u00e4nnen byggt.<br \/>\n<\/em><em># Hon blev f\u00e4rdig 4 september 2006. Eftersom jag ser positivt p\u00e5 byggverksamhet p\u00e5 tomten firade jag fru och skjul med mousserande vin och ett kortare h\u00f6gtidstal, d\u00e5 f\u00f6r nio \u00e5r sedan.<\/em><em><br \/>\n# Sedan dess firar vi Vedskjulets dag varje \u00e5r den fj\u00e4rde dagen i september. I \u00e5r talade jag om vikten av pension\u00e4rsrabatt. P\u00e5 allting. Stormande appl\u00e5der.<\/em><\/p>\n","protected":false},"excerpt":{"rendered":"<p>Det finns en svamp som luktar rutten k\u00e5l och \u00e4r o\u00e4tlig. \u00c4nd\u00e5 \u00e4r den en favorit, \u00e4nda sedan den k\u00e4ra v\u00e4nnen for p\u00e5 kurs och l\u00e4rde k\u00e4nna skivlingen. Marasmiellus perforans s\u00e4ger inte mycket, inte att det \u00e4r en 2-4 centimeter h\u00f6g hattsvamp heller, med tunn luden fot och en hatt som \u00e4r 0,5-1,5 centimeter bred &hellip; <a href=\"https:\/\/sven-ove.nu\/?p=12956\" class=\"more-link\">Forts\u00e4tt l\u00e4sa <span class=\"screen-reader-text\">Den lille s\u00f6te barrkramaren<\/span><\/a><\/p>\n","protected":false},"author":1,"featured_media":0,"comment_status":"open","ping_status":"open","sticky":false,"template":"","format":"standard","meta":{"_crdt_document":"","_monsterinsights_skip_tracking":false,"_monsterinsights_sitenote_active":false,"_monsterinsights_sitenote_note":"","_monsterinsights_sitenote_category":0,"footnotes":""},"categories":[10,6],"tags":[24,15],"class_list":["post-12956","post","type-post","status-publish","format-standard","hentry","category-familjen","category-natur","tag-karlek","tag-mediedjungeln"],"_links":{"self":[{"href":"https:\/\/sven-ove.nu\/index.php?rest_route=\/wp\/v2\/posts\/12956","targetHints":{"allow":["GET"]}}],"collection":[{"href":"https:\/\/sven-ove.nu\/index.php?rest_route=\/wp\/v2\/posts"}],"about":[{"href":"https:\/\/sven-ove.nu\/index.php?rest_route=\/wp\/v2\/types\/post"}],"author":[{"embeddable":true,"href":"https:\/\/sven-ove.nu\/index.php?rest_route=\/wp\/v2\/users\/1"}],"replies":[{"embeddable":true,"href":"https:\/\/sven-ove.nu\/index.php?rest_route=%2Fwp%2Fv2%2Fcomments&post=12956"}],"version-history":[{"count":5,"href":"https:\/\/sven-ove.nu\/index.php?rest_route=\/wp\/v2\/posts\/12956\/revisions"}],"predecessor-version":[{"id":12964,"href":"https:\/\/sven-ove.nu\/index.php?rest_route=\/wp\/v2\/posts\/12956\/revisions\/12964"}],"wp:attachment":[{"href":"https:\/\/sven-ove.nu\/index.php?rest_route=%2Fwp%2Fv2%2Fmedia&parent=12956"}],"wp:term":[{"taxonomy":"category","embeddable":true,"href":"https:\/\/sven-ove.nu\/index.php?rest_route=%2Fwp%2Fv2%2Fcategories&post=12956"},{"taxonomy":"post_tag","embeddable":true,"href":"https:\/\/sven-ove.nu\/index.php?rest_route=%2Fwp%2Fv2%2Ftags&post=12956"}],"curies":[{"name":"wp","href":"https:\/\/api.w.org\/{rel}","templated":true}]}}