{"id":12965,"date":"2015-09-22T03:00:33","date_gmt":"2015-09-22T02:00:33","guid":{"rendered":"http:\/\/sven-ove.nu\/?p=12965"},"modified":"2015-09-22T06:15:04","modified_gmt":"2015-09-22T05:15:04","slug":"raddad-av-en-spjuver","status":"publish","type":"post","link":"https:\/\/sven-ove.nu\/?p=12965","title":{"rendered":"R\u00e4ddad av en spjuver"},"content":{"rendered":"<blockquote><p>Det \u00e4r en av dessa dagar n\u00e4r livet j\u00e4klas med en. F\u00f6r f\u00f6rsta g\u00e5ngen fastnar jag i vad Galenskaparna kallar vinkelvolten. Dret ocks\u00e5.<\/p><\/blockquote>\n<p>Allt \u00e4r mycket enkelt. Jag ska installera nya telefonappen p\u00e5 jobbet, vi m\u00e5ste ha den till v\u00e5rt nya telefonisystem. Skaffar app g\u00f6r en ju var och varannan dag, kom igen nu Svensson, du \u00e4r faktiskt webbredakt\u00f6r.<\/p>\n<p>Appen v\u00e4grar. Ska du inte uppdatera operativsystemet n\u00e5n g\u00e5ng, g\u00f4bbe, muttrar mobilen. Ja ja, jag f\u00e5r v\u00e4l g\u00f6ra det d\u00e5. F\u00f6rst. Det \u00e4r bara det att en har h\u00f6rt\u2026 Efter en halvtimmes uppdatering vet jag att det var sanning, det d\u00e4r jag hade h\u00f6rt. Mobiluschlingen hakar upp sig. Dra h\u00e4r och starta telefonen, st\u00e5r det. N\u00e4r jag drar kommer jag till en inloggningsruta. D\u00e5 fyller jag i den. D\u00e5 st\u00e5r det Dra h\u00e4r och starta. D\u00e5 kommer jag till en inloggningsruta. D\u00e5 fyller jag i den. D\u00e5 st\u00e5r det Dra h\u00e4r\u2026 ja, du begriper. Klassisk vinkelvolt.<\/p>\n<p>Jag googlar och g\u00f6r alla trollkonster som n\u00e4tet f\u00f6resl\u00e5r. Talar med tekniska v\u00e4nner, muttrar, sv\u00e4r, klickar, drar och\u2026 ger upp.<\/p>\n<p><strong>\u201dTar en timme\u201d<br \/>\n<\/strong>Efter tio minuter i k\u00f6 hos \u00e5terf\u00f6rs\u00e4ljaren med \u00e4ppelloggan \u00e4r det min tur. Jo, jag skulle uppdatera operativsystemet, s\u00e4ger jag till ung man med Zlatanfrisyr och visar min enfaldiga smartphone. Det st\u00e5r att jag ska dra och starta, och d\u00e5 kommer jag till den h\u00e4r inloggningsrutan och d\u00e5\u2026 S\u00e4g inge\u2019 mer, svarar den unge. Jag har sett\u2019et f\u00f6rut.<\/p>\n<p>&#8211; \u00c4r du beredd att \u00e5terst\u00e4lla iphonen i fabriksl\u00e4ge? fr\u00e5gar han.<br \/>\n&#8211; Ja tack, jag g\u00f6r vad som helst, bara jag f\u00e5r en mobil som fungerar.<br \/>\n&#8211; Det kan kosta 295 kronor och tar nog en timme.<br \/>\n&#8211; S\u00e5 pass.<\/p>\n<p>De f\u00f6rsta minuterna h\u00e4lsar jag p\u00e5 en dam bakom mig i k\u00f6n, som jag k\u00e4nner n\u00e5got lite. Vi hinner byta tre artighetsfraser, d\u00e5 kommer f\u00f6rs\u00e4ljaren redan med min \u00e5terupplivade mobil.<\/p>\n<p>&#8211; Va\u2019? Tog det fem minuter?<br \/>\n&#8211; Mmm.<br \/>\n&#8211; Vad kostar det?<\/p>\n<p>I en kort evighet tittar han p\u00e5 mig och damen, f\u00f6rs\u00f6ker lista ut om det g\u00e5r att skoja med mig eller inte. S\u00e5 best\u00e4mmer han sig.<br \/>\n&#8211; En kram, s\u00e4ger han med ett spjuverleende.<\/p>\n<p>Medan hela butiken glor f\u00f6rundrat, f\u00f6renas vi i En Rej\u00e4l Manlig Fabriks\u00e5terst\u00e4llningskram. Tacka vet jag m\u00e4rkesbutiker.<\/p>\n","protected":false},"excerpt":{"rendered":"<p>Det \u00e4r en av dessa dagar n\u00e4r livet j\u00e4klas med en. F\u00f6r f\u00f6rsta g\u00e5ngen fastnar jag i vad Galenskaparna kallar vinkelvolten. Dret ocks\u00e5. Allt \u00e4r mycket enkelt. Jag ska installera nya telefonappen p\u00e5 jobbet, vi m\u00e5ste ha den till v\u00e5rt nya telefonisystem. Skaffar app g\u00f6r en ju var och varannan dag, kom igen nu Svensson, &hellip; <a href=\"https:\/\/sven-ove.nu\/?p=12965\" class=\"more-link\">Forts\u00e4tt l\u00e4sa <span class=\"screen-reader-text\">R\u00e4ddad av en spjuver<\/span><\/a><\/p>\n","protected":false},"author":1,"featured_media":12968,"comment_status":"open","ping_status":"open","sticky":false,"template":"","format":"standard","meta":{"_crdt_document":"","_monsterinsights_skip_tracking":false,"_monsterinsights_sitenote_active":false,"_monsterinsights_sitenote_note":"","_monsterinsights_sitenote_category":0,"footnotes":""},"categories":[28],"tags":[3],"class_list":["post-12965","post","type-post","status-publish","format-standard","has-post-thumbnail","hentry","category-kreativt-folk","tag-arbete"],"_links":{"self":[{"href":"https:\/\/sven-ove.nu\/index.php?rest_route=\/wp\/v2\/posts\/12965","targetHints":{"allow":["GET"]}}],"collection":[{"href":"https:\/\/sven-ove.nu\/index.php?rest_route=\/wp\/v2\/posts"}],"about":[{"href":"https:\/\/sven-ove.nu\/index.php?rest_route=\/wp\/v2\/types\/post"}],"author":[{"embeddable":true,"href":"https:\/\/sven-ove.nu\/index.php?rest_route=\/wp\/v2\/users\/1"}],"replies":[{"embeddable":true,"href":"https:\/\/sven-ove.nu\/index.php?rest_route=%2Fwp%2Fv2%2Fcomments&post=12965"}],"version-history":[{"count":4,"href":"https:\/\/sven-ove.nu\/index.php?rest_route=\/wp\/v2\/posts\/12965\/revisions"}],"predecessor-version":[{"id":12970,"href":"https:\/\/sven-ove.nu\/index.php?rest_route=\/wp\/v2\/posts\/12965\/revisions\/12970"}],"wp:featuredmedia":[{"embeddable":true,"href":"https:\/\/sven-ove.nu\/index.php?rest_route=\/wp\/v2\/media\/12968"}],"wp:attachment":[{"href":"https:\/\/sven-ove.nu\/index.php?rest_route=%2Fwp%2Fv2%2Fmedia&parent=12965"}],"wp:term":[{"taxonomy":"category","embeddable":true,"href":"https:\/\/sven-ove.nu\/index.php?rest_route=%2Fwp%2Fv2%2Fcategories&post=12965"},{"taxonomy":"post_tag","embeddable":true,"href":"https:\/\/sven-ove.nu\/index.php?rest_route=%2Fwp%2Fv2%2Ftags&post=12965"}],"curies":[{"name":"wp","href":"https:\/\/api.w.org\/{rel}","templated":true}]}}