{"id":12981,"date":"2015-09-24T03:00:26","date_gmt":"2015-09-24T02:00:26","guid":{"rendered":"http:\/\/sven-ove.nu\/?p=12981"},"modified":"2015-09-24T06:20:03","modified_gmt":"2015-09-24T05:20:03","slug":"dar-har-jag-ocksa-varit-radd","status":"publish","type":"post","link":"https:\/\/sven-ove.nu\/?p=12981","title":{"rendered":"D\u00e4r har jag ocks\u00e5 varit r\u00e4dd"},"content":{"rendered":"<p><a href=\"https:\/\/sven-ove.nu\/wp-content\/uploads\/2015\/09\/Molkomsbor.jpg\"><img loading=\"lazy\" decoding=\"async\" class=\"size-full wp-image-12985 alignnone\" src=\"https:\/\/sven-ove.nu\/wp-content\/uploads\/2015\/09\/Molkomsbor.jpg\" alt=\"Molkomsbor\" width=\"551\" height=\"406\" srcset=\"https:\/\/sven-ove.nu\/wp-content\/uploads\/2015\/09\/Molkomsbor.jpg 551w, https:\/\/sven-ove.nu\/wp-content\/uploads\/2015\/09\/Molkomsbor-300x221.jpg 300w\" sizes=\"auto, (max-width: 551px) 100vw, 551px\" \/><\/a><\/p>\n<p>Jag tror det var den f\u00f6rsta protests\u00e5ng jag h\u00f6rde, \u00e5ret var\u00a01965 och den hade nyss\u00a0spelats in. Minns jag r\u00e4tt var det v\u00e5r kemil\u00e4rare i h\u00f6gstadiet p\u00e5 Graningeskolan, magister N, som spelade l\u00e5ten f\u00f6r oss. <span style=\"color: #ff0000;\"><strong><a style=\"color: #ff0000;\" href=\"https:\/\/www.youtube.com\/watch?v=qfZVu0alU0I\">Eve of destruction<\/a><\/strong><\/span> med Barry McGuire. Hemma hade vi ingen skivspelare \u00e4n och vi hade inte f\u00f6rs\u00f6kt\u00a0lyssna p\u00e5 Radio Luxenbourg.<\/p>\n<p>F\u00f6r mig blev l\u00e5ten intr\u00e4det till den ungdomskultur som v\u00e4xte fram. Snart b\u00f6rjade jag gilla\u00a0Dylan, Beatles, Stones och alla de andra men Barry och magister N var f\u00f6rst. Lustigt att just han startade det (om jag nu minns r\u00e4tt). Den g\u00e5ngen hade vi fortfarande morgonsamlingar i skolan och n\u00e4r det var N:s tur spelade han Eve of destruction.<\/p>\n<p>Alla de andra brukade v\u00e4lja kristna s\u00e5nger.\u00a0B\u00e4rbar skivspelare i katedern inf\u00f6r oss alla p\u00e5 skolan, kort ber\u00e4ttelse att starta\u00a0dagen med. Ibland kom det en pastor.<\/p>\n<p>I dag minns jag bara inte varf\u00f6r. Varf\u00f6r spelade han den?<\/p>\n<p><strong>Brylcreme och st\u00e5lkam<br \/>\n<\/strong>Jag var pirrig\u00a0n\u00e4r jag kom till denna fr\u00e4mmande milj\u00f6. Molkom var t\u00e4tort f\u00f6r hela den lilla kommunen. Asfalterade gator, killar och tjejer i k\u00f6\u00a0vid Pressbyr\u00e5n f\u00f6r att k\u00f6pa godis och Bildjournalen.<\/p>\n<p>Magister N. Honom hade vi respekt f\u00f6r, men b\u00e5de vi och de andra klasserna l\u00e4rde oss snabbt hur vi skulle svara p\u00e5 fr\u00e5gorna han sl\u00e4ngde ut. Alla fr\u00e5gor samma svar:<br \/>\n&#8211; Det \u00e4r en kemisk reaktion, magistern\u2026 svarade vi, till synes troskyldigt.<br \/>\n&#8211; Det \u00e4r r\u00e4tt, Sven-Ove, sa han. Sedan fyllde han sj\u00e4lv i resten av svaret. J\u00e4rnet reagerar med syret i vattnet och d\u00e5 bildas j\u00e4rnoxid. Rost. Eller vad fr\u00e5gan nu g\u00e4llde.<\/p>\n<p>R\u00e4dd var jag. \u00c5ka buss till h\u00f6gstadiet och sjunde klass. Brylcreme i h\u00e5ret, tjusarlock och st\u00e5lkammad bena varje morgon, varje rast. Efter en termin s\u00e5g ungdomskulturen till att brylcremen f\u00f6rsvann och h\u00e5ret fick v\u00e4xa fritt. S\u00e5 fort gick det. N\u00e4sta jul fick jag en b\u00e4rbar rullbandspelare, en dyr sak f\u00f6r familjen.<\/p>\n<p>R\u00e4dd f\u00f6r det fr\u00e4mmande.<\/p>\n<p><strong>Barnen \u00e4r r\u00e4dda f\u00f6r flygplan<br \/>\n<\/strong>I dag t\u00e4nker jag p\u00e5 en v\u00e4rre\u00a0r\u00e4dsla. Den som de medm\u00e4nniskor k\u00e4nt\u00a0som legat l\u00e4ngs v\u00e4garna i en m\u00e5nad f\u00f6r att komma till samma fr\u00e4mmande milj\u00f6, Graningeskolan, mot slutet av sin l\u00e5nga resa fr\u00e5n krigets Syrien. De kom h\u00e4rom natten. 79 stycken kom.<\/p>\n<p>Om detta finns mycket att skriva. I en intervju i V\u00e4rmlands Folkblad ber\u00e4ttar n\u00e5gra av dem varf\u00f6r de flytt. S\u00e5dana historier finns det m\u00e5nga p\u00e5 min forna skolg\u00e5rd och alla ber de om v\u00e5r medk\u00e4nsla. K\u00e4nner vi inte den \u00e4r vi inte m\u00e4nniskor:<\/p>\n<p style=\"padding-left: 30px;\"><em>Under natten mot onsdag kom s\u00e5 Jihan Karoo och Abdulla Ahmed med sina barn Ahmed och Helma till Graningeskolan i Molkom, liksom 75 personer till. De har flytt fr\u00e5n staden ar-Raqqah i Syrien, en stad d\u00e4r Isis regerar och d\u00e4r bombplan, raketer och d\u00f6dande \u00e4r vardag. Inte mycket fungerar i staden l\u00e4ngre, ber\u00e4ttar Jihan, som tidigare arbetade som engelskal\u00e4rare f\u00f6r l\u00e5gstadiebarn.<\/em><\/p>\n<p style=\"padding-left: 30px;\"><em>&#8211; Barn har inte kunnat g\u00e5 i skolan p\u00e5 fyra \u00e5r. Min pappa och tv\u00e5 av mina kusiner dog i en bilbomb f\u00f6r tre m\u00e5nader sedan. Det \u00e4r raketer och bombplan hela tiden och barnen \u00e4r v\u00e4ldigt r\u00e4dda n\u00e4r de h\u00f6r ljud av flygplan nu. Det \u00e4r s\u00e5 mycket folk som d\u00f6r. Alla som har lite pengar flyr. F\u00f6r barnens skull, f\u00f6r att ge dem ett tryggare liv, ber\u00e4ttar Jihan med tre och ett halvt-\u00e5riga dottern Helma i famnen.<\/em><\/p>\n<p style=\"padding-left: 30px;\"><em>Abdulla jobbade som brandman i Syrien. F\u00f6r 5 000 amerikanska dollar har familjen tagit sig via Turkiet till Grekland (med \u201dthe death boats\u201d ber\u00e4ttar de) och vidare upp genom Europa, till Sverige. F\u00f6r att i natt landa i Molkom, till Graningeskolan, d\u00e4r ideella krafter arbetat h\u00e5rt f\u00f6r att st\u00e4lla i ordning ett boende som kan husera ett 80-tal m\u00e4nniskor p\u00e5 flykt.<\/em><\/p>\n<p>De ber\u00e4ttelserna lever p\u00e5 min fruktade, \u00e4lskade Graningeskola n\u00e4r du l\u00e4ser detta. I dag \u00e4r skolan nedlagd men frivilliga h\u00e4nder och sinnen har byggt om byggnaderna till tillf\u00e4lligt boende f\u00f6r de som tvingats fly fr\u00e5n kriget. Jag \u00e4r stolt \u00f6ver de volont\u00e4rerna.<\/p>\n<p><strong>Det finns ett spr\u00e5k<br \/>\n<\/strong>En av de frivilliga heter Christina Ward. S\u00e5h\u00e4r ber\u00e4ttar hon i en <span style=\"color: #ff0000;\"><strong><a style=\"color: #ff0000;\" href=\"http:\/\/sverigesradio.se\/sida\/artikel.aspx?programid=93&amp;artikel=6262342\">intervju i P4 Radio V\u00e4rmland<\/a><\/strong><\/span>. Klicka och lyssna.<\/p>\n<p style=\"padding-left: 30px;\"><em>\u201dJag har just nu suttit med en fantastisk liten femm\u00e5naders flicka i famnen. Det finns ett spr\u00e5k och det \u00e4r leendet &#8211; och det pratar jag lika bra med sm\u00e5 bebisar som med stora. Det finns inget hinder f\u00f6r det. Jag k\u00e4nner mig s\u00e5 ber\u00f6rd och glad av att det finns s\u00e5 m\u00e5nga som vill hj\u00e4lpa till och st\u00f6tta en s\u00e5dan sj\u00e4lvklarhet. Och att de h\u00e4r gamla husen kom till anv\u00e4ndning, det hade ingen kunnat tro, s\u00e4ger Christina Ward.\u201d<\/em><\/p>\n<p>Det \u00e4r ett s\u00e5 vackert\u00a0spr\u00e5k som Christina beskriver. Leendet. Jag \u00e4r s\u00e5 glad \u00f6ver molkomsborna som p\u00e5 kort tid gjorde n\u00e5got nytt av min gamla skola. Det kallas g\u00e4stfrihet. Solidaritet.<\/p>\n<p>En klok kvinna med en femm\u00e5naders flicka i famnen. Ser du? Ser du leendet de delar, de tv\u00e5?<\/p>\n<p>Inte kan vi l\u00e5ta en s\u00e5dan v\u00e4rld f\u00f6rst\u00f6ras.<\/p>\n","protected":false},"excerpt":{"rendered":"<p>Jag tror det var den f\u00f6rsta protests\u00e5ng jag h\u00f6rde, \u00e5ret var\u00a01965 och den hade nyss\u00a0spelats in. Minns jag r\u00e4tt var det v\u00e5r kemil\u00e4rare i h\u00f6gstadiet p\u00e5 Graningeskolan, magister N, som spelade l\u00e5ten f\u00f6r oss. Eve of destruction med Barry McGuire. Hemma hade vi ingen skivspelare \u00e4n och vi hade inte f\u00f6rs\u00f6kt\u00a0lyssna p\u00e5 Radio Luxenbourg. F\u00f6r &hellip; <a href=\"https:\/\/sven-ove.nu\/?p=12981\" class=\"more-link\">Forts\u00e4tt l\u00e4sa <span class=\"screen-reader-text\">D\u00e4r har jag ocks\u00e5 varit r\u00e4dd<\/span><\/a><\/p>\n","protected":false},"author":1,"featured_media":0,"comment_status":"open","ping_status":"open","sticky":false,"template":"","format":"standard","meta":{"_crdt_document":"","_monsterinsights_skip_tracking":false,"_monsterinsights_sitenote_active":false,"_monsterinsights_sitenote_note":"","_monsterinsights_sitenote_category":0,"footnotes":""},"categories":[10,28,9],"tags":[8,24,14,17],"class_list":["post-12981","post","type-post","status-publish","format-standard","hentry","category-familjen","category-kreativt-folk","category-politik","tag-historia","tag-karlek","tag-lasning","tag-solidaritet"],"_links":{"self":[{"href":"https:\/\/sven-ove.nu\/index.php?rest_route=\/wp\/v2\/posts\/12981","targetHints":{"allow":["GET"]}}],"collection":[{"href":"https:\/\/sven-ove.nu\/index.php?rest_route=\/wp\/v2\/posts"}],"about":[{"href":"https:\/\/sven-ove.nu\/index.php?rest_route=\/wp\/v2\/types\/post"}],"author":[{"embeddable":true,"href":"https:\/\/sven-ove.nu\/index.php?rest_route=\/wp\/v2\/users\/1"}],"replies":[{"embeddable":true,"href":"https:\/\/sven-ove.nu\/index.php?rest_route=%2Fwp%2Fv2%2Fcomments&post=12981"}],"version-history":[{"count":22,"href":"https:\/\/sven-ove.nu\/index.php?rest_route=\/wp\/v2\/posts\/12981\/revisions"}],"predecessor-version":[{"id":13005,"href":"https:\/\/sven-ove.nu\/index.php?rest_route=\/wp\/v2\/posts\/12981\/revisions\/13005"}],"wp:attachment":[{"href":"https:\/\/sven-ove.nu\/index.php?rest_route=%2Fwp%2Fv2%2Fmedia&parent=12981"}],"wp:term":[{"taxonomy":"category","embeddable":true,"href":"https:\/\/sven-ove.nu\/index.php?rest_route=%2Fwp%2Fv2%2Fcategories&post=12981"},{"taxonomy":"post_tag","embeddable":true,"href":"https:\/\/sven-ove.nu\/index.php?rest_route=%2Fwp%2Fv2%2Ftags&post=12981"}],"curies":[{"name":"wp","href":"https:\/\/api.w.org\/{rel}","templated":true}]}}