{"id":13032,"date":"2015-09-30T03:00:26","date_gmt":"2015-09-30T02:00:26","guid":{"rendered":"http:\/\/sven-ove.nu\/?p=13032"},"modified":"2015-09-29T07:06:03","modified_gmt":"2015-09-29T06:06:03","slug":"13032","status":"publish","type":"post","link":"https:\/\/sven-ove.nu\/?p=13032","title":{"rendered":"Inget ser ut som vi tror"},"content":{"rendered":"<blockquote><p>Hur kan bergen vara bl\u00e5? Varenda gran \u00e4r ju gr\u00f6n, det vet minsta m\u00e4nniska. Hur kan sn\u00f6n vara rosa i solnedg\u00e5ngen och p\u00e5 v\u00e5rkv\u00e4llen murrigt Lars Lerin-gr\u00e5 eller brun?<\/p><\/blockquote>\n<p>Det dr\u00f6jde tills jag s\u00e5g en ungersk konstn\u00e4r i en tv-dokument\u00e4r, innan jag sakta b\u00f6rjade f\u00f6rst\u00e5 hur f\u00e4rgerna och v\u00e5ra f\u00f6rutfattade meningar lurar oss. Han samlade p\u00e5 gr\u00f6na nyanser, r\u00e4knade dem noga en efter en och f\u00f6rs\u00f6kte \u00e5terskapa.<\/p>\n<p>Han och konstn\u00e4ren Gustaf Fjaestad l\u00e4rde mig ana att allt inte \u00e4r vad vi tror. Sn\u00f6n \u00e4r bl\u00e5, sn\u00f6n \u00e4r gr\u00f6n, det \u00e4r klockan och ljuset som best\u00e4mmer. Varje g\u00e5ng jag kommer till Rackstadmuseet i kanten av Arvika hamnar jag framf\u00f6r hans tavla <strong>Livsg\u00e5tan<\/strong> fr\u00e5n 1919. P\u00e5 l\u00e5ngt h\u00e5ll h\u00f6r jag fotsp\u00e5ren knarra, p\u00e5 l\u00e4ra h\u00e5ll ser jag penselns arbete. D\u00e5 blir jag b\u00e5de avundsjuk och f\u00f6rskr\u00e4ckt. Inte f\u00f6r mitt liv kan jag f\u00f6rst\u00e5 hur Fjaestad kunde m\u00e5la den tavlan. Fotsp\u00e5ren knarrar men p\u00e5 n\u00e4ra h\u00e5ll ser m\u00e5lningen ut som om n\u00e5gon sl\u00e4ngt ut en liten sked gr\u00f6t i taget p\u00e5 duken, bit f\u00f6r bit. N\u00e5gra ljusa klickar, n\u00e5gra aningen m\u00f6rkare.<\/p>\n<p>Hur s\u00e5g han vad han gjorde? Han stod ju p\u00e5 n\u00e4ra h\u00e5ll. D\u00e4r ser du inget sn\u00f6landskap.<\/p>\n<p><strong>Se det du ser<br \/>\n<\/strong>En g\u00e5ng fick v\u00e5ra barn i uppgift att g\u00f6ra som ungraren, samla p\u00e5 gr\u00f6na nyanser. Jag skrev <strong><span style=\"color: #ff6600;\"><a style=\"color: #ff6600;\" href=\"https:\/\/sven-ove.nu\/?p=6162\">en radiokr\u00f6nika<\/a><\/span><\/strong> om det efter\u00e5t. 50 \u00f6re per gr\u00f6n nyans. De l\u00e4rde mig mycket den sommardagen, mellan v\u00e5rt Forshaga och \u00f6verhetens \u00e5krar d\u00e4r pappa varit barn.<\/p>\n<p><a href=\"https:\/\/sven-ove.nu\/wp-content\/uploads\/2015\/09\/Sn\u00f6n-knarrar.jpg\"><img loading=\"lazy\" decoding=\"async\" class=\"alignright size-medium wp-image-13037\" src=\"https:\/\/sven-ove.nu\/wp-content\/uploads\/2015\/09\/Sn\u00f6n-knarrar-225x300.jpg\" alt=\"Sn\u00f6n knarrar\" width=\"225\" height=\"300\" srcset=\"https:\/\/sven-ove.nu\/wp-content\/uploads\/2015\/09\/Sn\u00f6n-knarrar-225x300.jpg 225w, https:\/\/sven-ove.nu\/wp-content\/uploads\/2015\/09\/Sn\u00f6n-knarrar.jpg 480w\" sizes=\"auto, (max-width: 225px) 100vw, 225px\" \/><\/a>Bergen vid horisonten som vi s\u00e5g hemifr\u00e5n balkongen kallade vi De Bl\u00e5nande Bergen. Vi brukade grilla korv d\u00e4r, n\u00e4r vi hittat dit. P\u00e5 n\u00e4ra h\u00e5ll var de alltid gr\u00f6na och sn\u00f6n knarrade. Sakta kr\u00f6p Gustaf Fjaestad upp p\u00e5 min axel och h\u00f6ll f\u00f6redrag om ljuset och om m\u00e4nniskans blick. Se det du ser, inte det du tror att du ser. Inget ser ut som vi tror, varje konstn\u00e4r vet att det \u00e4r skillnad p\u00e5 l\u00e5ngt h\u00e5ll och n\u00e4ra.<\/p>\n<p>Det \u00e4r som med m\u00e4nniskor.<\/p>\n<p style=\"text-align: right;\"><em>Lilla bilden: Gustaf Fjaestads m\u00e5lning Livsg\u00e5tan.<\/em><br \/>\n<em>Stora bilden: samma m\u00e5lning, detalj.<\/em><\/p>\n","protected":false},"excerpt":{"rendered":"<p>Hur kan bergen vara bl\u00e5? Varenda gran \u00e4r ju gr\u00f6n, det vet minsta m\u00e4nniska. Hur kan sn\u00f6n vara rosa i solnedg\u00e5ngen och p\u00e5 v\u00e5rkv\u00e4llen murrigt Lars Lerin-gr\u00e5 eller brun? Det dr\u00f6jde tills jag s\u00e5g en ungersk konstn\u00e4r i en tv-dokument\u00e4r, innan jag sakta b\u00f6rjade f\u00f6rst\u00e5 hur f\u00e4rgerna och v\u00e5ra f\u00f6rutfattade meningar lurar oss. Han samlade &hellip; <a href=\"https:\/\/sven-ove.nu\/?p=13032\" class=\"more-link\">Forts\u00e4tt l\u00e4sa <span class=\"screen-reader-text\">Inget ser ut som vi tror<\/span><\/a><\/p>\n","protected":false},"author":1,"featured_media":13036,"comment_status":"open","ping_status":"open","sticky":false,"template":"","format":"standard","meta":{"_crdt_document":"","_monsterinsights_skip_tracking":false,"_monsterinsights_sitenote_active":false,"_monsterinsights_sitenote_note":"","_monsterinsights_sitenote_category":0,"footnotes":""},"categories":[28],"tags":[18],"class_list":["post-13032","post","type-post","status-publish","format-standard","has-post-thumbnail","hentry","category-kreativt-folk","tag-lardomar"],"_links":{"self":[{"href":"https:\/\/sven-ove.nu\/index.php?rest_route=\/wp\/v2\/posts\/13032","targetHints":{"allow":["GET"]}}],"collection":[{"href":"https:\/\/sven-ove.nu\/index.php?rest_route=\/wp\/v2\/posts"}],"about":[{"href":"https:\/\/sven-ove.nu\/index.php?rest_route=\/wp\/v2\/types\/post"}],"author":[{"embeddable":true,"href":"https:\/\/sven-ove.nu\/index.php?rest_route=\/wp\/v2\/users\/1"}],"replies":[{"embeddable":true,"href":"https:\/\/sven-ove.nu\/index.php?rest_route=%2Fwp%2Fv2%2Fcomments&post=13032"}],"version-history":[{"count":5,"href":"https:\/\/sven-ove.nu\/index.php?rest_route=\/wp\/v2\/posts\/13032\/revisions"}],"predecessor-version":[{"id":13039,"href":"https:\/\/sven-ove.nu\/index.php?rest_route=\/wp\/v2\/posts\/13032\/revisions\/13039"}],"wp:featuredmedia":[{"embeddable":true,"href":"https:\/\/sven-ove.nu\/index.php?rest_route=\/wp\/v2\/media\/13036"}],"wp:attachment":[{"href":"https:\/\/sven-ove.nu\/index.php?rest_route=%2Fwp%2Fv2%2Fmedia&parent=13032"}],"wp:term":[{"taxonomy":"category","embeddable":true,"href":"https:\/\/sven-ove.nu\/index.php?rest_route=%2Fwp%2Fv2%2Fcategories&post=13032"},{"taxonomy":"post_tag","embeddable":true,"href":"https:\/\/sven-ove.nu\/index.php?rest_route=%2Fwp%2Fv2%2Ftags&post=13032"}],"curies":[{"name":"wp","href":"https:\/\/api.w.org\/{rel}","templated":true}]}}