{"id":13040,"date":"2015-10-02T03:00:48","date_gmt":"2015-10-02T02:00:48","guid":{"rendered":"http:\/\/sven-ove.nu\/?p=13040"},"modified":"2015-09-30T17:08:01","modified_gmt":"2015-09-30T16:08:01","slug":"kohornet-och-minnena","status":"publish","type":"post","link":"https:\/\/sven-ove.nu\/?p=13040","title":{"rendered":"Kohornet och minnena"},"content":{"rendered":"<blockquote><p>Vi st\u00e4dar komposten och garaget, f\u00e5r ihop en halv sl\u00e4pk\u00e4rra. D\u00e5 ligger det d\u00e4r. Kohornet. V\u00e4nta, sl\u00e4ng inte kohornet.<\/p><\/blockquote>\n<p>Dofter s\u00e4tter ig\u00e5ng minnet, s\u00e4ger folk. Jag vet men det g\u00f6r saker med. Bara inte kohornet. Jag har ingen aning om vad det har f\u00f6r historia. Vem i hela v\u00e4rlden har detta horn suttit p\u00e5? Hade hon ett bra liv innan det bara var hornet kvar?<\/p>\n<p>Eller han.<\/p>\n<p>Vi hade kor n\u00e4r jag var barn. En g\u00e5ng rymde en kalv och var borta i fyra dagar, vill minnas att det sn\u00f6ade. Hon v\u00e4xte aldrig riktigt till sig efter det men pappa beh\u00f6ll henne, en kvigornas eget halvoriginal. Sm\u00e5b\u00f6nder gjorde s\u00e5 ibland, den g\u00e5ngen.<\/p>\n<p><strong>Kloka djur<br \/>\n<\/strong>Tror du kor \u00e4r dumma s\u00e5 tror du fel. Hon som var borta i fyra dagar kom tillbaka och hade inte d\u00f6tt det minsta d\u00e4r ute i kylan.<\/p>\n<p>Klokaste kon fick en sk\u00e4lla runt halsen. Ett tag hade vi betet p\u00e5 en in\u00e4ga en bit bort. Varje morgon gick korna p\u00e5 led f\u00f6rbi v\u00e5ra n\u00e4rmare \u00e5krar och in i skogen, f\u00f6ljde en kostig mellan granarna, tv\u00e4rs \u00f6ver en liten dal och sm\u00e5ningom ut p\u00e5 betesvallen. D\u00e4r tillbringade de dagen innan det var dags att g\u00e5 hem och bli mj\u00f6lkade. Sk\u00e4llkon i t\u00e4ten, alla f\u00f6ljde och hon hittade. S\u00e4g mig den ko som inte finner sitt eget b\u00e5s i ladug\u00e5rden, jag har aldrig sett n\u00e5gon.<\/p>\n<p>N\u00e4sta morgon samma ritual. Morgonmj\u00f6lkning och efter det en st\u00e4rkande 700-meters promenad till betet. Ingen gick vilse.<\/p>\n<p><strong>G\u00e5r p\u00e5 h\u00f6jdkurvan<br \/>\n<\/strong>Kohornets historia vet jag inte. Det satte ig\u00e5ng minnen \u00e4nd\u00e5. Jag vet vem som \u00e4gde det f\u00f6re mig, jag vet att det var n\u00e5gon sorts st\u00e4llning till och att det m\u00f6jligen gick att st\u00e4lla saker i det. Blommor kanske?<\/p>\n<p>Sl\u00e4ng inte hornet. Ett kohorn \u00e4r alltid bra att ha. N\u00e4r allt annat \u00e4r gl\u00f6mt s\u00e5 kommer det att hj\u00e4lpa mig minnas den vandring v\u00e5r lilla koflock gjorde bort till in\u00e4gan bakom skogen.<\/p>\n<p>Det \u00e4r n\u00e5got s\u00e4rskilt med kostigar. Kor g\u00e5r helst p\u00e5 h\u00f6jdkurvan, inget on\u00f6digt sl\u00f6seri med krafterna n\u00e4r de ska f\u00f6rflytta sig.<\/p>\n<p><strong>Hoppar j\u00e4mfota<br \/>\n<\/strong>Jag har inget emot kosl\u00e4pp. Det \u00e4r bra att moderna tiders barn f\u00e5r se levande djur och l\u00e4ra sig varifr\u00e5n maten kommer. Den kommer inte fr\u00e5n en kyldisk. Mat kommer ur en bondes hand.<\/p>\n<p><a href=\"https:\/\/sven-ove.nu\/wp-content\/uploads\/2015\/10\/Dansande-ko.jpg\"><img loading=\"lazy\" decoding=\"async\" class=\"alignright size-medium wp-image-13044\" src=\"https:\/\/sven-ove.nu\/wp-content\/uploads\/2015\/10\/Dansande-ko-208x300.jpg\" alt=\"Dansande ko\" width=\"208\" height=\"300\" srcset=\"https:\/\/sven-ove.nu\/wp-content\/uploads\/2015\/10\/Dansande-ko-208x300.jpg 208w, https:\/\/sven-ove.nu\/wp-content\/uploads\/2015\/10\/Dansande-ko-710x1024.jpg 710w, https:\/\/sven-ove.nu\/wp-content\/uploads\/2015\/10\/Dansande-ko.jpg 1010w\" sizes=\"auto, (max-width: 208px) 100vw, 208px\" \/><\/a>Sj\u00e4lva s\u00e5g vi spralliga kor varje v\u00e5r. D\u00e5 vet du hur mycket hopp och lek det finns i en 600-kilos mj\u00f6lkko n\u00e4r lag\u00e5rdsd\u00f6rren \u00f6ppnas f\u00f6rsta g\u00e5ngen i maj. Glad som en kalv p\u00e5 gr\u00f6nbete, det uttrycket \u00e4r bara halva sanningen. En stor klumpig ko kan vara minst lika yster. \u201dKlumpig\u201d? Aldrig den stunden, h\u00e4r ska hoppas j\u00e4mfota.<\/p>\n<p>Tjoho tjoho, h\u00e4r jumpar en ko.<\/p>\n","protected":false},"excerpt":{"rendered":"<p>Vi st\u00e4dar komposten och garaget, f\u00e5r ihop en halv sl\u00e4pk\u00e4rra. D\u00e5 ligger det d\u00e4r. Kohornet. V\u00e4nta, sl\u00e4ng inte kohornet. Dofter s\u00e4tter ig\u00e5ng minnet, s\u00e4ger folk. Jag vet men det g\u00f6r saker med. Bara inte kohornet. Jag har ingen aning om vad det har f\u00f6r historia. Vem i hela v\u00e4rlden har detta horn suttit p\u00e5? Hade &hellip; <a href=\"https:\/\/sven-ove.nu\/?p=13040\" class=\"more-link\">Forts\u00e4tt l\u00e4sa <span class=\"screen-reader-text\">Kohornet och minnena<\/span><\/a><\/p>\n","protected":false},"author":1,"featured_media":13043,"comment_status":"open","ping_status":"open","sticky":false,"template":"","format":"standard","meta":{"_crdt_document":"","_monsterinsights_skip_tracking":false,"_monsterinsights_sitenote_active":false,"_monsterinsights_sitenote_note":"","_monsterinsights_sitenote_category":0,"footnotes":""},"categories":[10],"tags":[8,18],"class_list":["post-13040","post","type-post","status-publish","format-standard","has-post-thumbnail","hentry","category-familjen","tag-historia","tag-lardomar"],"_links":{"self":[{"href":"https:\/\/sven-ove.nu\/index.php?rest_route=\/wp\/v2\/posts\/13040","targetHints":{"allow":["GET"]}}],"collection":[{"href":"https:\/\/sven-ove.nu\/index.php?rest_route=\/wp\/v2\/posts"}],"about":[{"href":"https:\/\/sven-ove.nu\/index.php?rest_route=\/wp\/v2\/types\/post"}],"author":[{"embeddable":true,"href":"https:\/\/sven-ove.nu\/index.php?rest_route=\/wp\/v2\/users\/1"}],"replies":[{"embeddable":true,"href":"https:\/\/sven-ove.nu\/index.php?rest_route=%2Fwp%2Fv2%2Fcomments&post=13040"}],"version-history":[{"count":3,"href":"https:\/\/sven-ove.nu\/index.php?rest_route=\/wp\/v2\/posts\/13040\/revisions"}],"predecessor-version":[{"id":13045,"href":"https:\/\/sven-ove.nu\/index.php?rest_route=\/wp\/v2\/posts\/13040\/revisions\/13045"}],"wp:featuredmedia":[{"embeddable":true,"href":"https:\/\/sven-ove.nu\/index.php?rest_route=\/wp\/v2\/media\/13043"}],"wp:attachment":[{"href":"https:\/\/sven-ove.nu\/index.php?rest_route=%2Fwp%2Fv2%2Fmedia&parent=13040"}],"wp:term":[{"taxonomy":"category","embeddable":true,"href":"https:\/\/sven-ove.nu\/index.php?rest_route=%2Fwp%2Fv2%2Fcategories&post=13040"},{"taxonomy":"post_tag","embeddable":true,"href":"https:\/\/sven-ove.nu\/index.php?rest_route=%2Fwp%2Fv2%2Ftags&post=13040"}],"curies":[{"name":"wp","href":"https:\/\/api.w.org\/{rel}","templated":true}]}}