{"id":13046,"date":"2015-10-01T03:00:51","date_gmt":"2015-10-01T02:00:51","guid":{"rendered":"http:\/\/sven-ove.nu\/?p=13046"},"modified":"2015-10-02T06:09:30","modified_gmt":"2015-10-02T05:09:30","slug":"slaktmiddag-hos-jimmie-a","status":"publish","type":"post","link":"https:\/\/sven-ove.nu\/?p=13046","title":{"rendered":"Sl\u00e4ktmiddag hos Jimmie \u00c5"},"content":{"rendered":"<p><a href=\"https:\/\/sven-ove.nu\/wp-content\/uploads\/2015\/10\/Sv\u00e4rmor-l\u00e4mnar-SD.jpg\"><img loading=\"lazy\" decoding=\"async\" class=\"size-full wp-image-13056 alignnone\" src=\"https:\/\/sven-ove.nu\/wp-content\/uploads\/2015\/10\/Sv\u00e4rmor-l\u00e4mnar-SD.jpg\" alt=\"Sv\u00e4rmor l\u00e4mnar SD\" width=\"645\" height=\"563\" srcset=\"https:\/\/sven-ove.nu\/wp-content\/uploads\/2015\/10\/Sv\u00e4rmor-l\u00e4mnar-SD.jpg 645w, https:\/\/sven-ove.nu\/wp-content\/uploads\/2015\/10\/Sv\u00e4rmor-l\u00e4mnar-SD-300x262.jpg 300w\" sizes=\"auto, (max-width: 645px) 100vw, 645px\" \/><\/a><\/p>\n<p>&nbsp;<\/p>\n<blockquote><p>Jaha. D\u00e5 vet vi det. SD \u00e4r inte en f\u00f6rkortning f\u00f6r Sv\u00e4rmorsdr\u00f6mmarna.<\/p><\/blockquote>\n<p>Men en undrar ju hur sl\u00e4ktmiddagarna kommer att l\u00e5ta hemma hos Jimmie \u00c5kesson i framtiden? Nu n\u00e4r hans sv\u00e4rmor hoppar av SD och blir politisk vilde i riksdagen.<br \/>\n&#8211; Ta lite mindre bruns\u00e5s, sv\u00e4rmor.<br \/>\n&#8211; Du menar mer, va?<br \/>\n&#8211; \u00c5, du \u00e4r s\u00e5 vild, Margareta.<br \/>\n&#8211; Smickrare d\u00e4r. T\u00e4nk om en vore lite yngre.<br \/>\n&#8211; Nej det \u00e4r uteslutet. Det \u00e4r s\u00e5 vi g\u00f6r h\u00e4r. Helt <span style=\"color: #993300;\"><a style=\"color: #993300;\" href=\"https:\/\/www.interasistmen.se\/granskning\/sd-utesluter-sdu-och-slacker-deras-hemsida-totalt-kaos-efter-valet-av-nu-sdu-ordforande\/\">uteslutet<\/a><\/span>.<\/p>\n<p><strong>L\u00e4nk:<br \/>\n<\/strong><span style=\"color: #993300;\"><a style=\"color: #993300;\" href=\"http:\/\/www.expressen.se\/nyheter\/jimmie-akessons-svarmor-lamnar-partiet\/\">Expressen: Jimmie \u00c5kessons sv\u00e4rmor l\u00e4mnar partiet<\/a><\/span><\/p>\n","protected":false},"excerpt":{"rendered":"<p>&nbsp; Jaha. D\u00e5 vet vi det. SD \u00e4r inte en f\u00f6rkortning f\u00f6r Sv\u00e4rmorsdr\u00f6mmarna. Men en undrar ju hur sl\u00e4ktmiddagarna kommer att l\u00e5ta hemma hos Jimmie \u00c5kesson i framtiden? Nu n\u00e4r hans sv\u00e4rmor hoppar av SD och blir politisk vilde i riksdagen. &#8211; Ta lite mindre bruns\u00e5s, sv\u00e4rmor. &#8211; Du menar mer, va? &#8211; \u00c5, du &hellip; <a href=\"https:\/\/sven-ove.nu\/?p=13046\" class=\"more-link\">Forts\u00e4tt l\u00e4sa <span class=\"screen-reader-text\">Sl\u00e4ktmiddag hos Jimmie \u00c5<\/span><\/a><\/p>\n","protected":false},"author":1,"featured_media":0,"comment_status":"open","ping_status":"open","sticky":false,"template":"","format":"standard","meta":{"_crdt_document":"","_monsterinsights_skip_tracking":false,"_monsterinsights_sitenote_active":false,"_monsterinsights_sitenote_note":"","_monsterinsights_sitenote_category":0,"footnotes":""},"categories":[9],"tags":[16],"class_list":["post-13046","post","type-post","status-publish","format-standard","hentry","category-politik","tag-dumheter"],"_links":{"self":[{"href":"https:\/\/sven-ove.nu\/index.php?rest_route=\/wp\/v2\/posts\/13046","targetHints":{"allow":["GET"]}}],"collection":[{"href":"https:\/\/sven-ove.nu\/index.php?rest_route=\/wp\/v2\/posts"}],"about":[{"href":"https:\/\/sven-ove.nu\/index.php?rest_route=\/wp\/v2\/types\/post"}],"author":[{"embeddable":true,"href":"https:\/\/sven-ove.nu\/index.php?rest_route=\/wp\/v2\/users\/1"}],"replies":[{"embeddable":true,"href":"https:\/\/sven-ove.nu\/index.php?rest_route=%2Fwp%2Fv2%2Fcomments&post=13046"}],"version-history":[{"count":15,"href":"https:\/\/sven-ove.nu\/index.php?rest_route=\/wp\/v2\/posts\/13046\/revisions"}],"predecessor-version":[{"id":13064,"href":"https:\/\/sven-ove.nu\/index.php?rest_route=\/wp\/v2\/posts\/13046\/revisions\/13064"}],"wp:attachment":[{"href":"https:\/\/sven-ove.nu\/index.php?rest_route=%2Fwp%2Fv2%2Fmedia&parent=13046"}],"wp:term":[{"taxonomy":"category","embeddable":true,"href":"https:\/\/sven-ove.nu\/index.php?rest_route=%2Fwp%2Fv2%2Fcategories&post=13046"},{"taxonomy":"post_tag","embeddable":true,"href":"https:\/\/sven-ove.nu\/index.php?rest_route=%2Fwp%2Fv2%2Ftags&post=13046"}],"curies":[{"name":"wp","href":"https:\/\/api.w.org\/{rel}","templated":true}]}}