{"id":13065,"date":"2015-10-05T03:00:33","date_gmt":"2015-10-05T02:00:33","guid":{"rendered":"http:\/\/sven-ove.nu\/?p=13065"},"modified":"2015-10-02T09:33:02","modified_gmt":"2015-10-02T08:33:02","slug":"vilken-kladkod-galler-infor-klippduvans-slaktingar","status":"publish","type":"post","link":"https:\/\/sven-ove.nu\/?p=13065","title":{"rendered":"Vilken kl\u00e4dkod g\u00e4ller inf\u00f6r klippduvans sl\u00e4ktingar?"},"content":{"rendered":"<p><a href=\"https:\/\/sven-ove.nu\/wp-content\/uploads\/2015\/10\/Gr\u00e4sand.jpg\"><img loading=\"lazy\" decoding=\"async\" class=\"alignright size-full wp-image-13067\" src=\"https:\/\/sven-ove.nu\/wp-content\/uploads\/2015\/10\/Gr\u00e4sand.jpg\" alt=\"Gr\u00e4sand\" width=\"640\" height=\"480\" srcset=\"https:\/\/sven-ove.nu\/wp-content\/uploads\/2015\/10\/Gr\u00e4sand.jpg 640w, https:\/\/sven-ove.nu\/wp-content\/uploads\/2015\/10\/Gr\u00e4sand-300x225.jpg 300w\" sizes=\"auto, (max-width: 640px) 100vw, 640px\" \/><\/a><\/p>\n<p style=\"padding-left: 30px;\"><em>Denna \u00e4r inte n\u00e4ra sl\u00e4kt med n\u00e5gon klippduva.<\/em><\/p>\n<p>Han deltog i arbetsm\u00f6tet med samma sj\u00e4lvklarhet som bara den f\u00e5r, som vet att det \u00e4r fjorton veckor kvar tills rummet ska st\u00e4das ut och en f\u00e4rsk eftertr\u00e4dare ta \u00f6ver.<\/p>\n<p>Det h\u00e4r \u00e4r en viktig fr\u00e5ga, sa han. Hur t\u00e4nker ni andra?<\/p>\n<p>P\u00e5 andra sidan f\u00f6nstren till det lilla konferensrummet p\u00e5gick ett annat liv. D\u00e4r ute skulle han vara f\u00e4rsk. Undrar vad det \u00e4r f\u00f6r kl\u00e4dkod bland folk som matar duvor, t\u00e4nkte han och log tyst f\u00f6r sig sj\u00e4lv.<\/p>\n<p>Vem best\u00e4mmer?<\/p>\n<p><em># Du f\u00e5r inte stila och sitta p\u00e5 parkb\u00e4nkarna och tr\u00e5ka ut tanterna med att tamduvan h\u00e4rstammar fr\u00e5n klippduvan som\u2026 eller att svenska tamduvor kommer fr\u00e5n domesticerade f\u00e5glar som flugit vilse, flytt eller sl\u00e4ppts.<br \/>\n<\/em><em># G\u00f6r\u2019t inte.<br \/>\n<\/em><em># Stilla dig. Stila inte. Folk i parker \u00e4r lika l\u00e4skunniga som du.<\/em><\/p>\n","protected":false},"excerpt":{"rendered":"<p>Denna \u00e4r inte n\u00e4ra sl\u00e4kt med n\u00e5gon klippduva. Han deltog i arbetsm\u00f6tet med samma sj\u00e4lvklarhet som bara den f\u00e5r, som vet att det \u00e4r fjorton veckor kvar tills rummet ska st\u00e4das ut och en f\u00e4rsk eftertr\u00e4dare ta \u00f6ver. Det h\u00e4r \u00e4r en viktig fr\u00e5ga, sa han. Hur t\u00e4nker ni andra? P\u00e5 andra sidan f\u00f6nstren till &hellip; <a href=\"https:\/\/sven-ove.nu\/?p=13065\" class=\"more-link\">Forts\u00e4tt l\u00e4sa <span class=\"screen-reader-text\">Vilken kl\u00e4dkod g\u00e4ller inf\u00f6r klippduvans sl\u00e4ktingar?<\/span><\/a><\/p>\n","protected":false},"author":1,"featured_media":0,"comment_status":"open","ping_status":"open","sticky":false,"template":"","format":"standard","meta":{"_crdt_document":"","_monsterinsights_skip_tracking":false,"_monsterinsights_sitenote_active":false,"_monsterinsights_sitenote_note":"","_monsterinsights_sitenote_category":0,"footnotes":""},"categories":[6],"tags":[3,20],"class_list":["post-13065","post","type-post","status-publish","format-standard","hentry","category-natur","tag-arbete","tag-rad"],"_links":{"self":[{"href":"https:\/\/sven-ove.nu\/index.php?rest_route=\/wp\/v2\/posts\/13065","targetHints":{"allow":["GET"]}}],"collection":[{"href":"https:\/\/sven-ove.nu\/index.php?rest_route=\/wp\/v2\/posts"}],"about":[{"href":"https:\/\/sven-ove.nu\/index.php?rest_route=\/wp\/v2\/types\/post"}],"author":[{"embeddable":true,"href":"https:\/\/sven-ove.nu\/index.php?rest_route=\/wp\/v2\/users\/1"}],"replies":[{"embeddable":true,"href":"https:\/\/sven-ove.nu\/index.php?rest_route=%2Fwp%2Fv2%2Fcomments&post=13065"}],"version-history":[{"count":3,"href":"https:\/\/sven-ove.nu\/index.php?rest_route=\/wp\/v2\/posts\/13065\/revisions"}],"predecessor-version":[{"id":13069,"href":"https:\/\/sven-ove.nu\/index.php?rest_route=\/wp\/v2\/posts\/13065\/revisions\/13069"}],"wp:attachment":[{"href":"https:\/\/sven-ove.nu\/index.php?rest_route=%2Fwp%2Fv2%2Fmedia&parent=13065"}],"wp:term":[{"taxonomy":"category","embeddable":true,"href":"https:\/\/sven-ove.nu\/index.php?rest_route=%2Fwp%2Fv2%2Fcategories&post=13065"},{"taxonomy":"post_tag","embeddable":true,"href":"https:\/\/sven-ove.nu\/index.php?rest_route=%2Fwp%2Fv2%2Ftags&post=13065"}],"curies":[{"name":"wp","href":"https:\/\/api.w.org\/{rel}","templated":true}]}}