{"id":13070,"date":"2015-10-03T03:00:33","date_gmt":"2015-10-03T02:00:33","guid":{"rendered":"http:\/\/sven-ove.nu\/?p=13070"},"modified":"2015-10-02T09:32:07","modified_gmt":"2015-10-02T08:32:07","slug":"inte-riktigt-klokt","status":"publish","type":"post","link":"https:\/\/sven-ove.nu\/?p=13070","title":{"rendered":"Inte riktigt klokt"},"content":{"rendered":"<p>Jag har jobbat p\u00e5 flera tidningar, tidigare i livet. \u00c4ven p\u00e5 Nya Wermlands-Tidningen. Det var en intressant tid och jag har goda v\u00e4nner p\u00e5 redaktionen, \u00e4ven om jag inte \u00e4r \u00f6verens med ledarsidan.<\/p>\n<p>Nu har tre personer i \u00e4garfamiljen bett att f\u00e5 g\u00f6ra avdrag f\u00f6r larm i hemmen. En av dem f\u00f6re detta chefredakt\u00f6r, en f\u00f6re detta vd. De nekas avdraget.<\/p>\n<p>Har familjen Ander r\u00e5d att bygga nytt tidningshus f\u00f6r en halv miljard f\u00f6r ett antal \u00e5r sedan s\u00e5 har de r\u00e5d att betala sina hemlarm. Det \u00e4r sant. Fast saken \u00e4r inte riktigt s\u00e5 enkel. Ett hot mot en publicist \u00e4r ett hot mot demokratins k\u00e4rna och hotbilden har funnits.<\/p>\n<p>Det \u00e4r viktigt att betala skatt. Det \u00e4r lika viktigt att skattesystemet \u00e4r klokt.<\/p>\n<p>Att neka publicister skydd \u00e4r inte riktigt klokt.<\/p>\n","protected":false},"excerpt":{"rendered":"<p>Jag har jobbat p\u00e5 flera tidningar, tidigare i livet. \u00c4ven p\u00e5 Nya Wermlands-Tidningen. Det var en intressant tid och jag har goda v\u00e4nner p\u00e5 redaktionen, \u00e4ven om jag inte \u00e4r \u00f6verens med ledarsidan. Nu har tre personer i \u00e4garfamiljen bett att f\u00e5 g\u00f6ra avdrag f\u00f6r larm i hemmen. En av dem f\u00f6re detta chefredakt\u00f6r, en &hellip; <a href=\"https:\/\/sven-ove.nu\/?p=13070\" class=\"more-link\">Forts\u00e4tt l\u00e4sa <span class=\"screen-reader-text\">Inte riktigt klokt<\/span><\/a><\/p>\n","protected":false},"author":1,"featured_media":0,"comment_status":"open","ping_status":"open","sticky":false,"template":"","format":"standard","meta":{"_crdt_document":"","_monsterinsights_skip_tracking":false,"_monsterinsights_sitenote_active":false,"_monsterinsights_sitenote_note":"","_monsterinsights_sitenote_category":0,"footnotes":""},"categories":[9,4],"tags":[16,15,20],"class_list":["post-13070","post","type-post","status-publish","format-standard","hentry","category-politik","category-skrivande","tag-dumheter","tag-mediedjungeln","tag-rad"],"_links":{"self":[{"href":"https:\/\/sven-ove.nu\/index.php?rest_route=\/wp\/v2\/posts\/13070","targetHints":{"allow":["GET"]}}],"collection":[{"href":"https:\/\/sven-ove.nu\/index.php?rest_route=\/wp\/v2\/posts"}],"about":[{"href":"https:\/\/sven-ove.nu\/index.php?rest_route=\/wp\/v2\/types\/post"}],"author":[{"embeddable":true,"href":"https:\/\/sven-ove.nu\/index.php?rest_route=\/wp\/v2\/users\/1"}],"replies":[{"embeddable":true,"href":"https:\/\/sven-ove.nu\/index.php?rest_route=%2Fwp%2Fv2%2Fcomments&post=13070"}],"version-history":[{"count":2,"href":"https:\/\/sven-ove.nu\/index.php?rest_route=\/wp\/v2\/posts\/13070\/revisions"}],"predecessor-version":[{"id":13072,"href":"https:\/\/sven-ove.nu\/index.php?rest_route=\/wp\/v2\/posts\/13070\/revisions\/13072"}],"wp:attachment":[{"href":"https:\/\/sven-ove.nu\/index.php?rest_route=%2Fwp%2Fv2%2Fmedia&parent=13070"}],"wp:term":[{"taxonomy":"category","embeddable":true,"href":"https:\/\/sven-ove.nu\/index.php?rest_route=%2Fwp%2Fv2%2Fcategories&post=13070"},{"taxonomy":"post_tag","embeddable":true,"href":"https:\/\/sven-ove.nu\/index.php?rest_route=%2Fwp%2Fv2%2Ftags&post=13070"}],"curies":[{"name":"wp","href":"https:\/\/api.w.org\/{rel}","templated":true}]}}