{"id":13146,"date":"2015-10-19T03:00:46","date_gmt":"2015-10-19T02:00:46","guid":{"rendered":"http:\/\/sven-ove.nu\/?p=13146"},"modified":"2015-10-19T22:34:29","modified_gmt":"2015-10-19T21:34:29","slug":"uppjagad-i-en-gran-av-sjovilda-vildsvin","status":"publish","type":"post","link":"https:\/\/sven-ove.nu\/?p=13146","title":{"rendered":"Uppjagad i en gran av sj\u00f6vilda vildsvin"},"content":{"rendered":"<p><a href=\"https:\/\/sven-ove.nu\/wp-content\/uploads\/2015\/10\/Gr\u00e4sv\u00e4g.jpg\"><img loading=\"lazy\" decoding=\"async\" class=\"size-large wp-image-13150 alignnone\" src=\"https:\/\/sven-ove.nu\/wp-content\/uploads\/2015\/10\/Gr\u00e4sv\u00e4g-1024x768.jpg\" alt=\"Gr\u00e4sv\u00e4g\" width=\"660\" height=\"495\" srcset=\"https:\/\/sven-ove.nu\/wp-content\/uploads\/2015\/10\/Gr\u00e4sv\u00e4g-1024x768.jpg 1024w, https:\/\/sven-ove.nu\/wp-content\/uploads\/2015\/10\/Gr\u00e4sv\u00e4g-300x225.jpg 300w, https:\/\/sven-ove.nu\/wp-content\/uploads\/2015\/10\/Gr\u00e4sv\u00e4g.jpg 1632w\" sizes=\"auto, (max-width: 660px) 100vw, 660px\" \/><\/a><\/p>\n<p style=\"padding-left: 30px;\"><em>Arkivbild fr\u00e5n ett annat st\u00e4lle, innan<\/em>.<\/p>\n<p>I g\u00e5r skulle jag ha sprungit min nya l\u00e5nga runda, den bortom Kr\u00e4vande\u00a0Backen, Bl\u00e5nande Utsikten och Sv\u00e5rhittade Stigen. Kroppen beh\u00f6vde en l\u00e5ngtur och det var en s\u00e5 fin dag. Mitt i utf\u00f6rsl\u00f6pan d\u00e4r jag fotograferade Jungfru Marie Nycklar i somras skulle jag ha rusat rakt in bland dem. Den griniga flocken nyinflyttade vildsvin fr\u00e5n Deje.<\/p>\n<p>Rusa aldrig in i s\u00e5dana medtrafikanter i livets utf\u00f6rsl\u00f6por. De har ingen humor n\u00e4r de sj\u00e4lva \u00e4r p\u00e5 v\u00e4g upp\u00e5t. Galtarna \u00e4r svarta och betarna gula, ungarna \u00e4r snabba som unge herr Bolt och suggorna \u00e4r allt det d\u00e4r tillsammans samt galna morm\u00f6drar.<\/p>\n<p><strong>Fantastiska bilder<br \/>\n<\/strong>Som tur \u00e4r v\u00e4xer det h\u00f6gstammig granskog p\u00e5 trakten. En av de granarna skulle jag ha f\u00e5tt stamkl\u00e4ttra upp i, fort och vigt som om jag fortfarande varit elva \u00e5r. Bra h\u00f6gt upp skulle jag ha hittat en n\u00e5gorlunda stark gren, satt mig p\u00e5 den och halat fram mobilen. Den skulle jag f\u00f6rst ha filmat flocken med. Fina dramatiska bilder, st\u00f6rsta galten skulle ha st\u00e5tt p\u00e5 tv\u00e5 ben och k\u00f6rt sina arga betar i granstammen, g\u00e5ng p\u00e5 g\u00e5ng. Suggorna skulle ha grymtat grymt och sm\u00e5grisarna skulle ha farit runt och hoppats p\u00e5 det b\u00e4sta.<\/p>\n<p>Vad som nu \u00e4r b\u00e4st f\u00f6r en sj\u00f6vild sm\u00e5gris strax s\u00f6der\u00a0om Arn\u00e4storp i sydv\u00e4stra Svealand, Sverige, Europa, Jordklotet, Universum? F\u00e4rskt l\u00f6park\u00f6tt? Grisar \u00e4ter allt utom apelsinskal.<\/p>\n<p><strong>Brandm\u00e4n utan vapen<br \/>\n<\/strong>Precis n\u00e4r jag skulle ha hunnit ringa den k\u00e4ra v\u00e4nnen och ber\u00e4ttat att jag blivit uppjagad i ett tr\u00e4d av nitton blodt\u00f6rstiga bestar fr\u00e5n Deje skulle jag ha tappat mobilen. Mitt i en galt.<\/p>\n<p>Efter tjugo minuter skulle r\u00e4ddningstj\u00e4nsten ha hittat mig. De skulle ha blivit uppjagade i varsin gran de med. Larmet fr\u00e5n den k\u00e4ra v\u00e4nnen skulle visserligen ha varit tydligt men p\u00e5 den fortsatta v\u00e4gen skulle de vilda grisarnas roll ha tonats ner och d\u00e4rf\u00f6r skulle de orangekl\u00e4dda v\u00e4nnerna inte ens ha haft en oladdad knallpulverpistol med sig. Bara aggregat 42. (<em>Aggregat 42 \u00e4r vad som p\u00e5 sk\u00e4mtsam brandslang kallas \u201dl\u00e5gskor\u201d).<\/em><\/p>\n<p>D\u00e4r skulle vi ha suttit sedan, hela natten mellan s\u00f6ndag och m\u00e5ndag, och vad som till slut skulle ha h\u00e4nt vill jag inte ens t\u00e4nka p\u00e5.<\/p>\n<p>Vilken tur att jag har benhinneinflammation.<\/p>\n","protected":false},"excerpt":{"rendered":"<p>Arkivbild fr\u00e5n ett annat st\u00e4lle, innan. I g\u00e5r skulle jag ha sprungit min nya l\u00e5nga runda, den bortom Kr\u00e4vande\u00a0Backen, Bl\u00e5nande Utsikten och Sv\u00e5rhittade Stigen. Kroppen beh\u00f6vde en l\u00e5ngtur och det var en s\u00e5 fin dag. Mitt i utf\u00f6rsl\u00f6pan d\u00e4r jag fotograferade Jungfru Marie Nycklar i somras skulle jag ha rusat rakt in bland dem. Den &hellip; <a href=\"https:\/\/sven-ove.nu\/?p=13146\" class=\"more-link\">Forts\u00e4tt l\u00e4sa <span class=\"screen-reader-text\">Uppjagad i en gran av sj\u00f6vilda vildsvin<\/span><\/a><\/p>\n","protected":false},"author":1,"featured_media":0,"comment_status":"open","ping_status":"open","sticky":false,"template":"","format":"standard","meta":{"_crdt_document":"","_monsterinsights_skip_tracking":false,"_monsterinsights_sitenote_active":false,"_monsterinsights_sitenote_note":"","_monsterinsights_sitenote_category":0,"footnotes":""},"categories":[5],"tags":[26],"class_list":["post-13146","post","type-post","status-publish","format-standard","hentry","category-lopning","tag-natur-2"],"_links":{"self":[{"href":"https:\/\/sven-ove.nu\/index.php?rest_route=\/wp\/v2\/posts\/13146","targetHints":{"allow":["GET"]}}],"collection":[{"href":"https:\/\/sven-ove.nu\/index.php?rest_route=\/wp\/v2\/posts"}],"about":[{"href":"https:\/\/sven-ove.nu\/index.php?rest_route=\/wp\/v2\/types\/post"}],"author":[{"embeddable":true,"href":"https:\/\/sven-ove.nu\/index.php?rest_route=\/wp\/v2\/users\/1"}],"replies":[{"embeddable":true,"href":"https:\/\/sven-ove.nu\/index.php?rest_route=%2Fwp%2Fv2%2Fcomments&post=13146"}],"version-history":[{"count":6,"href":"https:\/\/sven-ove.nu\/index.php?rest_route=\/wp\/v2\/posts\/13146\/revisions"}],"predecessor-version":[{"id":13160,"href":"https:\/\/sven-ove.nu\/index.php?rest_route=\/wp\/v2\/posts\/13146\/revisions\/13160"}],"wp:attachment":[{"href":"https:\/\/sven-ove.nu\/index.php?rest_route=%2Fwp%2Fv2%2Fmedia&parent=13146"}],"wp:term":[{"taxonomy":"category","embeddable":true,"href":"https:\/\/sven-ove.nu\/index.php?rest_route=%2Fwp%2Fv2%2Fcategories&post=13146"},{"taxonomy":"post_tag","embeddable":true,"href":"https:\/\/sven-ove.nu\/index.php?rest_route=%2Fwp%2Fv2%2Ftags&post=13146"}],"curies":[{"name":"wp","href":"https:\/\/api.w.org\/{rel}","templated":true}]}}