{"id":13153,"date":"2015-10-20T03:00:17","date_gmt":"2015-10-20T02:00:17","guid":{"rendered":"http:\/\/sven-ove.nu\/?p=13153"},"modified":"2015-10-18T14:24:23","modified_gmt":"2015-10-18T13:24:23","slug":"13153","status":"publish","type":"post","link":"https:\/\/sven-ove.nu\/?p=13153","title":{"rendered":"Helt borta"},"content":{"rendered":"<blockquote><p>Jag f\u00f6rs\u00f6ker minnas ett ljud. Jag hade det i bakhuvudet i g\u00e5r kv\u00e4ll och skulle ber\u00e4tta om det h\u00e4r, men det har g\u00e5tt och g\u00f6mt sig. F\u00f6rkommit, som fanjunkare M sa i lumpen.<\/p><\/blockquote>\n<p>Inte <span style=\"color: #ff0000;\"><a style=\"color: #ff0000;\" href=\"https:\/\/www.youtube.com\/watch?v=oDyqctIw0SE\">modemet<\/a><\/span> till v\u00e5r f\u00f6rsta hemmadator, det lyckliga ljudet.<br \/>\nInte den allra f\u00f6rsta PRO-k\u00f6r jag h\u00f6rde sjunga Elvis if\u00f6rd jeansjackor och med st\u00e5lkammar i bakfickorna.<br \/>\nInte <span style=\"color: #ff0000;\"><a style=\"color: #ff0000;\" href=\"https:\/\/www.youtube.com\/watch?v=pZzun-3HyE8\">storspoven<\/a><\/span> \u00f6ver Stormossen eller p\u00e5 g\u00e4rdena ner mot <span style=\"color: #ff0000;\"><a style=\"color: #ff0000;\" href=\"http:\/\/www.vf.se\/kronikor\/ps\/om-att-behova-tvatta-i-en-isvak\">Vibergssj\u00f6n<\/a><\/span>.<br \/>\nInte knattret i radio n\u00e4r folk skulle r\u00f6sta i Tio i topp.<br \/>\nInte tonen jag spelade falskt vid musikskolans uppvisning p\u00e5 scenen i Lindforsparken 1963.<br \/>\nInte <span style=\"color: #ff0000;\"><a style=\"color: #ff0000;\" href=\"http:\/\/adamoh.org\/Swedish_Bird_Songs\/Gulsparv,%20Emberiza%20citrinella.mp3\">f\u00e5geln<\/a><\/span> som alla s\u00e4ger r\u00e4knar till sju, inte tr\u00e4dpipl\u00e4rkan, inte l\u00f6vs\u00e5ngaren.<br \/>\n<a href=\"https:\/\/sven-ove.nu\/wp-content\/uploads\/2015\/10\/Sk\u00e4rmavbild-2015-10-17-kl.-10.27.37.png\"><img loading=\"lazy\" decoding=\"async\" class=\"alignright size-medium wp-image-13157\" src=\"https:\/\/sven-ove.nu\/wp-content\/uploads\/2015\/10\/Sk\u00e4rmavbild-2015-10-17-kl.-10.27.37-300x160.png\" alt=\"Sk\u00e4rmavbild 2015-10-17 kl. 10.27.37\" width=\"300\" height=\"160\" srcset=\"https:\/\/sven-ove.nu\/wp-content\/uploads\/2015\/10\/Sk\u00e4rmavbild-2015-10-17-kl.-10.27.37-300x160.png 300w, https:\/\/sven-ove.nu\/wp-content\/uploads\/2015\/10\/Sk\u00e4rmavbild-2015-10-17-kl.-10.27.37.png 613w\" sizes=\"auto, (max-width: 300px) 100vw, 300px\" \/><\/a>Inte ljudet fr\u00e5n en Fram King Solifer i utf\u00f6rsbacke, medvind och med solen i ryggen, p\u00e5 v\u00e4g med mig till Storfors f\u00f6r att k\u00f6pa storstrut. L\u00e5ng v\u00e4g f\u00f6r en ordlek.<\/p>\n<p>N\u00e5t ljud var det.<br \/>\nN\u00e5t som skulle ha satt ig\u00e5ng k\u00e4nslor.<\/p>\n<p>Det sprack. Nu sitter en h\u00e4r, ljudl\u00f6s, och minns en enda sak. Den som bara finns i ett exemplar.<\/p>\n<p>Tystnaden.<\/p>\n","protected":false},"excerpt":{"rendered":"<p>Jag f\u00f6rs\u00f6ker minnas ett ljud. Jag hade det i bakhuvudet i g\u00e5r kv\u00e4ll och skulle ber\u00e4tta om det h\u00e4r, men det har g\u00e5tt och g\u00f6mt sig. F\u00f6rkommit, som fanjunkare M sa i lumpen. Inte modemet till v\u00e5r f\u00f6rsta hemmadator, det lyckliga ljudet. Inte den allra f\u00f6rsta PRO-k\u00f6r jag h\u00f6rde sjunga Elvis if\u00f6rd jeansjackor och med &hellip; <a href=\"https:\/\/sven-ove.nu\/?p=13153\" class=\"more-link\">Forts\u00e4tt l\u00e4sa <span class=\"screen-reader-text\">Helt borta<\/span><\/a><\/p>\n","protected":false},"author":1,"featured_media":13158,"comment_status":"open","ping_status":"open","sticky":false,"template":"","format":"standard","meta":{"_crdt_document":"","_monsterinsights_skip_tracking":false,"_monsterinsights_sitenote_active":false,"_monsterinsights_sitenote_note":"","_monsterinsights_sitenote_category":0,"footnotes":""},"categories":[4],"tags":[8,13],"class_list":["post-13153","post","type-post","status-publish","format-standard","has-post-thumbnail","hentry","category-skrivande","tag-historia","tag-utrustning"],"_links":{"self":[{"href":"https:\/\/sven-ove.nu\/index.php?rest_route=\/wp\/v2\/posts\/13153","targetHints":{"allow":["GET"]}}],"collection":[{"href":"https:\/\/sven-ove.nu\/index.php?rest_route=\/wp\/v2\/posts"}],"about":[{"href":"https:\/\/sven-ove.nu\/index.php?rest_route=\/wp\/v2\/types\/post"}],"author":[{"embeddable":true,"href":"https:\/\/sven-ove.nu\/index.php?rest_route=\/wp\/v2\/users\/1"}],"replies":[{"embeddable":true,"href":"https:\/\/sven-ove.nu\/index.php?rest_route=%2Fwp%2Fv2%2Fcomments&post=13153"}],"version-history":[{"count":4,"href":"https:\/\/sven-ove.nu\/index.php?rest_route=\/wp\/v2\/posts\/13153\/revisions"}],"predecessor-version":[{"id":13159,"href":"https:\/\/sven-ove.nu\/index.php?rest_route=\/wp\/v2\/posts\/13153\/revisions\/13159"}],"wp:featuredmedia":[{"embeddable":true,"href":"https:\/\/sven-ove.nu\/index.php?rest_route=\/wp\/v2\/media\/13158"}],"wp:attachment":[{"href":"https:\/\/sven-ove.nu\/index.php?rest_route=%2Fwp%2Fv2%2Fmedia&parent=13153"}],"wp:term":[{"taxonomy":"category","embeddable":true,"href":"https:\/\/sven-ove.nu\/index.php?rest_route=%2Fwp%2Fv2%2Fcategories&post=13153"},{"taxonomy":"post_tag","embeddable":true,"href":"https:\/\/sven-ove.nu\/index.php?rest_route=%2Fwp%2Fv2%2Ftags&post=13153"}],"curies":[{"name":"wp","href":"https:\/\/api.w.org\/{rel}","templated":true}]}}