{"id":13167,"date":"2015-10-23T03:00:19","date_gmt":"2015-10-23T02:00:19","guid":{"rendered":"http:\/\/sven-ove.nu\/?p=13167"},"modified":"2015-10-22T20:31:44","modified_gmt":"2015-10-22T19:31:44","slug":"13167","status":"publish","type":"post","link":"https:\/\/sven-ove.nu\/?p=13167","title":{"rendered":"Restaurang Gr\u00f6nfinken har \u00f6ppnat"},"content":{"rendered":"<p><a href=\"https:\/\/sven-ove.nu\/wp-content\/uploads\/2015\/10\/F\u00f6tter.jpg\"><img loading=\"lazy\" decoding=\"async\" class=\"size-large wp-image-13171 alignnone\" src=\"https:\/\/sven-ove.nu\/wp-content\/uploads\/2015\/10\/F\u00f6tter-1024x738.jpg\" alt=\"F\u00f6tter\" width=\"660\" height=\"476\" srcset=\"https:\/\/sven-ove.nu\/wp-content\/uploads\/2015\/10\/F\u00f6tter-1024x738.jpg 1024w, https:\/\/sven-ove.nu\/wp-content\/uploads\/2015\/10\/F\u00f6tter-300x216.jpg 300w, https:\/\/sven-ove.nu\/wp-content\/uploads\/2015\/10\/F\u00f6tter.jpg 1610w\" sizes=\"auto, (max-width: 660px) 100vw, 660px\" \/><\/a><\/p>\n<p style=\"padding-left: 30px;\"><em>F\u00e5gelfoto: Mikael Skalstad<\/em><\/p>\n<p>Vi \u00e4r f\u00e5gelbordssk\u00e5dare. Veckan innan den 15:e oktober b\u00f6rjar inmatningen. Talgbollar, n\u00f6tter, solfrosfr\u00f6n och blands\u00e4d. I \u00e5r har vi skaffat nya matare, de gamla b\u00f6rjade bli slitna. Vi f\u00f6rs\u00f6ker anv\u00e4nda\u00a0foderautomater som g\u00f6r det sv\u00e5rare f\u00f6r f\u00e5glarna att bli smittade av salmonella.<\/p>\n<p>Den 15:e startade noteringarna. F\u00f6rsta dagen blev bra, med v\u00e5ra m\u00e5tt m\u00e4tt. Det \u00e4r \u00e4nd\u00e5 en villatomt en bit fr\u00e5n skogen och l\u00e5ngt fr\u00e5n sj\u00f6ar och bredare vattendrag. N\u00e5gra st\u00f6rre tr\u00e4d har vi inte kvar. Solen bl\u00e4nker i automaterna n\u00e4r vi skriver in pilfink, bofink, talgoxe, bergfink, gr\u00f6nfink, kaja, n\u00f6tv\u00e4cka, bl\u00e5mes, skata, gr\u00e5sparv, koltrast och tamduva. Tolv arter f\u00f6rsta dagen, detta blir en fin sk\u00e5darvinter.<\/p>\n<p><strong>T\u00e4vlar hela vintern<br \/>\n<\/strong>Ja, vi t\u00e4vlar i all v\u00e4nskaplighet med n\u00e5gra v\u00e4nner. Fr\u00e5n nu och tills startskottet g\u00e5r i Vasaloppet p\u00e5g\u00e5r t\u00e4vlingen, sedan blir det f\u00e5gelfest med f\u00e5gelsk\u00e4mt och prisutdelning. F\u00f6rra \u00e5ret blev vi delade segrare, ber\u00e4ttade t\u00e4vlingsgeneralen vid den h\u00f6gtidliga ceremonin. Bilden ovan fr\u00e5n Varnan i Kristinehamn \u00e4r priset vi vann.<\/p>\n<p>Det b\u00e4sta \u00e4r att vi l\u00e4r oss k\u00e4nna igen v\u00e5ra vinterf\u00e5glar. Just nu \u00e4r det bara en- och talltitorna vi har sv\u00e5rt att h\u00e5lla is\u00e4r, men som v\u00e5r tomt ser ut s\u00e5 tror vi envist att det \u00e4r entitan jag nyss noterade. Hon kommer p\u00e5 snabb visit, h\u00e4mtar sin matbit och skyndar bort lika fort igen.<\/p>\n<p>Det n\u00e4st b\u00e4sta \u00e4r att i \u00e5r har vi haft bes\u00f6k av en g\u00e4st vi inte sett p\u00e5 m\u00e5nga \u00e5r h\u00e4r uppe p\u00e5 Grossbolstorp. Gr\u00e5sparven, kan du tro.<\/p>\n<p>Favorit \u00e4r en vacker etterbigga. N\u00f6tv\u00e4ckan.<br \/>\nKommer stj\u00e4rtmesarna i vinter med, d\u00e5 blir jag riktigt lycklig.<\/p>\n<p><em><span style=\"color: #339966;\"><strong>#<\/strong><\/span>\u00a018 arter n\u00e4r detta skrivs.<br \/>\n<\/em><em><span style=\"color: #339966;\"><strong>##\u00a0<\/strong><\/span>Vi har \u00f6ppet f\u00f6r huliganer med. Det \u00e4r intressant att studera deras strategi. N\u00e5gra \u00e4r talgbollshackare. N\u00e5gra v\u00e4ntar lugnt p\u00e5 marken och f\u00e5r mest.<br \/>\n<\/em><em><strong><span style=\"color: #339966;\">###<\/span>\u00a0<\/strong>Kajorna, kr\u00e5korna och skatorna.<\/em><\/p>\n<p>&nbsp;<\/p>\n","protected":false},"excerpt":{"rendered":"<p>F\u00e5gelfoto: Mikael Skalstad Vi \u00e4r f\u00e5gelbordssk\u00e5dare. Veckan innan den 15:e oktober b\u00f6rjar inmatningen. Talgbollar, n\u00f6tter, solfrosfr\u00f6n och blands\u00e4d. I \u00e5r har vi skaffat nya matare, de gamla b\u00f6rjade bli slitna. Vi f\u00f6rs\u00f6ker anv\u00e4nda\u00a0foderautomater som g\u00f6r det sv\u00e5rare f\u00f6r f\u00e5glarna att bli smittade av salmonella. Den 15:e startade noteringarna. F\u00f6rsta dagen blev bra, med v\u00e5ra m\u00e5tt &hellip; <a href=\"https:\/\/sven-ove.nu\/?p=13167\" class=\"more-link\">Forts\u00e4tt l\u00e4sa <span class=\"screen-reader-text\">Restaurang Gr\u00f6nfinken har \u00f6ppnat<\/span><\/a><\/p>\n","protected":false},"author":1,"featured_media":0,"comment_status":"open","ping_status":"open","sticky":false,"template":"","format":"standard","meta":{"_crdt_document":"","_monsterinsights_skip_tracking":false,"_monsterinsights_sitenote_active":false,"_monsterinsights_sitenote_note":"","_monsterinsights_sitenote_category":0,"footnotes":""},"categories":[10,6],"tags":[24,7],"class_list":["post-13167","post","type-post","status-publish","format-standard","hentry","category-familjen","category-natur","tag-karlek","tag-miljo"],"_links":{"self":[{"href":"https:\/\/sven-ove.nu\/index.php?rest_route=\/wp\/v2\/posts\/13167","targetHints":{"allow":["GET"]}}],"collection":[{"href":"https:\/\/sven-ove.nu\/index.php?rest_route=\/wp\/v2\/posts"}],"about":[{"href":"https:\/\/sven-ove.nu\/index.php?rest_route=\/wp\/v2\/types\/post"}],"author":[{"embeddable":true,"href":"https:\/\/sven-ove.nu\/index.php?rest_route=\/wp\/v2\/users\/1"}],"replies":[{"embeddable":true,"href":"https:\/\/sven-ove.nu\/index.php?rest_route=%2Fwp%2Fv2%2Fcomments&post=13167"}],"version-history":[{"count":8,"href":"https:\/\/sven-ove.nu\/index.php?rest_route=\/wp\/v2\/posts\/13167\/revisions"}],"predecessor-version":[{"id":13179,"href":"https:\/\/sven-ove.nu\/index.php?rest_route=\/wp\/v2\/posts\/13167\/revisions\/13179"}],"wp:attachment":[{"href":"https:\/\/sven-ove.nu\/index.php?rest_route=%2Fwp%2Fv2%2Fmedia&parent=13167"}],"wp:term":[{"taxonomy":"category","embeddable":true,"href":"https:\/\/sven-ove.nu\/index.php?rest_route=%2Fwp%2Fv2%2Fcategories&post=13167"},{"taxonomy":"post_tag","embeddable":true,"href":"https:\/\/sven-ove.nu\/index.php?rest_route=%2Fwp%2Fv2%2Ftags&post=13167"}],"curies":[{"name":"wp","href":"https:\/\/api.w.org\/{rel}","templated":true}]}}