{"id":13180,"date":"2015-10-23T04:37:30","date_gmt":"2015-10-23T03:37:30","guid":{"rendered":"http:\/\/sven-ove.nu\/?p=13180"},"modified":"2015-10-28T10:15:08","modified_gmt":"2015-10-28T09:15:08","slug":"folkforaktets-malsman","status":"publish","type":"post","link":"https:\/\/sven-ove.nu\/?p=13180","title":{"rendered":"Folkf\u00f6raktets m\u00e5lsm\u00e4n"},"content":{"rendered":"<p>Han var trevlig, s\u00e4ger en arbetskamrat.<br \/>\nHan gick till final i ungdoms-SM i svarvning, skriver en tidning.<br \/>\nN\u00e5gonstans mellan svarven och F-9-skolan Kronan i Trollh\u00e4ttan den 22 oktober gick det snett. Han tog med sig sitt sv\u00e4rd, sin kniv och sin nazihj\u00e4lm och gick f\u00f6r att sluta vara trevlig.<\/p>\n<p>Jag vet vilka jag anklagar.<br \/>\nN\u00e4thatarna.<br \/>\nDen rasistiska hetsen i sociala medier.<br \/>\nEtt i praktiken rasistiskt parti som inte tydligt tagit avst\u00e5nd fr\u00e5n mordbr\u00e4nder mot asylboenden.<br \/>\nEtt samh\u00e4lle d\u00e4r klyftorna och egoismen v\u00e4xt f\u00f6r varje \u00e5r.<\/p>\n<p>P\u00e5 torsdagskv\u00e4llen, efter att ha tittat p\u00e5 \u00e4nnu en tv-s\u00e4ndning fr\u00e5n Trollh\u00e4ttan och f\u00f6rs\u00f6kt f\u00f6rst\u00e5, b\u00f6rjar jag l\u00e4sa om Lasse Bergs bok <span style=\"color: #ff0000;\"><a style=\"color: #ff0000;\" href=\"http:\/\/www.bokus.com\/bok\/9789170377761\/ut-ur-kalahari-drommen-om-det-goda-livet\/\">Ut ur Kalahari<\/a><\/span>. P\u00e5 sidan 40 st\u00e5r det:<\/p>\n<p style=\"padding-left: 30px;\"><em>R\u00e4dsla och okunskap \u00e4r folkf\u00f6raktets och rasismens m\u00e5lsm\u00e4n.<\/em><\/p>\n<p>Kan det s\u00e4gas tydligare?<br \/>\nDu f\u00f6ds inte till selekterande sv\u00e4rdman. Den okunskapen l\u00e4r du dig.<\/p>\n<p>L\u00e4r dem inte.<\/p>\n","protected":false},"excerpt":{"rendered":"<p>Han var trevlig, s\u00e4ger en arbetskamrat. Han gick till final i ungdoms-SM i svarvning, skriver en tidning. N\u00e5gonstans mellan svarven och F-9-skolan Kronan i Trollh\u00e4ttan den 22 oktober gick det snett. Han tog med sig sitt sv\u00e4rd, sin kniv och sin nazihj\u00e4lm och gick f\u00f6r att sluta vara trevlig. Jag vet vilka jag anklagar. N\u00e4thatarna. &hellip; <a href=\"https:\/\/sven-ove.nu\/?p=13180\" class=\"more-link\">Forts\u00e4tt l\u00e4sa <span class=\"screen-reader-text\">Folkf\u00f6raktets m\u00e5lsm\u00e4n<\/span><\/a><\/p>\n","protected":false},"author":1,"featured_media":0,"comment_status":"open","ping_status":"open","sticky":false,"template":"","format":"standard","meta":{"_crdt_document":"","_monsterinsights_skip_tracking":false,"_monsterinsights_sitenote_active":false,"_monsterinsights_sitenote_note":"","_monsterinsights_sitenote_category":0,"footnotes":""},"categories":[9],"tags":[18],"class_list":["post-13180","post","type-post","status-publish","format-standard","hentry","category-politik","tag-lardomar"],"_links":{"self":[{"href":"https:\/\/sven-ove.nu\/index.php?rest_route=\/wp\/v2\/posts\/13180","targetHints":{"allow":["GET"]}}],"collection":[{"href":"https:\/\/sven-ove.nu\/index.php?rest_route=\/wp\/v2\/posts"}],"about":[{"href":"https:\/\/sven-ove.nu\/index.php?rest_route=\/wp\/v2\/types\/post"}],"author":[{"embeddable":true,"href":"https:\/\/sven-ove.nu\/index.php?rest_route=\/wp\/v2\/users\/1"}],"replies":[{"embeddable":true,"href":"https:\/\/sven-ove.nu\/index.php?rest_route=%2Fwp%2Fv2%2Fcomments&post=13180"}],"version-history":[{"count":9,"href":"https:\/\/sven-ove.nu\/index.php?rest_route=\/wp\/v2\/posts\/13180\/revisions"}],"predecessor-version":[{"id":13190,"href":"https:\/\/sven-ove.nu\/index.php?rest_route=\/wp\/v2\/posts\/13180\/revisions\/13190"}],"wp:attachment":[{"href":"https:\/\/sven-ove.nu\/index.php?rest_route=%2Fwp%2Fv2%2Fmedia&parent=13180"}],"wp:term":[{"taxonomy":"category","embeddable":true,"href":"https:\/\/sven-ove.nu\/index.php?rest_route=%2Fwp%2Fv2%2Fcategories&post=13180"},{"taxonomy":"post_tag","embeddable":true,"href":"https:\/\/sven-ove.nu\/index.php?rest_route=%2Fwp%2Fv2%2Ftags&post=13180"}],"curies":[{"name":"wp","href":"https:\/\/api.w.org\/{rel}","templated":true}]}}