{"id":13214,"date":"2015-10-30T03:00:28","date_gmt":"2015-10-30T02:00:28","guid":{"rendered":"http:\/\/sven-ove.nu\/?p=13214"},"modified":"2015-10-28T10:20:50","modified_gmt":"2015-10-28T09:20:50","slug":"att-branna-sitt-land","status":"publish","type":"post","link":"https:\/\/sven-ove.nu\/?p=13214","title":{"rendered":"Att br\u00e4nna sitt land"},"content":{"rendered":"<p>Sverigev\u00e4nner br\u00e4nner Sverige, skriver en v\u00e4n. De hatar Sverige och demokratin och kallar sig Sverigedemokraterna, skriver en annan.<\/p>\n<p>Kom fredagkv\u00e4ll och bed f\u00f6r Sverige, skrev f\u00f6rfattaren Lars Lerin i en bok en g\u00e5ng. Det h\u00e4nder att jag h\u00e5ller med. De sk\u00e4ndar mitt land. V\u00e4rj dig Sverige, v\u00e4rj dig mot dina \u201dv\u00e4nner\u201d.<\/p>\n<p>Jag l\u00e4ser s\u00e5 m\u00e5nga kloka formuleringar om m\u00e4nniskans v\u00e4rde. Kloka och vackra formuleringar, g\u00e4rna fr\u00e5n eftert\u00e4nksamt folk. Under tiden br\u00e4nner de brutala medan dumheten hejar p\u00e5.<\/p>\n<p>Den som br\u00e4nner det hus hans \u00e4lskling \u00e4ger har ingen humor. Det \u00e4r Sveriges hus, ditt snille. Den som har r\u00e5d att br\u00e4nna det hus han sj\u00e4lv \u00e4ger har r\u00e5d att hysa m\u00e5nga flyktingar.<\/p>\n<p>Han vet bara inte om det.<\/p>\n<p style=\"padding-left: 30px;\"><strong><em>#<\/em><\/strong><em> En g\u00e5ng blev det organiserade brandskyddet b\u00f6rjan till samh\u00e4llets organisation.<br \/>\n<\/em><strong><em># <\/em><\/strong><em>Det var ingen tillf\u00e4llighet.<br \/>\n<\/em><strong><em>#<\/em><\/strong><em> Ja, jag vet att Lars Lerin \u00e4r en av v\u00e5ra stora <strong><span style=\"color: #3366ff;\"><a style=\"color: #3366ff;\" href=\"https:\/\/www.bukowskis.com\/sv\/fineartbukipedia\/10131-lars-lerin\">akvarellm\u00e5lare<\/a><\/span><\/strong>. Men han \u00e4r ocks\u00e5 duktig och produktiv f\u00f6rfattare. L\u00e4s.<\/em><\/p>\n","protected":false},"excerpt":{"rendered":"<p>Sverigev\u00e4nner br\u00e4nner Sverige, skriver en v\u00e4n. De hatar Sverige och demokratin och kallar sig Sverigedemokraterna, skriver en annan. Kom fredagkv\u00e4ll och bed f\u00f6r Sverige, skrev f\u00f6rfattaren Lars Lerin i en bok en g\u00e5ng. Det h\u00e4nder att jag h\u00e5ller med. De sk\u00e4ndar mitt land. V\u00e4rj dig Sverige, v\u00e4rj dig mot dina \u201dv\u00e4nner\u201d. Jag l\u00e4ser s\u00e5 m\u00e5nga &hellip; <a href=\"https:\/\/sven-ove.nu\/?p=13214\" class=\"more-link\">Forts\u00e4tt l\u00e4sa <span class=\"screen-reader-text\">Att br\u00e4nna sitt land<\/span><\/a><\/p>\n","protected":false},"author":1,"featured_media":0,"comment_status":"open","ping_status":"open","sticky":false,"template":"","format":"standard","meta":{"_crdt_document":"","_monsterinsights_skip_tracking":false,"_monsterinsights_sitenote_active":false,"_monsterinsights_sitenote_note":"","_monsterinsights_sitenote_category":0,"footnotes":""},"categories":[9],"tags":[16],"class_list":["post-13214","post","type-post","status-publish","format-standard","hentry","category-politik","tag-dumheter"],"_links":{"self":[{"href":"https:\/\/sven-ove.nu\/index.php?rest_route=\/wp\/v2\/posts\/13214","targetHints":{"allow":["GET"]}}],"collection":[{"href":"https:\/\/sven-ove.nu\/index.php?rest_route=\/wp\/v2\/posts"}],"about":[{"href":"https:\/\/sven-ove.nu\/index.php?rest_route=\/wp\/v2\/types\/post"}],"author":[{"embeddable":true,"href":"https:\/\/sven-ove.nu\/index.php?rest_route=\/wp\/v2\/users\/1"}],"replies":[{"embeddable":true,"href":"https:\/\/sven-ove.nu\/index.php?rest_route=%2Fwp%2Fv2%2Fcomments&post=13214"}],"version-history":[{"count":3,"href":"https:\/\/sven-ove.nu\/index.php?rest_route=\/wp\/v2\/posts\/13214\/revisions"}],"predecessor-version":[{"id":13217,"href":"https:\/\/sven-ove.nu\/index.php?rest_route=\/wp\/v2\/posts\/13214\/revisions\/13217"}],"wp:attachment":[{"href":"https:\/\/sven-ove.nu\/index.php?rest_route=%2Fwp%2Fv2%2Fmedia&parent=13214"}],"wp:term":[{"taxonomy":"category","embeddable":true,"href":"https:\/\/sven-ove.nu\/index.php?rest_route=%2Fwp%2Fv2%2Fcategories&post=13214"},{"taxonomy":"post_tag","embeddable":true,"href":"https:\/\/sven-ove.nu\/index.php?rest_route=%2Fwp%2Fv2%2Ftags&post=13214"}],"curies":[{"name":"wp","href":"https:\/\/api.w.org\/{rel}","templated":true}]}}