{"id":13218,"date":"2015-10-31T03:00:45","date_gmt":"2015-10-31T02:00:45","guid":{"rendered":"http:\/\/sven-ove.nu\/?p=13218"},"modified":"2015-10-30T18:14:11","modified_gmt":"2015-10-30T17:14:11","slug":"att-skanka-hela-sin-garderob-pa-dodsbadden","status":"publish","type":"post","link":"https:\/\/sven-ove.nu\/?p=13218","title":{"rendered":"Att sk\u00e4nka hela sin garderob p\u00e5 d\u00f6dsb\u00e4dden"},"content":{"rendered":"<p><a href=\"https:\/\/sven-ove.nu\/wp-content\/uploads\/2015\/10\/Morgonhimlen.jpg\"><img loading=\"lazy\" decoding=\"async\" class=\"size-large wp-image-13224 alignnone\" src=\"https:\/\/sven-ove.nu\/wp-content\/uploads\/2015\/10\/Morgonhimlen-1024x463.jpg\" alt=\"Morgonhimlen\" width=\"660\" height=\"298\" srcset=\"https:\/\/sven-ove.nu\/wp-content\/uploads\/2015\/10\/Morgonhimlen-1024x463.jpg 1024w, https:\/\/sven-ove.nu\/wp-content\/uploads\/2015\/10\/Morgonhimlen-300x136.jpg 300w, https:\/\/sven-ove.nu\/wp-content\/uploads\/2015\/10\/Morgonhimlen.jpg 1332w\" sizes=\"auto, (max-width: 660px) 100vw, 660px\" \/><\/a><\/p>\n<p>N\u00e4tet kokar av rasism, l\u00e4ser jag. Kanske \u00e4r det sant. Fast det finns ett annat kok ocks\u00e5. Var jag \u00e4n klickar m\u00f6ter jag motsatsen, de som tror p\u00e5 m\u00e5ngfald och alla m\u00e4nniskors lika v\u00e4rde.<\/p>\n<p>Vi som tror p\u00e5 det.<\/p>\n<p>P\u00e5 centralstationerna k\u00e4mpar volont\u00e4rerna f\u00f6r att hj\u00e4lpa v\u00e5ra nyanl\u00e4nda medm\u00e4nniskor till r\u00e4tta. Kommuntj\u00e4nstem\u00e4n och arbetare g\u00f6r det i tj\u00e4nsten, precis som mina forna arbetskamrater p\u00e5 Myndigheten f\u00f6r samh\u00e4llsskydd och beredskap, MSB. Jag \u00e4lskar den gl\u00f6den.<\/p>\n<p>\u00c4lskar \u00f6vertidstimmarna f\u00f6r den goda saken.<\/p>\n<p>\u00c4lskar facebookgrupperna land och rike runt som speglar engagemanget. Antirasism i praktiken, utomparlamentarisk kamp dag och natt. Inte sitter de v\u00e4nnerna bara vid datorn, en tr\u00e5d jag f\u00f6ljde blev till en l\u00e5ng och vacker katalog \u00f6ver praktiskt arbete f\u00f6r m\u00e5ngfald. K\u00e4rlek i handling, politisk kamp som det gl\u00f6der om.<\/p>\n<p><strong>Tipsar, undervisar och st\u00e4rker<br \/>\n<\/strong>Orden \u00e4r ocks\u00e5 viktiga, inl\u00e4ggen och kommentarerna, f\u00f6rringa inte dem. Det \u00e4r\u00a0med ord vi tipsar, undervisar och st\u00e4rker varandra. En av de st\u00f6rsta grupperna <a href=\"https:\/\/sven-ove.nu\/wp-content\/uploads\/2015\/10\/Sk\u00e4rmavbild-2015-10-30-kl.-17.32.58.jpg\"><img loading=\"lazy\" decoding=\"async\" class=\"alignright size-thumbnail wp-image-13222\" src=\"https:\/\/sven-ove.nu\/wp-content\/uploads\/2015\/10\/Sk\u00e4rmavbild-2015-10-30-kl.-17.32.58-150x150.jpg\" alt=\"Sk\u00e4rmavbild 2015-10-30 kl. 17.32.58\" width=\"150\" height=\"150\" \/><\/a>har \u00f6ver 18 000 medlemmar, fast det finns fler. M\u00e5nga lokala, var och en med sina k\u00e4mpar. S\u00e5h\u00e4r skriver till exempel Asylsamordnaren i Kramfors kommun, citerad i facebookgruppen<span style=\"color: #ff0000;\"><strong> <a style=\"color: #ff0000;\" href=\"https:\/\/www.facebook.com\/groups\/frontmotrasism\/\">Front mot rasism och gryende fascism<\/a><\/strong><\/span>, den som n\u00e5gon sa \u00e4r st\u00f6rst:<\/p>\n<p style=\"padding-left: 30px;\"><em>Har ni h\u00f6rt om den asyls\u00f6kande, ensamst\u00e5ende trebarnsmamman som f\u00e5r \u00f6ver 20 000 kronor i m\u00e5naden? Det har jag. Men hon finns inte.<\/em><\/p>\n<p style=\"padding-left: 30px;\"><em>F\u00f6r att ta ett lokalt exempel: <\/em><\/p>\n<p style=\"padding-left: 30px;\"><em>En kvinna med tre barn (under 18 \u00e5r) som bor p\u00e5 Sunnebo i Nora, hon f\u00e5r 60 kronor per dag av Migrationsverket.<\/em><\/p>\n<p style=\"padding-left: 30px;\"><em>Hon sj\u00e4lv f\u00e5r 24 kronor per dag och ers\u00e4ttningen f\u00f6r barnen \u00e4r 12 kronor per barn och dag. Totalt allts\u00e5 60 kronor per dag som ska t\u00e4cka den familjens utgifter. \u2028De beh\u00f6ver inte betala maten med de pengarna, f\u00f6r mat ing\u00e5r i boendet, men allt annat ska de betala sj\u00e4lva. Till exempel kl\u00e4der, leksaker, sjukv\u00e5rd, mediciner och hygienartiklar.\u2028All information om hur mycket pengar asyls\u00f6kande kan f\u00e5 i ers\u00e4ttning finns p\u00e5 migrationsverkets hemsida.<\/em><\/p>\n<p style=\"padding-left: 30px;\"><span style=\"color: #ff0000;\"><em><a style=\"color: #ff0000;\" href=\"http:\/\/www.migrationsverket.se\/Privatpersoner\/Skydd-och-asyl-i-Sverige\/For-dig-som-ar-vuxen-och-har-sokt-asyl\/Ekonomiskt-stod.html\">http:\/\/www.migrationsverket.se\/Privatpersoner\/Skydd-och-asyl-i-Sverige\/For-dig-som-ar-vuxen-och-har-sokt-asyl\/Ekonomiskt-stod.html<\/a><\/em><\/span><\/p>\n<p><strong>Entusiasmen i Molkom<br \/>\n<\/strong>En annan favoritgrupp jag f\u00f6ljer p\u00e5 Facebook \u00e4r <span style=\"color: #ff0000;\"><strong><a style=\"color: #ff0000;\" href=\"https:\/\/www.facebook.com\/groups\/665509270252792\/?fref=ts\">Refugees Welcome &#8211; Molkom<\/a><\/strong><\/span>. Jag \u00e4lskar det jobb mina gamla grannar i Molkom g\u00f6r f\u00f6r flyktingarna p\u00e5 min gamla skola Graninge och vid det forna \u00e5lderdomshem som nu heter \u00c4ngsbacka.<\/p>\n<p>Skriver de att det fattas herrskor i storlek 45, och att en del flyktingar fortfarande g\u00e5r i sandaler &#8211; d\u00e5 kokar n\u00e4tet. Kokar av beredskap fr\u00e5n m\u00e4nniskor som vill komma med skor. Beh\u00f6ver de dambindor s\u00e5 f\u00e5r de, beh\u00f6ver de underkl\u00e4der &#8211; helst inte svarta &#8211; s\u00e5 f\u00e5r de. N\u00e4r tv\u00e5 flyktingflickor l\u00e4ngtar efter sina h\u00e4star hemma i Syrien, d\u00e5 bara bubblar det av inbjudningar fr\u00e5n Nyedsbygdens h\u00e4st\u00e4gare.<\/p>\n<p>Jag blir glad varje g\u00e5ng jag l\u00e4ser vad de skriver. Har n\u00e5gon ordnat lika m\u00e5nga m\u00f6ten mellan flyktingar och bofasta som den gruppen? Kanske, men Molkom \u00e4r faktiskt inte stort.<\/p>\n<p>M\u00f6jligen t\u00e4nker v\u00e4nnerna med dambindorna och ridh\u00e4starna inte att det \u00e4r antifascistisk arbete de utf\u00f6r just d\u00e5. Utomparlamentarisk kamp f\u00f6r m\u00e4nniskors lika v\u00e4rde. Likafullt \u00e4r det precis vad de g\u00f6r.<\/p>\n<p><strong>T\u00e5rar i \u00f6gonen<br \/>\n<\/strong>Nu kommer jag till sista citatet, det \u00e4r fr\u00e5n molkomsgruppen. De raderna ger mig t\u00e5rar i \u00f6gonen och jag hoppas innerligt att ingen tar illa upp n\u00e4r jag citerar hela inl\u00e4gget:<\/p>\n<p style=\"padding-left: 30px;\"><em>Hej! Jag har en bil lastad med fr\u00e4scha kl\u00e4der stl 36-42 och skor stl 38-39 f\u00f6r kvinnor som jag hoppas kan komma till anv\u00e4ndning. Min mor dog f\u00f6r en vecka sen och hon ville s\u00e5 g\u00e4rna hj\u00e4lpa till. Ni f\u00e5r hela hennes garderob.<\/em><\/p>\n<p style=\"padding-left: 30px;\"><em>Jag kan l\u00e4mna efter kl 13 i morgon. G\u00e5r det bra?<\/em><\/p>\n<p>Det finns s\u00e5 mycken k\u00e4rlek och solidaritet i v\u00e4rlden. Tack f\u00f6r det. Jag har sv\u00e5rt att se att n\u00e5gon insats f\u00f6r m\u00e5ngfald och medm\u00e4nsklighet kan vara finare \u00e4n att sk\u00e4nka hela sin garderob p\u00e5 d\u00f6dsb\u00e4dden. Att ber\u00e4tta i god tid att det \u00e4r din sista vilja. Det \u00e4r en s\u00e5 o\u00e4ndligt vacker handling.<\/p>\n<p><strong>H\u00e4lsning till v\u00e5ra politiker<br \/>\n<\/strong>Politiska problem ska l\u00f6sas med politiska \u00e5tg\u00e4rder, absolut, men en folkr\u00f6relse som visar politikerna vad svenska folket vill \u00e4r inte heller fel. L\u00e5t oss forts\u00e4tta att trycka p\u00e5 underifr\u00e5n.<\/p>\n<p style=\"text-align: left;\">Vi sk\u00e4nker v\u00e5ra garderober. D\u00e5 borde ni fatta att tillf\u00e4lliga uppeh\u00e5llstillst\u00e5nd \u00e4r vansinne. D\u00e5 borde ni kunna kosta p\u00e5 er att tvinga r\u00e4ttsv\u00e4sendet att kalla asylpyromanerna f\u00f6r vad de verkligen \u00e4r. Terrorister. D\u00e5 borde ni kr\u00e4va att polisen i landet tar fast varenda rasist med bensin i dunken och t\u00e4ndare i n\u00e4ven.<br \/>\n<strong><br \/>\n<a href=\"https:\/\/sven-ove.nu\/wp-content\/uploads\/2015\/10\/Sk\u00e4rmavbild-2015-10-30-kl.-17.32.58.jpg\"><img loading=\"lazy\" decoding=\"async\" class=\"alignright size-medium wp-image-13222\" src=\"https:\/\/sven-ove.nu\/wp-content\/uploads\/2015\/10\/Sk\u00e4rmavbild-2015-10-30-kl.-17.32.58-300x115.jpg\" alt=\"Sk\u00e4rmavbild 2015-10-30 kl. 17.32.58\" width=\"300\" height=\"115\" srcset=\"https:\/\/sven-ove.nu\/wp-content\/uploads\/2015\/10\/Sk\u00e4rmavbild-2015-10-30-kl.-17.32.58-300x115.jpg 300w, https:\/\/sven-ove.nu\/wp-content\/uploads\/2015\/10\/Sk\u00e4rmavbild-2015-10-30-kl.-17.32.58.jpg 796w\" sizes=\"auto, (max-width: 300px) 100vw, 300px\" \/><\/a>Under tiden kan ni skicka ut de soldater vi till \u00e4ventyrs har kvar f\u00f6r att vakta den del av fosterlandet som ska ge tak \u00f6ver huvudet \u00e5t folk som tvingats fly. Hur sv\u00e5rt kan det va&#8217;?<\/strong><\/p>\n<p>Lyssna p\u00e5 r\u00f6relsen var det en klok karl som sa. G\u00f6r det.<\/p>\n","protected":false},"excerpt":{"rendered":"<p>N\u00e4tet kokar av rasism, l\u00e4ser jag. Kanske \u00e4r det sant. Fast det finns ett annat kok ocks\u00e5. Var jag \u00e4n klickar m\u00f6ter jag motsatsen, de som tror p\u00e5 m\u00e5ngfald och alla m\u00e4nniskors lika v\u00e4rde. Vi som tror p\u00e5 det. P\u00e5 centralstationerna k\u00e4mpar volont\u00e4rerna f\u00f6r att hj\u00e4lpa v\u00e5ra nyanl\u00e4nda medm\u00e4nniskor till r\u00e4tta. Kommuntj\u00e4nstem\u00e4n och arbetare g\u00f6r &hellip; <a href=\"https:\/\/sven-ove.nu\/?p=13218\" class=\"more-link\">Forts\u00e4tt l\u00e4sa <span class=\"screen-reader-text\">Att sk\u00e4nka hela sin garderob p\u00e5 d\u00f6dsb\u00e4dden<\/span><\/a><\/p>\n","protected":false},"author":1,"featured_media":0,"comment_status":"open","ping_status":"open","sticky":false,"template":"","format":"standard","meta":{"_crdt_document":"","_monsterinsights_skip_tracking":false,"_monsterinsights_sitenote_active":false,"_monsterinsights_sitenote_note":"","_monsterinsights_sitenote_category":0,"footnotes":""},"categories":[28,9,4],"tags":[24,18,14,15,17],"class_list":["post-13218","post","type-post","status-publish","format-standard","hentry","category-kreativt-folk","category-politik","category-skrivande","tag-karlek","tag-lardomar","tag-lasning","tag-mediedjungeln","tag-solidaritet"],"_links":{"self":[{"href":"https:\/\/sven-ove.nu\/index.php?rest_route=\/wp\/v2\/posts\/13218","targetHints":{"allow":["GET"]}}],"collection":[{"href":"https:\/\/sven-ove.nu\/index.php?rest_route=\/wp\/v2\/posts"}],"about":[{"href":"https:\/\/sven-ove.nu\/index.php?rest_route=\/wp\/v2\/types\/post"}],"author":[{"embeddable":true,"href":"https:\/\/sven-ove.nu\/index.php?rest_route=\/wp\/v2\/users\/1"}],"replies":[{"embeddable":true,"href":"https:\/\/sven-ove.nu\/index.php?rest_route=%2Fwp%2Fv2%2Fcomments&post=13218"}],"version-history":[{"count":8,"href":"https:\/\/sven-ove.nu\/index.php?rest_route=\/wp\/v2\/posts\/13218\/revisions"}],"predecessor-version":[{"id":13228,"href":"https:\/\/sven-ove.nu\/index.php?rest_route=\/wp\/v2\/posts\/13218\/revisions\/13228"}],"wp:attachment":[{"href":"https:\/\/sven-ove.nu\/index.php?rest_route=%2Fwp%2Fv2%2Fmedia&parent=13218"}],"wp:term":[{"taxonomy":"category","embeddable":true,"href":"https:\/\/sven-ove.nu\/index.php?rest_route=%2Fwp%2Fv2%2Fcategories&post=13218"},{"taxonomy":"post_tag","embeddable":true,"href":"https:\/\/sven-ove.nu\/index.php?rest_route=%2Fwp%2Fv2%2Ftags&post=13218"}],"curies":[{"name":"wp","href":"https:\/\/api.w.org\/{rel}","templated":true}]}}