{"id":13256,"date":"2015-11-05T03:00:43","date_gmt":"2015-11-05T02:00:43","guid":{"rendered":"http:\/\/sven-ove.nu\/?p=13256"},"modified":"2015-11-04T11:02:31","modified_gmt":"2015-11-04T10:02:31","slug":"odets-ironi","status":"publish","type":"post","link":"https:\/\/sven-ove.nu\/?p=13256","title":{"rendered":"\u00d6dets ironi"},"content":{"rendered":"<p>\u00d6dets ironi? Det \u00e4r n\u00e4r medm\u00e4nskligt folk som r\u00f6stade nej till svenskt EU-medlemskap nu f\u00e5r reda ut f\u00f6ljderna av den fria r\u00f6rligheten mellan \u00e4ldre romska k\u00e5kst\u00e4der i Rum\u00e4nien och nya i Sverige.<\/p>\n<p>G\u00f6r det, red ut. Vi \u00e4r alla m\u00e4nniskor. Men fundera \u00f6ver om Europa \u00e4r moget f\u00f6r en union \u00e4n. Det finns regimer som f\u00f6rskr\u00e4cker.<\/p>\n<p style=\"padding-left: 30px;\"><strong>Hur var det komikern Ronny Eriksson sa? Att f\u00f6rs\u00f6ka inf\u00f6ra en gemensam valuta f\u00f6r hela Europa, det \u00e4r som att skaffa ett gemensamt v\u00e4rmesystem f\u00f6r\u00a0<\/strong><strong>hela Sverige och s\u00e4tta termostatens k\u00e4nnare i \u00d6rebro.<\/strong><\/p>\n<p><a href=\"https:\/\/sven-ove.nu\/wp-content\/uploads\/2015\/04\/R\u00f6tt-kort-kopia.jpg\"><img loading=\"lazy\" decoding=\"async\" class=\"alignright size-thumbnail wp-image-11417\" src=\"https:\/\/sven-ove.nu\/wp-content\/uploads\/2015\/04\/R\u00f6tt-kort-kopia-150x150.jpg\" alt=\"R\u00f6tt kort kopia\" width=\"150\" height=\"150\" \/><\/a>Just nu k\u00e4nns det likadant med medm\u00e4nskligheten, fast h\u00e4r finns kylan s\u00f6derut.<br \/>\nMalm\u00f6, Ungern, Rum\u00e4nien.<\/p>\n<p><strong>L\u00e4nkar:<br \/>\n<\/strong><span style=\"color: #ff0000;\"><a style=\"color: #ff0000;\" href=\"http:\/\/www.vf.se\/nyheter\/karlstad\/tillfalligt-boende-eumigranter\">Tillf\u00e4lligt boende f\u00f6r EU-migranter<br \/>\n<\/a><a style=\"color: #ff0000;\" href=\"http:\/\/www.vf.se\/asikter\/ledare\/bra-losning-eumigranter\">Bra l\u00f6sning f\u00f6r EU-migranter<br \/>\n<\/a><\/span><span style=\"color: #ff0000;\"><a style=\"color: #ff0000;\" href=\"http:\/\/www.expressen.se\/debatt\/tidigt-i-morse-gick-nagot-sonder-i-sverige\/\">Tidigt i morse gick n\u00e5got s\u00f6nder i Sverige<\/a><\/span><\/p>\n","protected":false},"excerpt":{"rendered":"<p>\u00d6dets ironi? Det \u00e4r n\u00e4r medm\u00e4nskligt folk som r\u00f6stade nej till svenskt EU-medlemskap nu f\u00e5r reda ut f\u00f6ljderna av den fria r\u00f6rligheten mellan \u00e4ldre romska k\u00e5kst\u00e4der i Rum\u00e4nien och nya i Sverige. G\u00f6r det, red ut. Vi \u00e4r alla m\u00e4nniskor. Men fundera \u00f6ver om Europa \u00e4r moget f\u00f6r en union \u00e4n. Det finns regimer som &hellip; <a href=\"https:\/\/sven-ove.nu\/?p=13256\" class=\"more-link\">Forts\u00e4tt l\u00e4sa <span class=\"screen-reader-text\">\u00d6dets ironi<\/span><\/a><\/p>\n","protected":false},"author":1,"featured_media":0,"comment_status":"open","ping_status":"open","sticky":false,"template":"","format":"standard","meta":{"_crdt_document":"","_monsterinsights_skip_tracking":false,"_monsterinsights_sitenote_active":false,"_monsterinsights_sitenote_note":"","_monsterinsights_sitenote_category":0,"footnotes":""},"categories":[9],"tags":[8,17],"class_list":["post-13256","post","type-post","status-publish","format-standard","hentry","category-politik","tag-historia","tag-solidaritet"],"_links":{"self":[{"href":"https:\/\/sven-ove.nu\/index.php?rest_route=\/wp\/v2\/posts\/13256","targetHints":{"allow":["GET"]}}],"collection":[{"href":"https:\/\/sven-ove.nu\/index.php?rest_route=\/wp\/v2\/posts"}],"about":[{"href":"https:\/\/sven-ove.nu\/index.php?rest_route=\/wp\/v2\/types\/post"}],"author":[{"embeddable":true,"href":"https:\/\/sven-ove.nu\/index.php?rest_route=\/wp\/v2\/users\/1"}],"replies":[{"embeddable":true,"href":"https:\/\/sven-ove.nu\/index.php?rest_route=%2Fwp%2Fv2%2Fcomments&post=13256"}],"version-history":[{"count":7,"href":"https:\/\/sven-ove.nu\/index.php?rest_route=\/wp\/v2\/posts\/13256\/revisions"}],"predecessor-version":[{"id":13263,"href":"https:\/\/sven-ove.nu\/index.php?rest_route=\/wp\/v2\/posts\/13256\/revisions\/13263"}],"wp:attachment":[{"href":"https:\/\/sven-ove.nu\/index.php?rest_route=%2Fwp%2Fv2%2Fmedia&parent=13256"}],"wp:term":[{"taxonomy":"category","embeddable":true,"href":"https:\/\/sven-ove.nu\/index.php?rest_route=%2Fwp%2Fv2%2Fcategories&post=13256"},{"taxonomy":"post_tag","embeddable":true,"href":"https:\/\/sven-ove.nu\/index.php?rest_route=%2Fwp%2Fv2%2Ftags&post=13256"}],"curies":[{"name":"wp","href":"https:\/\/api.w.org\/{rel}","templated":true}]}}