{"id":13301,"date":"2015-11-11T03:00:31","date_gmt":"2015-11-11T02:00:31","guid":{"rendered":"http:\/\/sven-ove.nu\/?p=13301"},"modified":"2015-11-10T18:48:23","modified_gmt":"2015-11-10T17:48:23","slug":"13301","status":"publish","type":"post","link":"https:\/\/sven-ove.nu\/?p=13301","title":{"rendered":"N\u00e4r halva m\u00e4nniskosl\u00e4ktet saknar inflytande"},"content":{"rendered":"<blockquote><p>\u201dEn viktig orsak till att m\u00e4nskligheten farit vilse \u00e4r s\u00e4kerligen det faktum att halva m\u00e4nniskosl\u00e4ktet \u2013 kvinnorna \u2013 praktiskt saknar inflytande p\u00e5 v\u00e4rldens ledning. N\u00e4r det ena k\u00f6net undertrycks sedan \u00e5rtusenden \u00f6ver hela jorden m\u00e5ste detta p\u00e5verka m\u00e4nskligheten i dess helhet. Den m\u00e5ste fara vilse.\u201d<\/p><\/blockquote>\n<p>F\u00f6rst kan jag inte best\u00e4mma mig f\u00f6r vilket citat av Andrea Andreen jag ska anv\u00e4nda som ingress f\u00f6r dagens blogginl\u00e4gg. Det ovan eller det nedan:<\/p>\n<p style=\"padding-left: 30px;\"><em>\u201dDet g\u00e4ller att skydda m\u00e4nniskolivet, hela m\u00e4nskligheten, att minska m\u00e4nskligt lidande, att ge alla m\u00e4nskor ett m\u00e4nniskov\u00e4rdigt liv.<\/em><\/p>\n<p style=\"padding-left: 30px;\"><em>Vi vet hur fj\u00e4rran vi \u00e4r fr\u00e5n detta m\u00e5l.\u201d<\/em><\/p>\n<p>B\u00e4gge \u00e4r viktiga men nu har det g\u00e5tt n\u00e5gra dagar sedan f\u00f6redraget och jag har hunnit l\u00e4sa boken om henne. Jag valde r\u00e4tt.<\/p>\n<p><strong>Fred och j\u00e4mst\u00e4lldhet<br \/>\n<\/strong><span style=\"color: #ff0000;\"><a style=\"color: #ff0000;\" href=\"http:\/\/www.ub.gu.se\/kvinn\/portaler\/fred\/biografier\/andreen.xml\">Andrea Andreen<\/a><\/span> (1888-1972) var l\u00e4kare, sexualupplysare, fredsaktivist, radikalpacifist och k\u00e4mpade f\u00f6r j\u00e4mst\u00e4lldhet mellan k\u00f6nen. Hon hade tv\u00e5 m\u00e5l i livet: en v\u00e4rld utan krig och ett samh\u00e4lle d\u00e4r kvinnor och m\u00e4n har lika mycket inflytande. Hennes biografer anser att hon som medlem av <span style=\"color: #ff0000;\"><a style=\"color: #ff0000;\" href=\"http:\/\/sverigesradio.se\/sida\/artikel.aspx?programid=1602&amp;artikel=810159\">Fogelstadgruppen<\/a><\/span> blivit or\u00e4ttvist bortgl\u00f6md, bland de andra pionj\u00e4rerna.<\/p>\n<p><a href=\"https:\/\/sven-ove.nu\/wp-content\/uploads\/2015\/11\/F\u00f6rfattarna.jpg\"><img loading=\"lazy\" decoding=\"async\" class=\"alignright size-medium wp-image-13313\" src=\"https:\/\/sven-ove.nu\/wp-content\/uploads\/2015\/11\/F\u00f6rfattarna-300x162.jpg\" alt=\"F\u00f6rfattarna\" width=\"300\" height=\"162\" srcset=\"https:\/\/sven-ove.nu\/wp-content\/uploads\/2015\/11\/F\u00f6rfattarna-300x162.jpg 300w, https:\/\/sven-ove.nu\/wp-content\/uploads\/2015\/11\/F\u00f6rfattarna-1024x551.jpg 1024w, https:\/\/sven-ove.nu\/wp-content\/uploads\/2015\/11\/F\u00f6rfattarna.jpg 1612w\" sizes=\"auto, (max-width: 300px) 100vw, 300px\" \/><\/a>Det \u00e4r l\u00f6rdag i november, Karlstads bokcaf\u00e9 har en fin programh\u00f6st och den h\u00e4r eftermiddagen \u00e4r det Andrea Andreens syskonbarn Elisabet Larberg och Magna Andreen Sachs som ber\u00e4ttar. Nyss gav de ut biografin <span style=\"color: #ff0000;\"><a style=\"color: #ff0000;\" href=\"http:\/\/www.bokus.com\/bok\/9789176099544\/andrea-andreen-for-livets-skull\/\"><strong>Andrea Andreen: f\u00f6r livets skull<\/strong><\/a><\/span>. Klockan \u00e4r tre och caf\u00e9lokalen p\u00e5 Gjuteriet \u00e4r mer v\u00e4lbes\u00f6kt \u00e4n p\u00e5 l\u00e4nge. P\u00e5 bl\u00e4dderblocket st\u00e5r \u00e5tta namn. Eleonore, Elin W\u00e4gner, The Svedberg, Ada Nilsson, Elisabeth Tamm, Will Forbes, Eugenie Cotton, Hillevi Svedberg. Alla \u00e4r de m\u00e4nniskor som betytt mycket f\u00f6r fredsv\u00e4nnen och kvinnosakskvinnan Andrea. Nu bildar de ram i Elisabet Larbergs f\u00f6redrag om den sp\u00e4nnande mostern.<\/p>\n<p>Mamman Eleonore, f\u00f6rfattaren Elin W\u00e4gner som v\u00e4ckte Andrea f\u00f6r radikalpacifismen, The Svedberg, Nobelpristagare och hennes f\u00f6rste make, Ada Nilsson, kollegan ibland annat i sexualupplysningen, Elisabet Tamm, \u00e4garen av godset Fogelstad d\u00e4r Kvinnornas Medborgarskola startades, Will Forbes, diabetesspecialisten som hon tr\u00e4ffade i USA och som blev hennes livs k\u00e4rlek, Eugenie Cotton, ordf\u00f6rande i organisationen Kvinnornas Demokratiska V\u00e4rldsf\u00f6rbund som Andrea var med och startade efter kriget, Hillevi Svedberg, dottern och medresen\u00e4ren med vilken hon bland annat delade redakt\u00f6rskapet f\u00f6r tidskriften Vi Kvinnor\/Vi M\u00e4nskor \u00e5ren 1967-1971.<\/p>\n<p><strong>L\u00e4ngtar efter en borgerlig v\u00e4nster<br \/>\n<\/strong>Elisabet Larbergs ber\u00e4ttelse f\u00e5r mig snart att l\u00e4ngta efter n\u00e5got som en g\u00e5ng fanns och var viktig vid demokratins genombrott i Sverige. En borgerlig v\u00e4nster. Det var frisinnade de kallade sig, m\u00e5nga av kvinnorna som Andrea Andreen slog sig samman med i det politiska arbetet f\u00f6r fred och kvinnosak. L\u00e5ngt senare skulle Andrea bli beskylld f\u00f6r att vara kommunist, n\u00e5got som f\u00f6rfattarna av biografin f\u00f6rnekar att hon var.<\/p>\n<p>Det var tidsandan. Andrea begrep att ville hon k\u00e4mpa f\u00f6r internationell fred m\u00e5ste hon samtala med b\u00e5da parter i det kalla kriget. Allts\u00e5 gjorde hon det. Den g\u00e5ngen r\u00e4ckte det att \u00e5ka till Moskva och tala fred med ledarna d\u00e4r, f\u00f6r att bli beskylld f\u00f6r att vara kommunist. Trots att hon reste flitigt \u00e5t andra h\u00e5llet med. Inte blev det b\u00e4ttre n\u00e4r hon fick Stalinpriset av de sovjetiska ledarna.<\/p>\n<p>Socialdemokraternas kvinnof\u00f6rbund, d\u00e4r hon var medlem, st\u00e4llde henne inf\u00f6r ultimatum. Du f\u00e5r v\u00e4lja mellan att vara medlem hos oss eller i Svenska Kvinnors V\u00e4nsterf\u00f6rbund. SKV hade en g\u00e5ng hetat Frisinnade kvinnor och f\u00e5tt sitt nya namn n\u00e4r man ville bredda f\u00f6rbundet, s\u00e5 att b\u00e5de socialistisk v\u00e4nster och borgerlig v\u00e4nster skulle kunna arbeta tillsammans f\u00f6r fred och j\u00e4mst\u00e4lldhet.<\/p>\n<p>Andrea valde freden och j\u00e4mst\u00e4lldheten. Trots att s\u00e5 m\u00e5nga ville p\u00e5skina att SKV var en kommunistisk t\u00e4ckorganisation.<\/p>\n<p>Elisabet Larberg ber\u00e4ttar vidare. Vi smuttar v\u00e5rt kaffe och sj\u00e4lv l\u00e4ngtar jag som sagt efter en borgerlig v\u00e4nster. Ocks\u00e5. Efter f\u00f6redrag och fika \u00e4r det fr\u00e5gestund som vanligt.<\/p>\n<p>&#8211; Ja, hon var god v\u00e4n med Alva Myrdal och Inga Thorson.<br \/>\n&#8211; Ett motto hon ofta anv\u00e4nde kom fr\u00e5n v\u00e4nnen Elin W\u00e4gner. \u201dM\u00e4nskligheten m\u00e5ste avskaffa kriget innan kriget avskaffar m\u00e4nskligheten\u201d.<\/p>\n<p><strong>Som en sp\u00e4nnande film<br \/>\n<a href=\"https:\/\/sven-ove.nu\/wp-content\/uploads\/2015\/11\/Boken.jpg\"><img loading=\"lazy\" decoding=\"async\" class=\"alignright size-medium wp-image-13311\" src=\"https:\/\/sven-ove.nu\/wp-content\/uploads\/2015\/11\/Boken-300x263.jpg\" alt=\"Boken\" width=\"300\" height=\"263\" srcset=\"https:\/\/sven-ove.nu\/wp-content\/uploads\/2015\/11\/Boken-300x263.jpg 300w, https:\/\/sven-ove.nu\/wp-content\/uploads\/2015\/11\/Boken-1024x899.jpg 1024w, https:\/\/sven-ove.nu\/wp-content\/uploads\/2015\/11\/Boken.jpg 1196w\" sizes=\"auto, (max-width: 300px) 100vw, 300px\" \/><\/a><\/strong>N\u00e5gra dagar senare har jag hunnit l\u00e4sa boken. En fin skildring av en or\u00e4ttvist bortgl\u00f6md pionj\u00e4r var liv k\u00e4nns som en sp\u00e4nnande film. Pionj\u00e4r bland kvinnliga l\u00e4kare, h\u00e4lsofr\u00e4mjare, tidig f\u00f6respr\u00e5kare f\u00f6r insulin i Sverige, innan dess kemist och medhj\u00e4lpare till Nobelpristagaren The Svedberg, flitig sexualupplysare, organisat\u00f6r, redakt\u00f6r och skribent. Expert i Befolkningskommissionen och i den kommission som unders\u00f6kte om amerikanarna bedrivit bakteriologisk krigf\u00f6ring i Korea. Motst\u00e5ndare mot atomvapen, tidig vietnamdemonstrant. 1946-64 var hon ordf\u00f6rande i SKV, sa jag det?<\/p>\n<p>Efter f\u00f6rordet finns ett kort kapitel med Andreas egna ord, de som jag citerar nedan. D\u00e4refter g\u00e5r f\u00f6rfattarna igenom hennes h\u00e4rkomst och ungdom, Uppsalatiden och medicinstudierna, l\u00e4karg\u00e4rningen, arbetet med befolkningsfr\u00e5gan, kvinnornas fredspolitik, hennes resor och omfattande internationella engagemang, Koreakriget, Stalinpriset och m\u00e4nniskan Andrea Andreen. I biografin ger olika sl\u00e4ktingar var och en sin bild av henne. Den avslutas med en tidigare otryckt ess\u00e4, Kvinnorna och samh\u00e4llet, som hon skriv 1965.<\/p>\n<p style=\"padding-left: 30px;\"><em>\u201dI v\u00e5ra dagar lever alla jordens kvinnor i manssamh\u00e4llen.\u201d<\/em><\/p>\n<p>Sa jag att hon som l\u00e4kare var en tidig f\u00f6rk\u00e4mpe f\u00f6r kvinnlig idrott? D\u00e5, n\u00e4r idrottens pampar g\u00e4rna h\u00e4vdade att det skulle vara skadligt f\u00f6r kvinnliga b\u00e4ckenbottnar att springa och hoppa.<\/p>\n<p>Jag tycker om den f\u00f6rk\u00e4mpen.<\/p>\n<h4><span style=\"color: #ff0000;\"><em><strong> <a href=\"https:\/\/sven-ove.nu\/wp-content\/uploads\/2015\/11\/Andrea-Andreen-1917.jpg\"><img loading=\"lazy\" decoding=\"async\" class=\"alignright size-full wp-image-13303\" src=\"https:\/\/sven-ove.nu\/wp-content\/uploads\/2015\/11\/Andrea-Andreen-1917.jpg\" alt=\"Andrea Andreen 1917\" width=\"250\" height=\"349\" srcset=\"https:\/\/sven-ove.nu\/wp-content\/uploads\/2015\/11\/Andrea-Andreen-1917.jpg 250w, https:\/\/sven-ove.nu\/wp-content\/uploads\/2015\/11\/Andrea-Andreen-1917-215x300.jpg 215w\" sizes=\"auto, (max-width: 250px) 100vw, 250px\" \/><\/a><span style=\"color: #808080;\">Andrea Andreen:\u00a0<\/span><br \/>\n<\/strong><strong><span style=\"color: #808080;\">F\u00d6R LIVETS SKULL<\/span><br \/>\n<\/strong><\/em><\/span><\/h4>\n<p><em>Ingenting kan vara viktigare f\u00f6r oss m\u00e4nniskor \u00e4n att skydda livet p\u00e5 denna planet, som \u00e4r v\u00e5rt gemensamma arv. Ingenting kan vara viktigare \u00e4n att skydda v\u00e5ra tillg\u00e5ngar och bruka dem med visdom.<\/em><\/p>\n<p><em>B\u00e4ttre kan man inte skildra v\u00e5rt gemensamma arv \u00e4n Harry Martinsson gjort i ANIARA:<\/em><\/p>\n<p style=\"padding-left: 30px;\"><em>(\u2026) klenoden i v\u00e5rt solsystem,<\/em><br \/>\n<em>det enda klot d\u00e4r Livet f\u00e5tt<\/em><br \/>\n<em>ett land av mj\u00f6lk och honung. (\u2026)<\/em><br \/>\n<em>(ur s\u00e5ng 79)<\/em><\/p>\n<p><em>Det g\u00e4ller att skydda m\u00e4nniskolivet, hela m\u00e4nskligheten, att minska m\u00e4nskligt lidande, att ge alla m\u00e4nskor ett m\u00e4nniskov\u00e4rdigt liv.<\/em><\/p>\n<p><em>Vi vet hur fj\u00e4rran vi \u00e4r fr\u00e5n detta m\u00e5l.<\/em><\/p>\n<p><em>En viktig orsak till att m\u00e4nskligheten farit vilse \u00e4r s\u00e4kerligen det faktum att halva m\u00e4nskosl\u00e4ktet \u2013 kvinnorna \u2013 praktiskt saknar inflytande p\u00e5 v\u00e4rldens ledning. N\u00e4r det ena k\u00f6net undertrycks sedan \u00e5rtusenden \u00f6ver hela jorden m\u00e5ste detta p\u00e5verka m\u00e4nskligheten i dess helhet. Den m\u00e5ste fara vilse.<\/em><\/p>\n<p><em>I v\u00e5r tid med dess v\u00e4ldiga, snabba f\u00f6r\u00e4ndringar p\u00e5 alla omr\u00e5den blir bristen p\u00e5 kvinnor bland v\u00e4rldens ledare \u00e4n mer \u00f6desdiger.<\/em><\/p>\n<p><em>D\u00e4rf\u00f6r m\u00e5ste kvinnornas inflytande p\u00e5 v\u00e4rldens ledning v\u00e4xa snabbt.<\/em><\/p>\n<p><em>Det g\u00e4ller att st\u00f6dja alla str\u00e4vanden till \u00f6kat kvinnoinflytande i samh\u00e4llet och d\u00e4rmed vinna en b\u00e4ttre balans \u2013 ett m\u00e4nskligare samh\u00e4lle.<\/em><\/p>\n<p><em>M\u00e5h\u00e4nda \u00e4r \u00f6kat kvinnoinflytande ocks\u00e5 en v\u00e4g att r\u00e4dda m\u00e4nskligheten fr\u00e5n underg\u00e5ng. Mycket talar f\u00f6r att kvinnor i stort sett \u00e4r mer medvetna \u00e4n m\u00e4n om n\u00f6dv\u00e4ndigheten av att undvika krig i k\u00e4rnvapnens tids\u00e5lder, n\u00e4r man \u00f6nskar en framtid f\u00f6r m\u00e4nskligheten.<\/em><\/p>\n<p><span style=\"color: #000000;\"><em><strong>Andrea Andreen<\/strong><\/em><\/span><br \/>\n<em>Vi M\u00e4nskor 1970 nr 4<\/em><\/p>\n<h4 style=\"text-align: left;\"><span style=\"color: #000000;\"><strong>Kommande program\u00a0med Karlstads bokcaf\u00e9<\/strong><\/span><\/h4>\n<p style=\"text-align: left;\">Onsdag 18 nov: Ingrid Carlgren \u2013 Hur kan vi \u00e5terta skolan som en samh\u00e4llsbyggande institution f\u00f6r demokrati och bildning?<br \/>\nL\u00f6rdag 21 nov: Yvonne Hirdman \u2013 Medan jag var ung, egohistoria fr\u00e5n 1900-talet.<br \/>\nTisdag 24 nov: Helene L\u00f6\u00f6w \u2013 Nazismen i Sverige 2000-2014.<br \/>\nOnsdag 2 dec: Annika Jonsson \u2013 D\u00f6den och banden som finns kvar.<\/p>\n<p style=\"text-align: left;\">L\u00e4s mer om programmen <span style=\"color: #ff0000;\"><a style=\"color: #ff0000;\" href=\"http:\/\/karlstadbokcafe.se\/kommande-arrangemang\/\">h\u00e4r<\/a><\/span>.<\/p>\n","protected":false},"excerpt":{"rendered":"<p>\u201dEn viktig orsak till att m\u00e4nskligheten farit vilse \u00e4r s\u00e4kerligen det faktum att halva m\u00e4nniskosl\u00e4ktet \u2013 kvinnorna \u2013 praktiskt saknar inflytande p\u00e5 v\u00e4rldens ledning. N\u00e4r det ena k\u00f6net undertrycks sedan \u00e5rtusenden \u00f6ver hela jorden m\u00e5ste detta p\u00e5verka m\u00e4nskligheten i dess helhet. Den m\u00e5ste fara vilse.\u201d F\u00f6rst kan jag inte best\u00e4mma mig f\u00f6r vilket citat av &hellip; <a href=\"https:\/\/sven-ove.nu\/?p=13301\" class=\"more-link\">Forts\u00e4tt l\u00e4sa <span class=\"screen-reader-text\">N\u00e4r halva m\u00e4nniskosl\u00e4ktet saknar inflytande<\/span><\/a><\/p>\n","protected":false},"author":1,"featured_media":13310,"comment_status":"open","ping_status":"open","sticky":false,"template":"","format":"standard","meta":{"_crdt_document":"","_monsterinsights_skip_tracking":false,"_monsterinsights_sitenote_active":false,"_monsterinsights_sitenote_note":"","_monsterinsights_sitenote_category":0,"footnotes":""},"categories":[28,9,4],"tags":[8,14,17],"class_list":["post-13301","post","type-post","status-publish","format-standard","has-post-thumbnail","hentry","category-kreativt-folk","category-politik","category-skrivande","tag-historia","tag-lasning","tag-solidaritet"],"_links":{"self":[{"href":"https:\/\/sven-ove.nu\/index.php?rest_route=\/wp\/v2\/posts\/13301","targetHints":{"allow":["GET"]}}],"collection":[{"href":"https:\/\/sven-ove.nu\/index.php?rest_route=\/wp\/v2\/posts"}],"about":[{"href":"https:\/\/sven-ove.nu\/index.php?rest_route=\/wp\/v2\/types\/post"}],"author":[{"embeddable":true,"href":"https:\/\/sven-ove.nu\/index.php?rest_route=\/wp\/v2\/users\/1"}],"replies":[{"embeddable":true,"href":"https:\/\/sven-ove.nu\/index.php?rest_route=%2Fwp%2Fv2%2Fcomments&post=13301"}],"version-history":[{"count":12,"href":"https:\/\/sven-ove.nu\/index.php?rest_route=\/wp\/v2\/posts\/13301\/revisions"}],"predecessor-version":[{"id":13317,"href":"https:\/\/sven-ove.nu\/index.php?rest_route=\/wp\/v2\/posts\/13301\/revisions\/13317"}],"wp:featuredmedia":[{"embeddable":true,"href":"https:\/\/sven-ove.nu\/index.php?rest_route=\/wp\/v2\/media\/13310"}],"wp:attachment":[{"href":"https:\/\/sven-ove.nu\/index.php?rest_route=%2Fwp%2Fv2%2Fmedia&parent=13301"}],"wp:term":[{"taxonomy":"category","embeddable":true,"href":"https:\/\/sven-ove.nu\/index.php?rest_route=%2Fwp%2Fv2%2Fcategories&post=13301"},{"taxonomy":"post_tag","embeddable":true,"href":"https:\/\/sven-ove.nu\/index.php?rest_route=%2Fwp%2Fv2%2Ftags&post=13301"}],"curies":[{"name":"wp","href":"https:\/\/api.w.org\/{rel}","templated":true}]}}