{"id":13384,"date":"2015-11-23T03:00:46","date_gmt":"2015-11-23T02:00:46","guid":{"rendered":"http:\/\/sven-ove.nu\/?p=13384"},"modified":"2015-11-22T23:13:47","modified_gmt":"2015-11-22T22:13:47","slug":"fem-ganger-glimrar-var-resa","status":"publish","type":"post","link":"https:\/\/sven-ove.nu\/?p=13384","title":{"rendered":"Fem g\u00e5nger glimrar v\u00e5r resa"},"content":{"rendered":"<p><a href=\"https:\/\/sven-ove.nu\/wp-content\/uploads\/2015\/11\/Karin-Broos-utst\u00e4llning-p\u00e5-Waldemarsudde.jpg\"><img loading=\"lazy\" decoding=\"async\" class=\"size-large wp-image-13389 alignnone\" src=\"https:\/\/sven-ove.nu\/wp-content\/uploads\/2015\/11\/Karin-Broos-utst\u00e4llning-p\u00e5-Waldemarsudde-1024x768.jpg\" alt=\"Karin Broos-utst\u00e4llning p\u00e5 Waldemarsudde\" width=\"660\" height=\"495\" srcset=\"https:\/\/sven-ove.nu\/wp-content\/uploads\/2015\/11\/Karin-Broos-utst\u00e4llning-p\u00e5-Waldemarsudde-1024x768.jpg 1024w, https:\/\/sven-ove.nu\/wp-content\/uploads\/2015\/11\/Karin-Broos-utst\u00e4llning-p\u00e5-Waldemarsudde-300x225.jpg 300w, https:\/\/sven-ove.nu\/wp-content\/uploads\/2015\/11\/Karin-Broos-utst\u00e4llning-p\u00e5-Waldemarsudde.jpg 1632w\" sizes=\"auto, (max-width: 660px) 100vw, 660px\" \/><\/a><\/p>\n<p style=\"padding-left: 30px;\"><em>Fr\u00e5n Karin Broos utst\u00e4llning p\u00e5 Waldemarsudde.<\/em><\/p>\n<p>Helg i november. \u00c5ker t\u00e5g genom ett vitt Mellansverige. Medresen\u00e4rerna p\u00e5 andra sidan mittg\u00e5ngen dricker s\u00f6tt medhavt te och talar ett spr\u00e5k jag inte f\u00f6rst\u00e5r. Det k\u00e4nns bra. Varm tedoft slingrar sig fram genom ett t\u00e5gs\u00e4tt d\u00e4r ingen servering finns, f\u00f6r detta \u00e4r ett regionalt\u00e5g. Hur skulle det se ut om ett s\u00e5dant s\u00e4tt s\u00e5lde fika?<\/p>\n<p>N\u00e4rke ser krispigt ut, nyss ritade solen ett lilaorange streck vid \u00f6stra horisonten.<\/p>\n<p>Vem orkar l\u00e4sa n\u00e4r resan \u00e4r ett rullande mellanfolkligt \u00e5rstidsprojekt? Arabiska, nu h\u00f6r jag det. En s\u00e4rskild sorts L rullar genom luften, mellersta \u00f6sterns v\u00e4rml\u00e4ndska. De kommer att s\u00e4ga \u00e4lg p\u00e5 ett vackert s\u00e4tt.<\/p>\n<p>V\u00e4rlden \u00e4r en f\u00f6rvirrad men sp\u00e4nnande plats. S\u00e5 m\u00e5nga \u00f6den i en fridfull t\u00e5gkup\u00e9, framrusande mellan vitfrusna granar.<\/p>\n<p><strong>St\u00f6rre underverk \u00e4n s\u00e4deskornet<br \/>\n<\/strong>Likafullt l\u00e4ser jag \u00e4n en g\u00e5ng i <strong>Olof Lagercrantz <\/strong>t\u00e4nkebok <span style=\"color: #ff0000;\"><a style=\"color: #ff0000;\" href=\"http:\/\/www.bokus.com\/bok\/9789143501872\/om-konsten-att-lasa-och-skriva\/\">Om konsten att l\u00e4sa och skriva<\/a><\/span>. Sida efter sida glimrar \u00e4n.<\/p>\n<p style=\"padding-left: 30px;\"><em>\u201dVad sker n\u00e4r vi l\u00e4ser? \u00d6gat f\u00f6ljer svarta bokstavstecken p\u00e5 det vita papperet fr\u00e5n v\u00e4nster till h\u00f6ger, \u00e5ter och \u00e5ter. Och varelser, natur eller tankar, som en annan t\u00e4nkt, nyss eller f\u00f6r tusen \u00e5r sen, stiger fram i v\u00e5r inbillning. Det \u00e4r ett underverk st\u00f6rre \u00e4n att ett s\u00e4deskorn ur faraonernas gravar f\u00f6rm\u00e5tts att gro. Och det sker var stund.\u201d<\/em><\/p>\n<p>I h\u00f6jd med Hallsberg tar jag fram <strong>Fredrik Backmans<\/strong> roman <span style=\"color: #ff0000;\"><a style=\"color: #ff0000;\" href=\"http:\/\/www.adlibris.com\/se\/bok\/min-mormor-halsar-och-sager-forlat-9789137140551\">Min mormor h\u00e4lsar och s\u00e4ger f\u00f6rl\u00e5t<\/a><\/span>. Den har v\u00e4ntat i ol\u00e4sta h\u00f6gen hemma l\u00e4nge. Efter tre sidor har jag skrattat h\u00f6gt i kup\u00e9n fyra g\u00e5nger. Alla ler och tittar p\u00e5 mig. Utom en. Henne \u00e4lskar jag.<\/p>\n<p>Vem orkar l\u00e5ta bli att l\u00e4sa?<br \/>\nVissa bokst\u00e4ver bara l\u00e4ngtar efter att f\u00e5 g\u00f6ra mig medskapande.<\/p>\n<p><strong>Melankoliska kvinnor p\u00e5 gr\u00e4nser<br \/>\n<\/strong>P\u00e5 kv\u00e4llen vid Mariatorget f\u00f6rklarar <strong>\u00d6zz N\u00fcjen<\/strong> och <strong>M\u00e5ns M\u00f6ller<\/strong> Sveriges historia s\u00e5 att minsta rasist skulle ha fattat den om de varit h\u00e4r. &#8221;S\u00e5 har det alltid varit&#8221; &#8211; har det aldrig varit.<\/p>\n<p>N\u00e4sta dag g\u00f6r kondukt\u00f6ren p\u00e5 sp\u00e5rvagnen allt hon kan f\u00f6r att hitta billigaste priset \u00e5t oss ut till Waldemarsudde. D\u00e4r glimrar v\u00e5r resa f\u00f6r femte g\u00e5ngen. <strong>Karin Broos<\/strong> <span style=\"color: #ff0000;\"><a style=\"color: #ff0000;\" href=\"http:\/\/www.waldemarsudde.se\/utstallningar\/utstallning\/2015\/karin-broos\/\">utst\u00e4llning Still Life<\/a><\/span>. Dessa fantastiska m\u00e5lningar, dessa melankoliska kvinnor, alltid p\u00e5 gr\u00e4nsen.<\/p>\n<p style=\"padding-left: 30px;\"><em>\u201dSom modeller kan de markera unga m\u00f6drar, d\u00f6ttrar eller systrar. Alla vistas de p\u00e5 gr\u00e4nser \u2013 vid \u00f6verg\u00e5ngar eller draperier, t\u00e5gf\u00f6nster, vatten, speglar eller d\u00f6rr\u00f6ppningar. Karin Broos m\u00e5lar \u00f6gonblick d\u00e5 kvinnorna befinner sig mellan olika tillst\u00e5nd, mellan fast och flytande, mellan dr\u00f6m och verklighet.\u201d<\/em><\/p>\n<p>\u00c5r 2015 \u00e4r jag glad att jag inte <strong>m\u00e5ste<\/strong> resa men \u00e4nd\u00e5 m\u00e5ste.<\/p>\n<p><em><span style=\"color: #ff0000;\"><strong>#<\/strong><\/span>\u00a0P\u00e5 t\u00e5get hem f\u00f6rs\u00f6ker jag\u00a0l\u00e4gga ut det h\u00e4r p\u00e5\u00a0Facebook:<br \/>\n<\/em><em><span style=\"color: #ff0000;\"><strong>#<\/strong><\/span> \u201d<\/em><em>Vi hade andra k\u00e4llor \u00e4n Facebook, avsl\u00f6jar S\u00e4po. (De s\u00e4ger det inte men en \u00e4r med i SD, en samlar p\u00e5 foton av flygplanskondens och en har v\u00e4ldiga problem med en rymdvarelse som siktar p\u00e5 honom med str\u00e5lkanon).\u201d<br \/>\n<\/em><em><span style=\"color: #ff0000;\"><strong>#<\/strong><\/span> D\u00e5 hakar v\u00e4rmen upp sig i kup\u00e9n i h\u00f6gsta l\u00e4get i tv\u00e5 timmar. Facebook d\u00f6r i fjorton minuter. H\u00e5rt liv.<\/em><\/p>\n","protected":false},"excerpt":{"rendered":"<p>Fr\u00e5n Karin Broos utst\u00e4llning p\u00e5 Waldemarsudde. Helg i november. \u00c5ker t\u00e5g genom ett vitt Mellansverige. Medresen\u00e4rerna p\u00e5 andra sidan mittg\u00e5ngen dricker s\u00f6tt medhavt te och talar ett spr\u00e5k jag inte f\u00f6rst\u00e5r. Det k\u00e4nns bra. Varm tedoft slingrar sig fram genom ett t\u00e5gs\u00e4tt d\u00e4r ingen servering finns, f\u00f6r detta \u00e4r ett regionalt\u00e5g. Hur skulle det se &hellip; <a href=\"https:\/\/sven-ove.nu\/?p=13384\" class=\"more-link\">Forts\u00e4tt l\u00e4sa <span class=\"screen-reader-text\">Fem g\u00e5nger glimrar v\u00e5r resa<\/span><\/a><\/p>\n","protected":false},"author":1,"featured_media":0,"comment_status":"open","ping_status":"open","sticky":false,"template":"","format":"standard","meta":{"_crdt_document":"","_monsterinsights_skip_tracking":false,"_monsterinsights_sitenote_active":false,"_monsterinsights_sitenote_note":"","_monsterinsights_sitenote_category":0,"footnotes":""},"categories":[10,28,4],"tags":[8],"class_list":["post-13384","post","type-post","status-publish","format-standard","hentry","category-familjen","category-kreativt-folk","category-skrivande","tag-historia"],"_links":{"self":[{"href":"https:\/\/sven-ove.nu\/index.php?rest_route=\/wp\/v2\/posts\/13384","targetHints":{"allow":["GET"]}}],"collection":[{"href":"https:\/\/sven-ove.nu\/index.php?rest_route=\/wp\/v2\/posts"}],"about":[{"href":"https:\/\/sven-ove.nu\/index.php?rest_route=\/wp\/v2\/types\/post"}],"author":[{"embeddable":true,"href":"https:\/\/sven-ove.nu\/index.php?rest_route=\/wp\/v2\/users\/1"}],"replies":[{"embeddable":true,"href":"https:\/\/sven-ove.nu\/index.php?rest_route=%2Fwp%2Fv2%2Fcomments&post=13384"}],"version-history":[{"count":9,"href":"https:\/\/sven-ove.nu\/index.php?rest_route=\/wp\/v2\/posts\/13384\/revisions"}],"predecessor-version":[{"id":13394,"href":"https:\/\/sven-ove.nu\/index.php?rest_route=\/wp\/v2\/posts\/13384\/revisions\/13394"}],"wp:attachment":[{"href":"https:\/\/sven-ove.nu\/index.php?rest_route=%2Fwp%2Fv2%2Fmedia&parent=13384"}],"wp:term":[{"taxonomy":"category","embeddable":true,"href":"https:\/\/sven-ove.nu\/index.php?rest_route=%2Fwp%2Fv2%2Fcategories&post=13384"},{"taxonomy":"post_tag","embeddable":true,"href":"https:\/\/sven-ove.nu\/index.php?rest_route=%2Fwp%2Fv2%2Ftags&post=13384"}],"curies":[{"name":"wp","href":"https:\/\/api.w.org\/{rel}","templated":true}]}}