{"id":13395,"date":"2015-11-25T03:00:57","date_gmt":"2015-11-25T02:00:57","guid":{"rendered":"http:\/\/sven-ove.nu\/?p=13395"},"modified":"2015-11-24T07:39:35","modified_gmt":"2015-11-24T06:39:35","slug":"min-svenska-historia","status":"publish","type":"post","link":"https:\/\/sven-ove.nu\/?p=13395","title":{"rendered":"Min svenska historia"},"content":{"rendered":"<blockquote><p>L\u00e4gg ut fem bilder, en om dagen, fem dagar i str\u00e4ck, minst 15 \u00e5r gamla. Det var vad en v\u00e4n p\u00e5 Facebook bad mig. Resultatet blev en historiebok \u00f6ver Sverige och mitt liv, hittills. Det blir det s\u00e4kert f\u00f6r alla.<\/p><\/blockquote>\n<p>Sju skolor jag g\u00e5tt i har lagts ner. Varje regemente och v\u00e4rnpliktssystem jag tillh\u00f6r avskaffar de. Varje kl\u00e4dmode jag gillar blir f\u00f6r\u00e5ldrat.<\/p>\n<p>\u2026 men en sak har inte historien \u00e4ndrat p\u00e5. Tre f\u00f6rresten. Jag dr\u00f6mmer \u00e4n.<\/p>\n<p><a href=\"https:\/\/sven-ove.nu\/wp-content\/uploads\/2015\/11\/Bild-1.jpg\"><img loading=\"lazy\" decoding=\"async\" class=\"size-large wp-image-13400 alignnone\" src=\"https:\/\/sven-ove.nu\/wp-content\/uploads\/2015\/11\/Bild-1-1024x705.jpg\" alt=\"Bild 1\" width=\"660\" height=\"454\" srcset=\"https:\/\/sven-ove.nu\/wp-content\/uploads\/2015\/11\/Bild-1-1024x705.jpg 1024w, https:\/\/sven-ove.nu\/wp-content\/uploads\/2015\/11\/Bild-1-300x207.jpg 300w\" sizes=\"auto, (max-width: 660px) 100vw, 660px\" \/><\/a><\/p>\n<p>1.<br \/>\n1959. Jag kom flyttande fr\u00e5n gamla F\u00e4rjestadskolan, som hade m\u00e5nga elever, till skolan i B\u00e4ckelid. D\u00e4r blev vi nio barn med mig, klass 1 och klass 2. Redan p\u00e5 f\u00f6rsta rasten kom min spontana replik, f\u00f6r evigt ber\u00f6md i \u00f6stra Nyed:<\/p>\n<p>&#8211; LEKER NI M\u00c4 TJ\u00c4JJERA?!!<\/p>\n<p>Bilden \u00e4r tagen n\u00e5gra m\u00e5nader senare, fortfarande v\u00e5rterminen i ettan. Fotbollsplanen i bakgrunden lutar \u00e4n, men ordet \u201dtjej\u201d hade ingen sagt f\u00f6rut p\u00e5 den gr\u00e4smattan. \u00c4lskade B\u00e4ckelid.<\/p>\n<p><a href=\"https:\/\/sven-ove.nu\/wp-content\/uploads\/2015\/11\/Bild-2.jpg\"><img loading=\"lazy\" decoding=\"async\" class=\"size-large wp-image-13401 alignnone\" src=\"https:\/\/sven-ove.nu\/wp-content\/uploads\/2015\/11\/Bild-2-1011x1024.jpg\" alt=\"Bild 2\" width=\"660\" height=\"668\" srcset=\"https:\/\/sven-ove.nu\/wp-content\/uploads\/2015\/11\/Bild-2-1011x1024.jpg 1011w, https:\/\/sven-ove.nu\/wp-content\/uploads\/2015\/11\/Bild-2-296x300.jpg 296w, https:\/\/sven-ove.nu\/wp-content\/uploads\/2015\/11\/Bild-2.jpg 1271w\" sizes=\"auto, (max-width: 660px) 100vw, 660px\" \/><\/a><\/p>\n<p>2.<br \/>\nInnan skrivandet, k\u00e4rleken och v\u00e4rldsf\u00f6rb\u00e4ttrandet kom in i bilden var det idrott jag dr\u00f6mde om. Fast inte h\u00e4r, bilden \u00e4r fr\u00e5n Almar 1955 och h\u00e4r dr\u00f6mmer jag mest om att bli gammal nog att f\u00e5 en egen t\u00e4ljkniv. Nio \u00e5r senare \u00e4r jag l\u00f6pvillig h\u00f6gerhalv i ett skollag fr\u00e5n Molkom, f\u00f6rst upp i anfallet, f\u00f6rst hem i f\u00f6rsvar. Livsfarlig s\u00e5 fort jag f\u00e5r bollen. Livsfarlig f\u00f6r det egna laget.<\/p>\n<p>Jag gillade verkligen den m\u00f6ssan.<\/p>\n<p><a href=\"https:\/\/sven-ove.nu\/wp-content\/uploads\/2015\/11\/Bild-4.jpg\"><img loading=\"lazy\" decoding=\"async\" class=\"size-large wp-image-13402 alignnone\" src=\"https:\/\/sven-ove.nu\/wp-content\/uploads\/2015\/11\/Bild-4-1024x624.jpg\" alt=\"Bild 4\" width=\"660\" height=\"402\" srcset=\"https:\/\/sven-ove.nu\/wp-content\/uploads\/2015\/11\/Bild-4-1024x624.jpg 1024w, https:\/\/sven-ove.nu\/wp-content\/uploads\/2015\/11\/Bild-4-300x183.jpg 300w\" sizes=\"auto, (max-width: 660px) 100vw, 660px\" \/><\/a><\/p>\n<p>3.<br \/>\nDet h\u00e4r \u00e4r inte ber\u00e4ttelsen om en 16-\u00e5ring som vann en novellprist\u00e4vling och b\u00f6rjade dr\u00f6mma. Inte om en f\u00e4rsk journalist som for p\u00e5 uppdrag tre mil fr\u00e5n kn\u00e4ckebr\u00f6dstaden till den lilla bondg\u00e5rden i slutet p\u00e5 v\u00e4gen med de h\u00f6gsta sn\u00f6vallarna i bevakningsomr\u00e5det, f\u00f6r att skriva om ynglingen. Inte om hur journalisten kanade i diket. Inte ens om hur han r\u00e5kade st\u00e4lla in sk\u00e4rpan p\u00e5 Bildjournalen-idolerna p\u00e5 v\u00e4ggen i st\u00e4llet f\u00f6r p\u00e5 16-\u00e5ringen och hans pappa och syskon.<\/p>\n<p>Nej nej. Det \u00e4r ber\u00e4ttelsen om hur jag tr\u00e4ffade den k\u00e4ra v\u00e4nnen. Hon s\u00e5g bilden i tidningen V\u00e4rmlandsberg och m\u00e5ste ha f\u00e5tt en id\u00e9. D\u00e4rf\u00f6r var det bra att sk\u00e4rpan blev s\u00e5 mjuk och fin.<\/p>\n<p>Jag tr\u00e4ffade journalisten p\u00e5 en facklig kurs 15 \u00e5r senare. Han kom ih\u00e5g irrf\u00e4rden till \u00c4ngeb\u00e4ckstorp.<\/p>\n<p><a href=\"https:\/\/sven-ove.nu\/wp-content\/uploads\/2015\/11\/Bild-5.jpg\"><img loading=\"lazy\" decoding=\"async\" class=\"size-large wp-image-13403 alignnone\" src=\"https:\/\/sven-ove.nu\/wp-content\/uploads\/2015\/11\/Bild-5-1005x1024.jpg\" alt=\"Bild 5\" width=\"660\" height=\"672\" srcset=\"https:\/\/sven-ove.nu\/wp-content\/uploads\/2015\/11\/Bild-5-1005x1024.jpg 1005w, https:\/\/sven-ove.nu\/wp-content\/uploads\/2015\/11\/Bild-5-294x300.jpg 294w, https:\/\/sven-ove.nu\/wp-content\/uploads\/2015\/11\/Bild-5.jpg 1087w\" sizes=\"auto, (max-width: 660px) 100vw, 660px\" \/><\/a><\/p>\n<p>4.<br \/>\nBataljons\u00f6vning i Dalarna, december 1971. Vi maskerade stabst\u00e4ltet s\u00e5 bra att inte ens skolflygplanet som fl\u00f6g strax ovan grantopparna uppt\u00e4ckte oss. P\u00e5 bilden \u00e4r det Persson, Lindstr\u00f6m, jag, Ek, Henriksson och Nilsson. (Foto: Rask). N\u00e5gra \u00e4r tr\u00e5db\u00f6gar (ja, det hette s\u00e5), n\u00e5gra av oss telegrafister. \u00c4n i dag ligger en bottenplatta till en h\u00f6gantenn fr\u00e5n I2 i Karlstad kvar i dalaskogarna. Det \u00e4r mitt fel, jag gl\u00f6mde den.<\/p>\n<p>Efter tre dagar utan att kunna tv\u00e4tta oss hade vi passerat snuskgr\u00e4nsen och brydde oss inte. Det h\u00e4r \u00e4r dag fyra. Dag sju anm\u00e4lde hela kompaniet sig till kyrkf\u00e4rd till Boda kyrka. Vi ville se flickor. Det var inte \u00f6msesidigt.<\/p>\n<p><a href=\"https:\/\/sven-ove.nu\/wp-content\/uploads\/2015\/11\/Bild-3.jpg\"><img loading=\"lazy\" decoding=\"async\" class=\"size-large wp-image-13404 alignnone\" src=\"https:\/\/sven-ove.nu\/wp-content\/uploads\/2015\/11\/Bild-3-1024x775.jpg\" alt=\"Bild 3\" width=\"660\" height=\"500\" srcset=\"https:\/\/sven-ove.nu\/wp-content\/uploads\/2015\/11\/Bild-3-1024x775.jpg 1024w, https:\/\/sven-ove.nu\/wp-content\/uploads\/2015\/11\/Bild-3-300x227.jpg 300w\" sizes=\"auto, (max-width: 660px) 100vw, 660px\" \/><\/a><\/p>\n<p>5.<br \/>\nI m\u00e5nga \u00e5r n\u00e4r Bran\u00e4s skulle debatteras fick NWT-l\u00e4sarna se min \u00e4nda. Allt hade b\u00f6rjat med att fotografen Christer H\u00f6glund fick en id\u00e9. S\u00e5 vi for norrut, hyrde utrustning i Sunne och blev till sist skjutsade till Bran\u00e4stoppen, via baksidan p\u00e5 berget. Trodde vi. Det visade sig att vi hade flera kilometer kvar till kr\u00f6net. Oplogad skogsbilv\u00e4g, snett uppf\u00f6r, slalompj\u00e4xor och slalomskidor. Sj\u00f6svettiga kom vi upp, solen h\u00f6ll p\u00e5 att g\u00e5 ner \u00f6ver nordv\u00e4rmland och den skarpt kritiserade skidanl\u00e4ggningen var bara ett risigt hygge \u00e4n s\u00e5 l\u00e4nge, med 40 centimeter pudersn\u00f6. D\u00e4r kastade vi oss utf\u00f6r. Efter 50 meter l\u00f6ste riset ut bindningarna och jag l\u00e5g i l\u00f6ssn\u00f6n och sprattlade med ryggs\u00e4cken underst. Det fortsatte sedan hela tiden, var 50:e meter.<\/p>\n<p>Men f\u00f6rst var vi och min \u00e4nda hamnade i NWT:s arkiv under rubriken \u201dBran\u00e4s\u201d.<\/p>\n<p>\u00c5k aldrig slalom tv\u00e5 kilometer uppf\u00f6r, flera \u00e5r innan liftarna \u00e4r beslutade.<\/p>\n<p><em><span style=\"color: #008000;\">##<\/span> F\u00f6rst att \u00e5ka nerf\u00f6r berget var vi s\u00e4kert inte, men f\u00f6rsta tidning tror vi.<br \/>\n<\/em><em><span style=\"color: #008000;\">##<\/span> Redan 1917 gjorde Svenska Turistf\u00f6reningen reklam f\u00f6r Bran\u00e4sberget, f\u00f6rare till toppen kunde lejas p\u00e5 orten. Fast det var nog sommarturism.<br \/>\n<\/em><em><span style=\"color: #008000;\">##<\/span> Jag misst\u00e4nker att folk gick p\u00e5 skidor p\u00e5 berget, kanske med gev\u00e4r p\u00e5 ryggen, redan p\u00e5 1800-talet. Om inte tidigare.<\/em><\/p>\n","protected":false},"excerpt":{"rendered":"<p>L\u00e4gg ut fem bilder, en om dagen, fem dagar i str\u00e4ck, minst 15 \u00e5r gamla. Det var vad en v\u00e4n p\u00e5 Facebook bad mig. Resultatet blev en historiebok \u00f6ver Sverige och mitt liv, hittills. Det blir det s\u00e4kert f\u00f6r alla. Sju skolor jag g\u00e5tt i har lagts ner. Varje regemente och v\u00e4rnpliktssystem jag tillh\u00f6r avskaffar &hellip; <a href=\"https:\/\/sven-ove.nu\/?p=13395\" class=\"more-link\">Forts\u00e4tt l\u00e4sa <span class=\"screen-reader-text\">Min svenska historia<\/span><\/a><\/p>\n","protected":false},"author":1,"featured_media":0,"comment_status":"open","ping_status":"open","sticky":false,"template":"","format":"standard","meta":{"_crdt_document":"","_monsterinsights_skip_tracking":false,"_monsterinsights_sitenote_active":false,"_monsterinsights_sitenote_note":"","_monsterinsights_sitenote_category":0,"footnotes":""},"categories":[10,28,5,6,4],"tags":[8,24,15,21],"class_list":["post-13395","post","type-post","status-publish","format-standard","hentry","category-familjen","category-kreativt-folk","category-lopning","category-natur","category-skrivande","tag-historia","tag-karlek","tag-mediedjungeln","tag-ord"],"_links":{"self":[{"href":"https:\/\/sven-ove.nu\/index.php?rest_route=\/wp\/v2\/posts\/13395","targetHints":{"allow":["GET"]}}],"collection":[{"href":"https:\/\/sven-ove.nu\/index.php?rest_route=\/wp\/v2\/posts"}],"about":[{"href":"https:\/\/sven-ove.nu\/index.php?rest_route=\/wp\/v2\/types\/post"}],"author":[{"embeddable":true,"href":"https:\/\/sven-ove.nu\/index.php?rest_route=\/wp\/v2\/users\/1"}],"replies":[{"embeddable":true,"href":"https:\/\/sven-ove.nu\/index.php?rest_route=%2Fwp%2Fv2%2Fcomments&post=13395"}],"version-history":[{"count":13,"href":"https:\/\/sven-ove.nu\/index.php?rest_route=\/wp\/v2\/posts\/13395\/revisions"}],"predecessor-version":[{"id":13413,"href":"https:\/\/sven-ove.nu\/index.php?rest_route=\/wp\/v2\/posts\/13395\/revisions\/13413"}],"wp:attachment":[{"href":"https:\/\/sven-ove.nu\/index.php?rest_route=%2Fwp%2Fv2%2Fmedia&parent=13395"}],"wp:term":[{"taxonomy":"category","embeddable":true,"href":"https:\/\/sven-ove.nu\/index.php?rest_route=%2Fwp%2Fv2%2Fcategories&post=13395"},{"taxonomy":"post_tag","embeddable":true,"href":"https:\/\/sven-ove.nu\/index.php?rest_route=%2Fwp%2Fv2%2Ftags&post=13395"}],"curies":[{"name":"wp","href":"https:\/\/api.w.org\/{rel}","templated":true}]}}