{"id":13420,"date":"2015-11-27T03:00:36","date_gmt":"2015-11-27T02:00:36","guid":{"rendered":"http:\/\/sven-ove.nu\/?p=13420"},"modified":"2015-11-24T08:09:02","modified_gmt":"2015-11-24T07:09:02","slug":"helgen-v-48-5","status":"publish","type":"post","link":"https:\/\/sven-ove.nu\/?p=13420","title":{"rendered":"Helgen v. 48"},"content":{"rendered":"<p><a href=\"https:\/\/sven-ove.nu\/wp-content\/uploads\/2013\/11\/Helgen-v.-48.jpg\"><img loading=\"lazy\" decoding=\"async\" class=\"alignright size-medium wp-image-7618\" src=\"https:\/\/sven-ove.nu\/wp-content\/uploads\/2013\/11\/Helgen-v.-48-300x188.jpg\" alt=\"Helgen v. 48\" width=\"300\" height=\"188\" srcset=\"https:\/\/sven-ove.nu\/wp-content\/uploads\/2013\/11\/Helgen-v.-48-300x188.jpg 300w, https:\/\/sven-ove.nu\/wp-content\/uploads\/2013\/11\/Helgen-v.-48.jpg 806w\" sizes=\"auto, (max-width: 300px) 100vw, 300px\" \/><\/a>Nu har det g\u00e5tt ett \u00e5r till. Meddelas g\u00e4rna\u00a0p\u00e5 detta s\u00e4tt:\u00a0<strong><span style=\"color: #ff0000;\"><a style=\"color: #ff0000;\" href=\"http:\/\/www.youtube.com\/watch?v=CmVPk3hqiTI\">bob hund Helgen v. 48\u00a0<\/a><\/span><\/strong><\/p>\n<p>Ett \u00e5r skrev jag att den l\u00e5ten s\u00e4tter sig som en \u00e4lgfluga i nacken. Det st\u00e5r jag f\u00f6r.<\/p>\n<p>Undrar hur de g\u00f6r, de som ordnar en s\u00e4rskild fest denna helg varje \u00e5r, bara f\u00f6r l\u00e5tens och videons skull?<\/p>\n<p>Usch, det blir nog\u00a0<span style=\"color: #ff0000;\"><a style=\"color: #ff0000;\" href=\"http:\/\/www.expressen.se\/omtalat\/har-blir-90-ariga-jean-uppbjuden--sedan-dominerar-hon-dansgolvet-i-over-fyra-mi\/\">dans<\/a><\/span>.<\/p>\n","protected":false},"excerpt":{"rendered":"<p>Nu har det g\u00e5tt ett \u00e5r till. Meddelas g\u00e4rna\u00a0p\u00e5 detta s\u00e4tt:\u00a0bob hund Helgen v. 48\u00a0 Ett \u00e5r skrev jag att den l\u00e5ten s\u00e4tter sig som en \u00e4lgfluga i nacken. Det st\u00e5r jag f\u00f6r. Undrar hur de g\u00f6r, de som ordnar en s\u00e4rskild fest denna helg varje \u00e5r, bara f\u00f6r l\u00e5tens och videons skull? Usch, det &hellip; <a href=\"https:\/\/sven-ove.nu\/?p=13420\" class=\"more-link\">Forts\u00e4tt l\u00e4sa <span class=\"screen-reader-text\">Helgen v. 48<\/span><\/a><\/p>\n","protected":false},"author":1,"featured_media":0,"comment_status":"open","ping_status":"open","sticky":false,"template":"","format":"standard","meta":{"_crdt_document":"","_monsterinsights_skip_tracking":false,"_monsterinsights_sitenote_active":false,"_monsterinsights_sitenote_note":"","_monsterinsights_sitenote_category":0,"footnotes":""},"categories":[28],"tags":[8,15],"class_list":["post-13420","post","type-post","status-publish","format-standard","hentry","category-kreativt-folk","tag-historia","tag-mediedjungeln"],"_links":{"self":[{"href":"https:\/\/sven-ove.nu\/index.php?rest_route=\/wp\/v2\/posts\/13420","targetHints":{"allow":["GET"]}}],"collection":[{"href":"https:\/\/sven-ove.nu\/index.php?rest_route=\/wp\/v2\/posts"}],"about":[{"href":"https:\/\/sven-ove.nu\/index.php?rest_route=\/wp\/v2\/types\/post"}],"author":[{"embeddable":true,"href":"https:\/\/sven-ove.nu\/index.php?rest_route=\/wp\/v2\/users\/1"}],"replies":[{"embeddable":true,"href":"https:\/\/sven-ove.nu\/index.php?rest_route=%2Fwp%2Fv2%2Fcomments&post=13420"}],"version-history":[{"count":3,"href":"https:\/\/sven-ove.nu\/index.php?rest_route=\/wp\/v2\/posts\/13420\/revisions"}],"predecessor-version":[{"id":13423,"href":"https:\/\/sven-ove.nu\/index.php?rest_route=\/wp\/v2\/posts\/13420\/revisions\/13423"}],"wp:attachment":[{"href":"https:\/\/sven-ove.nu\/index.php?rest_route=%2Fwp%2Fv2%2Fmedia&parent=13420"}],"wp:term":[{"taxonomy":"category","embeddable":true,"href":"https:\/\/sven-ove.nu\/index.php?rest_route=%2Fwp%2Fv2%2Fcategories&post=13420"},{"taxonomy":"post_tag","embeddable":true,"href":"https:\/\/sven-ove.nu\/index.php?rest_route=%2Fwp%2Fv2%2Ftags&post=13420"}],"curies":[{"name":"wp","href":"https:\/\/api.w.org\/{rel}","templated":true}]}}