{"id":13424,"date":"2015-11-26T03:00:58","date_gmt":"2015-11-26T02:00:58","guid":{"rendered":"http:\/\/sven-ove.nu\/?p=13424"},"modified":"2015-11-26T06:01:27","modified_gmt":"2015-11-26T05:01:27","slug":"den-dumme-den-kloke-och-den-grinige","status":"publish","type":"post","link":"https:\/\/sven-ove.nu\/?p=13424","title":{"rendered":"Den dumme, den kloka och den grinige"},"content":{"rendered":"<p>Tisdag, seminariedag i sta\u2019n. Blir on\u00f6digt arg i sj\u00e4len p\u00e5 grund av en dum en. Han talar fr\u00e5n en scen och s\u00e4ger korkade saker och de brukar inte leja dumt folk till den scenen. Efter den dumme kommer kloka, genomt\u00e4nkta r\u00f6ster men det \u00e4r den ytlige min sj\u00e4l muttrar \u00e5t hela eftermiddagen.<\/p>\n<p>Folk som har brister i intelligensen har jag s\u00e4llan n\u00e5gra problem med. Du f\u00e5r ha otur n\u00e4r du t\u00e4nker, hur ska du kunna hj\u00e4lpa det? Det \u00e4r n\u00e4r beg\u00e5vade personer b\u00e4r sig dumt \u00e5t jag blir st\u00f6rd. Malliga herrar som \u00e4r f\u00f6r lata f\u00f6r att t\u00e4nka efter.<\/p>\n<p>Den h\u00e4r dagen retar mig dumheten extra mycket, jag \u00e4r f\u00f6rv\u00e5nad sj\u00e4lv.<\/p>\n<p><strong>Dog aldrig ut<br \/>\n<a href=\"https:\/\/sven-ove.nu\/wp-content\/uploads\/2015\/11\/Hel\u00e9ne-L\u00f6\u00f6w.jpg\"><img loading=\"lazy\" decoding=\"async\" class=\"alignright size-medium wp-image-13430\" src=\"https:\/\/sven-ove.nu\/wp-content\/uploads\/2015\/11\/Hel\u00e9ne-L\u00f6\u00f6w-300x300.jpg\" alt=\"Hel\u00e9ne L\u00f6\u00f6w\" width=\"300\" height=\"300\" srcset=\"https:\/\/sven-ove.nu\/wp-content\/uploads\/2015\/11\/Hel\u00e9ne-L\u00f6\u00f6w-300x300.jpg 300w, https:\/\/sven-ove.nu\/wp-content\/uploads\/2015\/11\/Hel\u00e9ne-L\u00f6\u00f6w-150x150.jpg 150w, https:\/\/sven-ove.nu\/wp-content\/uploads\/2015\/11\/Hel\u00e9ne-L\u00f6\u00f6w-1024x1024.jpg 1024w\" sizes=\"auto, (max-width: 300px) 100vw, 300px\" \/><\/a><\/strong>P\u00e5 kv\u00e4llen v\u00e4nder \u00e4ntligen hum\u00f6ret, fast \u00e4mnet \u00e4r som det \u00e4r. Ny arrang\u00f6r, ny lokal. <strong>Hel\u00e9ne L\u00f6\u00f6w<\/strong> fyller Arenan i Karlstads bibliotekshus, \u00e4mnet \u00e4r nazismen \u00e5r 2000-2014 och jag skriver ner vartenda ord hon s\u00e4ger i mitt block. Hon b\u00f6rjar f\u00f6rresten bra mycket tidigare \u00e4n \u00e5r 2000. Hel\u00e9ne har forskat i 30 \u00e5r om svenska nazister. En utd\u00f6ende r\u00f6relse trodde hon i b\u00f6rjan. Nu vet hon att de aldrig dog ut 1945, de finns \u00e4n och har funnits i landet hela tiden.<\/p>\n<p>Hennes genomg\u00e5ng \u00e4r l\u00e4rd, saklig och osentimental.<\/p>\n<p>N\u00e4r den ekonomiska krisen f\u00f6rdjupats b\u00f6rjar\u00a0militanta nationalistiska r\u00f6relser runt om i Europa mobilisera igen. Hel\u00e9ne L\u00f6\u00f6w har n\u00e4rstuderat dessa\u00a0grupperingar fr\u00e5n vit makt-milj\u00f6, som f\u00e5 utomst\u00e5ende har\u00a0inblick i. Det visar sig vara en komplex v\u00e4rld av st\u00e4llningskrig och tillf\u00e4lliga allianser. Men ocks\u00e5 med direkta konfrontationer med andra militanta grupper och med poliser, anti-fascister och det omgivande samh\u00e4llet.<\/p>\n<p>&#8211; I b\u00f6rjan p\u00e5 2000-talet f\u00f6rsvann de nazistiska grupperna under medias radar, ber\u00e4ttar hon. De flyttade ut ur storst\u00e4derna, med undantag av de \u00e5rliga rituella samlingarna i Salem.<\/p>\n<p>Det var mycket medvetet. Sm\u00e5 orter syns inte i media. \u201dDet som inte sker i Stockholm finns inte\u201d &#8211; men finns g\u00f6r de.<\/p>\n<p><strong>Bl\u00e5gul f\u00f6rst<br \/>\n<\/strong>Hakkorset var bl\u00e5gult och h\u00e4ngde p\u00e5 svenska fanor en g\u00e5ng. N\u00e4r Herman G\u00f6ring kom hit och fick se det tog han symbolen med sig hem till Tyskland.<\/p>\n<p>Ingen stolt historia.<\/p>\n<p><em># <span style=\"color: #0000ff;\"><a style=\"color: #0000ff;\" href=\"http:\/\/www.vf.se\/kronikor\/ps\/en-hel-rad-afanismer\">Hel\u00e9ne L\u00f6\u00f6w<\/a><\/span> \u00e4r docent i historia vid Uppsala universitet.<br \/>\n<\/em><em># Hon har bland annat skrivit b\u00f6ckerna <span style=\"color: #0000ff;\"><a style=\"color: #0000ff;\" href=\"https:\/\/gupea.ub.gu.se\/handle\/2077\/12896?locale=sv\">Hakkorset och Wasak\u00e4rven<\/a><\/span>, <span style=\"color: #0000ff;\"><a style=\"color: #0000ff;\" href=\"http:\/\/www.adlibris.com\/se\/bok\/nazismen-i-sverige-2000-2014-9789170378188?gclid=CjwKEAiAstCyBRDiqu75hvnX82kSJACgYI_QBUVvuYowyfbKaEM8l3IHQHBRQsLVpxeLIg2DFQLKHBoCDujw_wcB\">Nazismen i Sverige 200-2014<\/a><\/span> och <span style=\"color: #0000ff;\"><a style=\"color: #0000ff;\" href=\"http:\/\/www.lararnasnyheter.se\/chefledarskap\/2008\/09\/30\/litteratur-rasism\">Med s\u00f6karljuset p\u00e5 vitmaktr\u00f6relsen<\/a><\/span>.<\/em><\/p>\n","protected":false},"excerpt":{"rendered":"<p>Tisdag, seminariedag i sta\u2019n. Blir on\u00f6digt arg i sj\u00e4len p\u00e5 grund av en dum en. Han talar fr\u00e5n en scen och s\u00e4ger korkade saker och de brukar inte leja dumt folk till den scenen. Efter den dumme kommer kloka, genomt\u00e4nkta r\u00f6ster men det \u00e4r den ytlige min sj\u00e4l muttrar \u00e5t hela eftermiddagen. Folk som har &hellip; <a href=\"https:\/\/sven-ove.nu\/?p=13424\" class=\"more-link\">Forts\u00e4tt l\u00e4sa <span class=\"screen-reader-text\">Den dumme, den kloka och den grinige<\/span><\/a><\/p>\n","protected":false},"author":1,"featured_media":0,"comment_status":"open","ping_status":"open","sticky":false,"template":"","format":"standard","meta":{"_crdt_document":"","_monsterinsights_skip_tracking":false,"_monsterinsights_sitenote_active":false,"_monsterinsights_sitenote_note":"","_monsterinsights_sitenote_category":0,"footnotes":""},"categories":[9],"tags":[16,8,18],"class_list":["post-13424","post","type-post","status-publish","format-standard","hentry","category-politik","tag-dumheter","tag-historia","tag-lardomar"],"_links":{"self":[{"href":"https:\/\/sven-ove.nu\/index.php?rest_route=\/wp\/v2\/posts\/13424","targetHints":{"allow":["GET"]}}],"collection":[{"href":"https:\/\/sven-ove.nu\/index.php?rest_route=\/wp\/v2\/posts"}],"about":[{"href":"https:\/\/sven-ove.nu\/index.php?rest_route=\/wp\/v2\/types\/post"}],"author":[{"embeddable":true,"href":"https:\/\/sven-ove.nu\/index.php?rest_route=\/wp\/v2\/users\/1"}],"replies":[{"embeddable":true,"href":"https:\/\/sven-ove.nu\/index.php?rest_route=%2Fwp%2Fv2%2Fcomments&post=13424"}],"version-history":[{"count":8,"href":"https:\/\/sven-ove.nu\/index.php?rest_route=\/wp\/v2\/posts\/13424\/revisions"}],"predecessor-version":[{"id":13433,"href":"https:\/\/sven-ove.nu\/index.php?rest_route=\/wp\/v2\/posts\/13424\/revisions\/13433"}],"wp:attachment":[{"href":"https:\/\/sven-ove.nu\/index.php?rest_route=%2Fwp%2Fv2%2Fmedia&parent=13424"}],"wp:term":[{"taxonomy":"category","embeddable":true,"href":"https:\/\/sven-ove.nu\/index.php?rest_route=%2Fwp%2Fv2%2Fcategories&post=13424"},{"taxonomy":"post_tag","embeddable":true,"href":"https:\/\/sven-ove.nu\/index.php?rest_route=%2Fwp%2Fv2%2Ftags&post=13424"}],"curies":[{"name":"wp","href":"https:\/\/api.w.org\/{rel}","templated":true}]}}