{"id":13442,"date":"2015-12-02T03:00:52","date_gmt":"2015-12-02T02:00:52","guid":{"rendered":"http:\/\/sven-ove.nu\/?p=13442"},"modified":"2015-12-01T06:58:42","modified_gmt":"2015-12-01T05:58:42","slug":"13442","status":"publish","type":"post","link":"https:\/\/sven-ove.nu\/?p=13442","title":{"rendered":"De goda granskarnas \u00f6verlevnad"},"content":{"rendered":"<p><a href=\"https:\/\/sven-ove.nu\/wp-content\/uploads\/2015\/11\/Granskar.jpg\"><img loading=\"lazy\" decoding=\"async\" class=\"size-full wp-image-13455 alignnone\" src=\"https:\/\/sven-ove.nu\/wp-content\/uploads\/2015\/11\/Granskar.jpg\" alt=\"Granskar\" width=\"639\" height=\"588\" srcset=\"https:\/\/sven-ove.nu\/wp-content\/uploads\/2015\/11\/Granskar.jpg 639w, https:\/\/sven-ove.nu\/wp-content\/uploads\/2015\/11\/Granskar-300x276.jpg 300w\" sizes=\"auto, (max-width: 639px) 100vw, 639px\" \/><\/a><\/p>\n<p style=\"padding-left: 30px;\"><em>VF.se, ledarsidan. Respekt!<\/em><\/p>\n<h2>1.<\/h2>\n<p>N\u00e4r de senaste \u00e5rens politiska tidningshistoria en dag ska skrivas, d\u00e5 kommer V\u00e4rmlands Folkblads ledarsida att n\u00e4mnas med samma respekt som antinazisten <strong>Torgny Segerstedt<\/strong> v\u00e4ckte under andra v\u00e4rldskriget. Det \u00e4r visserligen en tr\u00f6st f\u00f6r oss som prenumererar men det \u00e4r skamligt att VF har s\u00e5 f\u00e5 med sig i tidningsk\u00f6ren i dag.<\/p>\n<p>Jag talar om deras s\u00e4tt att skriva om m\u00e5ngfald, invandring, romska tiggare, rasism, antirasism, flyktingkris och medm\u00e4nsklighet. Solidaritet om du s\u00e5 vill.<\/p>\n<p>All heder \u00e5t chefredakt\u00f6ren <strong>Peter Franke<\/strong>. Tack f\u00f6r att du st\u00e5r p\u00e5 dig, ocks\u00e5 mot \u201dde v\u00e5re\u201d n\u00e4r de far i diket.<\/p>\n<h2>2.<\/h2>\n<p>N\u00e4r de senaste \u00e5rens ekonomiska tidningshistoria ska skrivas, d\u00e5 kommer tidningsdirekt\u00f6rerna och redaktionerna att beskrivas med samma ord som vi i dag anv\u00e4nder om den forna skrivmaskins- och r\u00e4knemaskinj\u00e4tten Facit.<\/p>\n<p>Facit gick \u00e5t skogen f\u00f6r att man inte f\u00f6rstod sig p\u00e5 den digitala utmaningen. Dagstidningarna h\u00e5ller p\u00e5 och g\u00e5r \u00e5t skogen f\u00f6r att man inte heller f\u00f6rstod sig p\u00e5 den digitala utmaningen.<\/p>\n<p><a href=\"https:\/\/sven-ove.nu\/wp-content\/uploads\/2015\/11\/AB-f\u00f6rst.jpg\"><img loading=\"lazy\" decoding=\"async\" class=\"alignright size-full wp-image-13446\" src=\"https:\/\/sven-ove.nu\/wp-content\/uploads\/2015\/11\/AB-f\u00f6rst.jpg\" alt=\"AB f\u00f6rst\" width=\"200\" height=\"256\" \/><\/a>Det var k\u00e4ckt n\u00e4r Aftonbladet som f\u00f6rsta dagstidning i Sverige lade ut sin kulturbilaga p\u00e5 n\u00e4tet, vem appl\u00e5derade inte \u00e5t det. Men ekonomiskt vansinne var det och snart stod de flesta tidningar i k\u00f6 f\u00f6r att l\u00e5ngsamt f\u00f6rs\u00f6ka ta livet av sig.<\/p>\n<p style=\"padding-left: 30px;\"><strong>&#8211; Vill du ha nyheten i brevl\u00e5dan i morgon f\u00f6r dyra pengar eller vill du ha den gratis i datorn redan i dag? Vilket v\u00e4ljer du?<\/strong><\/p>\n<p>Facitvarning, som sagt och jag vet att det \u00e4r l\u00e4tt att vara efterklok. Vad som h\u00e4nde var att papperstidningarnas upplagor rasade drastiskt. Folk ville g\u00e4rna l\u00e4sa tidningen men det var liiiite billigare att g\u00f6ra det p\u00e5 sk\u00e4rmen, se.<\/p>\n<p>Nu kommer n\u00e4sta steg. Var det sv\u00e5rt f\u00f6r annonsf\u00f6rs\u00e4ljarna att g\u00f6ra n\u00e4ttidningen i datorn b\u00e4rkraftig s\u00e5 \u00e4r det \u00e4n v\u00e4rre nu. F\u00f6r nu g\u00e5r l\u00e4sarna f\u00f6r fullt \u00f6ver fr\u00e5n datorn till mobilen och d\u00e4r \u00e4r sk\u00e4rmen s\u00e5 liten att f\u00f6rs\u00e4ljarna inte alls lyckats s\u00e4lja s\u00e5 mycket annonser som de skulle beh\u00f6va f\u00f6r att tidningarna ska leva.<\/p>\n<p>Inte vill vi ha n\u00e5gra annonser i v\u00e5ra mobiler heller.<\/p>\n<p>Vad vi ser \u00e4r bl\u00f6dande f\u00f6retag, anorektiska redaktioner och drastiskt minskande granskning av framf\u00f6r allt v\u00e5ra kommuner. D\u00e5 bor jag \u00e4nd\u00e5 i ett fortfarande tidningst\u00e4tt l\u00e4n, V\u00e4rmland \u00e4r p\u00e5 m\u00e5nga s\u00e4tt b\u00e4st p\u00e5 den fronten.<\/p>\n<h2>3.<\/h2>\n<p>N\u00e4r den svenska demokratins historia ska skrivas, vad kommer forskarna d\u00e5 att s\u00e4ga om de h\u00e4r \u00e5ren? Var det nu den ocks\u00e5 gick \u00e5t skogen? Var det nu den demokratiska granskningen gavs bort till tillf\u00e4lliga bloggare, brunsvarta n\u00e4thatare och k\u00e4llokritiska troll?<\/p>\n<p>Vi f\u00e5r hoppas att <span style=\"color: #ff0000;\"><strong><a style=\"color: #ff0000;\" href=\"http:\/\/www.medieutredningen.se\/medieutredningens-delbetankande-overlamnat\/\">medieutredningen<\/a><\/strong><\/span> kommer med kloka, effektiva f\u00f6rslag som snabbt stoppar den dramatiska d\u00f6dskampen. Vi f\u00e5r hoppas att regering och riksdag snabbt \u00e4r redo f\u00f6r beslut som r\u00e4ddar granskarna. Vi f\u00e5r hoppas att medief\u00f6retagen sj\u00e4lva f\u00f6rm\u00e5r g\u00f6ra sitt, f\u00f6r att hj\u00e4lpa till och v\u00e4nda p\u00e5 utvecklingen.<\/p>\n<p><a href=\"https:\/\/sven-ove.nu\/wp-content\/uploads\/2015\/09\/Redakt\u00f6rsgr\u00e4nd.jpg\"><img loading=\"lazy\" decoding=\"async\" class=\"alignright size-medium wp-image-12968\" src=\"https:\/\/sven-ove.nu\/wp-content\/uploads\/2015\/09\/Redakt\u00f6rsgr\u00e4nd-300x225.jpg\" alt=\"Redakt\u00f6rsgr\u00e4nd\" width=\"300\" height=\"225\" srcset=\"https:\/\/sven-ove.nu\/wp-content\/uploads\/2015\/09\/Redakt\u00f6rsgr\u00e4nd-300x225.jpg 300w, https:\/\/sven-ove.nu\/wp-content\/uploads\/2015\/09\/Redakt\u00f6rsgr\u00e4nd.jpg 640w\" sizes=\"auto, (max-width: 300px) 100vw, 300px\" \/><\/a>Sverige och v\u00e4rlden beh\u00f6ver proffs som uth\u00e5lligt och kontinuerligt informerar, kritiskt granskar och underh\u00e5ller, vare sig deras artiklar n\u00e5r oss via brevl\u00e5dan, datorn eller mobilen.<\/p>\n<p>Fast jag har mina tvivel.<br \/>\nDet kan mycket v\u00e4l vara f\u00f6rsent.<\/p>\n","protected":false},"excerpt":{"rendered":"<p>VF.se, ledarsidan. Respekt! 1. N\u00e4r de senaste \u00e5rens politiska tidningshistoria en dag ska skrivas, d\u00e5 kommer V\u00e4rmlands Folkblads ledarsida att n\u00e4mnas med samma respekt som antinazisten Torgny Segerstedt v\u00e4ckte under andra v\u00e4rldskriget. Det \u00e4r visserligen en tr\u00f6st f\u00f6r oss som prenumererar men det \u00e4r skamligt att VF har s\u00e5 f\u00e5 med sig i tidningsk\u00f6ren i &hellip; <a href=\"https:\/\/sven-ove.nu\/?p=13442\" class=\"more-link\">Forts\u00e4tt l\u00e4sa <span class=\"screen-reader-text\">De goda granskarnas \u00f6verlevnad<\/span><\/a><\/p>\n","protected":false},"author":1,"featured_media":0,"comment_status":"open","ping_status":"open","sticky":false,"template":"","format":"standard","meta":{"_crdt_document":"","_monsterinsights_skip_tracking":false,"_monsterinsights_sitenote_active":false,"_monsterinsights_sitenote_note":"","_monsterinsights_sitenote_category":0,"footnotes":""},"categories":[9,4],"tags":[16,15,17],"class_list":["post-13442","post","type-post","status-publish","format-standard","hentry","category-politik","category-skrivande","tag-dumheter","tag-mediedjungeln","tag-solidaritet"],"_links":{"self":[{"href":"https:\/\/sven-ove.nu\/index.php?rest_route=\/wp\/v2\/posts\/13442","targetHints":{"allow":["GET"]}}],"collection":[{"href":"https:\/\/sven-ove.nu\/index.php?rest_route=\/wp\/v2\/posts"}],"about":[{"href":"https:\/\/sven-ove.nu\/index.php?rest_route=\/wp\/v2\/types\/post"}],"author":[{"embeddable":true,"href":"https:\/\/sven-ove.nu\/index.php?rest_route=\/wp\/v2\/users\/1"}],"replies":[{"embeddable":true,"href":"https:\/\/sven-ove.nu\/index.php?rest_route=%2Fwp%2Fv2%2Fcomments&post=13442"}],"version-history":[{"count":13,"href":"https:\/\/sven-ove.nu\/index.php?rest_route=\/wp\/v2\/posts\/13442\/revisions"}],"predecessor-version":[{"id":13459,"href":"https:\/\/sven-ove.nu\/index.php?rest_route=\/wp\/v2\/posts\/13442\/revisions\/13459"}],"wp:attachment":[{"href":"https:\/\/sven-ove.nu\/index.php?rest_route=%2Fwp%2Fv2%2Fmedia&parent=13442"}],"wp:term":[{"taxonomy":"category","embeddable":true,"href":"https:\/\/sven-ove.nu\/index.php?rest_route=%2Fwp%2Fv2%2Fcategories&post=13442"},{"taxonomy":"post_tag","embeddable":true,"href":"https:\/\/sven-ove.nu\/index.php?rest_route=%2Fwp%2Fv2%2Ftags&post=13442"}],"curies":[{"name":"wp","href":"https:\/\/api.w.org\/{rel}","templated":true}]}}