{"id":13478,"date":"2015-12-01T03:00:39","date_gmt":"2015-12-01T02:00:39","guid":{"rendered":"http:\/\/sven-ove.nu\/?p=13478"},"modified":"2015-11-30T23:38:51","modified_gmt":"2015-11-30T22:38:51","slug":"det-var-ju-synd","status":"publish","type":"post","link":"https:\/\/sven-ove.nu\/?p=13478","title":{"rendered":"Det var ju synd"},"content":{"rendered":"<p><a href=\"https:\/\/sven-ove.nu\/wp-content\/uploads\/2015\/12\/Anna-Ollsson.jpeg\"><img loading=\"lazy\" decoding=\"async\" class=\"size-full wp-image-13480 alignnone\" src=\"https:\/\/sven-ove.nu\/wp-content\/uploads\/2015\/12\/Anna-Ollsson.jpeg\" alt=\"Anna Ollsson\" width=\"910\" height=\"510\" srcset=\"https:\/\/sven-ove.nu\/wp-content\/uploads\/2015\/12\/Anna-Ollsson.jpeg 910w, https:\/\/sven-ove.nu\/wp-content\/uploads\/2015\/12\/Anna-Ollsson-300x168.jpeg 300w\" sizes=\"auto, (max-width: 910px) 100vw, 910px\" \/><\/a><\/p>\n<p style=\"padding-left: 30px;\"><em>Anna Ollson.<\/em><\/p>\n<blockquote><p>M\u00e5nga nya bes\u00f6kare i g\u00e5r, f\u00f6r ber\u00e4ttelsen om h\u00f6r\u00e4nnet, barnet och den gamle. Jag skulle v\u00e4l ha n\u00e5got att bjuda p\u00e5 i dag ocks\u00e5, n\u00e4r folk g\u00f6r sig besv\u00e4r och h\u00e4lsar p\u00e5. Allts\u00e5 gick jag in till stan p\u00e5 lunchen, efter en intensiv f\u00f6rmiddag i arbetslustens tj\u00e4nst. Det var som om kroppen ville passa p\u00e5 sedan hj\u00e4rnan och firman f\u00e5tt sitt.<\/p><\/blockquote>\n<p>Rask promenad, f\u00f6rst f\u00f6rbi busstationen i tj\u00e4nste\u00e4rende och sedan till en aff\u00e4r som s\u00e4ljer f\u00e4rska b\u00f6cker.<\/p>\n<p>&#8211; Har ni Anna Ollsons fotobok? sa jag. Den nya med gamla portr\u00e4tt och\u00a0<span style=\"color: #0000ff;\"><a style=\"color: #0000ff;\" href=\"http:\/\/www.varmlandsmuseum.se\/1\/1.0.1.0\/1121\/1\/\">stadsmilj\u00f6er<\/a><\/span>. Det ska vara till en julklapp.<br \/>\n&#8211; Nej. Det \u00e4r museet som ger ut den och dom s\u00e4ljer den bara sj\u00e4lva. Vi f\u00e5r inte.<br \/>\n&#8211; Jas\u00e5, det var ju synd.<br \/>\n&#8211; Ja. Men mest synd \u00e4r det om Anna.<\/p>\n<p><em># Jag vandrar vidare till l\u00e4nsmuseet.<br \/>\n<\/em><em># Hur synd det \u00e4r om Anna Ollson \u00e4r en djupt filosofisk fr\u00e5ga.<br \/>\n<\/em><em># Hon dog 1926.<\/em><\/p>\n","protected":false},"excerpt":{"rendered":"<p>Anna Ollson. M\u00e5nga nya bes\u00f6kare i g\u00e5r, f\u00f6r ber\u00e4ttelsen om h\u00f6r\u00e4nnet, barnet och den gamle. Jag skulle v\u00e4l ha n\u00e5got att bjuda p\u00e5 i dag ocks\u00e5, n\u00e4r folk g\u00f6r sig besv\u00e4r och h\u00e4lsar p\u00e5. Allts\u00e5 gick jag in till stan p\u00e5 lunchen, efter en intensiv f\u00f6rmiddag i arbetslustens tj\u00e4nst. Det var som om kroppen ville &hellip; <a href=\"https:\/\/sven-ove.nu\/?p=13478\" class=\"more-link\">Forts\u00e4tt l\u00e4sa <span class=\"screen-reader-text\">Det var ju synd<\/span><\/a><\/p>\n","protected":false},"author":1,"featured_media":0,"comment_status":"open","ping_status":"open","sticky":false,"template":"","format":"standard","meta":{"_crdt_document":"","_monsterinsights_skip_tracking":false,"_monsterinsights_sitenote_active":false,"_monsterinsights_sitenote_note":"","_monsterinsights_sitenote_category":0,"footnotes":""},"categories":[28],"tags":[8,14],"class_list":["post-13478","post","type-post","status-publish","format-standard","hentry","category-kreativt-folk","tag-historia","tag-lasning"],"_links":{"self":[{"href":"https:\/\/sven-ove.nu\/index.php?rest_route=\/wp\/v2\/posts\/13478","targetHints":{"allow":["GET"]}}],"collection":[{"href":"https:\/\/sven-ove.nu\/index.php?rest_route=\/wp\/v2\/posts"}],"about":[{"href":"https:\/\/sven-ove.nu\/index.php?rest_route=\/wp\/v2\/types\/post"}],"author":[{"embeddable":true,"href":"https:\/\/sven-ove.nu\/index.php?rest_route=\/wp\/v2\/users\/1"}],"replies":[{"embeddable":true,"href":"https:\/\/sven-ove.nu\/index.php?rest_route=%2Fwp%2Fv2%2Fcomments&post=13478"}],"version-history":[{"count":4,"href":"https:\/\/sven-ove.nu\/index.php?rest_route=\/wp\/v2\/posts\/13478\/revisions"}],"predecessor-version":[{"id":13484,"href":"https:\/\/sven-ove.nu\/index.php?rest_route=\/wp\/v2\/posts\/13478\/revisions\/13484"}],"wp:attachment":[{"href":"https:\/\/sven-ove.nu\/index.php?rest_route=%2Fwp%2Fv2%2Fmedia&parent=13478"}],"wp:term":[{"taxonomy":"category","embeddable":true,"href":"https:\/\/sven-ove.nu\/index.php?rest_route=%2Fwp%2Fv2%2Fcategories&post=13478"},{"taxonomy":"post_tag","embeddable":true,"href":"https:\/\/sven-ove.nu\/index.php?rest_route=%2Fwp%2Fv2%2Ftags&post=13478"}],"curies":[{"name":"wp","href":"https:\/\/api.w.org\/{rel}","templated":true}]}}