{"id":13495,"date":"2015-12-07T03:00:40","date_gmt":"2015-12-07T02:00:40","guid":{"rendered":"http:\/\/sven-ove.nu\/?p=13495"},"modified":"2015-12-05T08:16:20","modified_gmt":"2015-12-05T07:16:20","slug":"grasparven-aspenstrom-och-berit-as","status":"publish","type":"post","link":"https:\/\/sven-ove.nu\/?p=13495","title":{"rendered":"Gr\u00e5sparven, Aspenstr\u00f6m och Berit \u00c5s"},"content":{"rendered":"<p><a href=\"https:\/\/sven-ove.nu\/wp-content\/uploads\/2015\/10\/Morgonhimlen.jpg\"><img loading=\"lazy\" decoding=\"async\" class=\"alignright size-large wp-image-13224\" src=\"https:\/\/sven-ove.nu\/wp-content\/uploads\/2015\/10\/Morgonhimlen-1024x463.jpg\" alt=\"Morgonhimlen\" width=\"660\" height=\"298\" srcset=\"https:\/\/sven-ove.nu\/wp-content\/uploads\/2015\/10\/Morgonhimlen-1024x463.jpg 1024w, https:\/\/sven-ove.nu\/wp-content\/uploads\/2015\/10\/Morgonhimlen-300x136.jpg 300w, https:\/\/sven-ove.nu\/wp-content\/uploads\/2015\/10\/Morgonhimlen.jpg 1332w\" sizes=\"auto, (max-width: 660px) 100vw, 660px\" \/><\/a><\/p>\n<p>Morgon i december. L\u00e4ser Werner Aspenstr\u00f6m i soluppg\u00e5ngen. Ovanf\u00f6r Bjurerud l\u00e5ngt borta i \u00f6ster \u00e4r himlen orange, bl\u00e5 och annat nym\u00e5lat men i min skalle surrar en flock gr\u00e5sparvar.<\/p>\n<p style=\"padding-left: 30px;\"><em>Gr\u00e5sparven s\u00f6rjer inte h\u00e4stlorten.<br \/>\n<\/em><em>Den spiller inte tid p\u00e5 framtidsforskning.<br \/>\n<\/em><em>Den burrar upp sig, v\u00e4snas, parlerar,<br \/>\n<\/em><em>dagsdebatterar, hoppande fr\u00e5n gren till gren.<br \/>\n<\/em><em>I skruvisens vinter<br \/>\n<\/em><em>h\u00e5ller den spiksoppan varm.<\/em><\/p>\n<p>D\u00e5 sl\u00e5r det mig att detta \u00e4r en intressant f\u00e5gelvinter, vi har f\u00e5tt gr\u00e5sparven tillbaka p\u00e5 tomten. Var det 15 \u00e5r sedan sist? Han far omkring bland pilfinkarna och leker att han \u00e4r med i Agenda.<\/p>\n<p>Det g\u00f6r inte finkarna.<br \/>\nDe har annan h\u00e4rskarteknik.<\/p>\n<p><em># Berit \u00c5s r\u00e4knar upp fem h\u00e4rskartekniker.<br \/>\n<\/em><em># Osynligg\u00f6rande, f\u00f6rl\u00f6jligande, undanh\u00e5llande av information, dubbelbestraffning och p\u00e5f\u00f6rande av skuld och skam.<br \/>\n<\/em><em># Senare har hon lagt till <span style=\"color: #ff0000;\"><a style=\"color: #ff0000;\" href=\"http:\/\/www.sydsvenskan.se\/inpa-livet\/harskartekniker-enligt-berit-as\/\">ytterligare tv\u00e5<\/a><\/span>.<\/em><\/p>\n","protected":false},"excerpt":{"rendered":"<p>Morgon i december. L\u00e4ser Werner Aspenstr\u00f6m i soluppg\u00e5ngen. Ovanf\u00f6r Bjurerud l\u00e5ngt borta i \u00f6ster \u00e4r himlen orange, bl\u00e5 och annat nym\u00e5lat men i min skalle surrar en flock gr\u00e5sparvar. Gr\u00e5sparven s\u00f6rjer inte h\u00e4stlorten. Den spiller inte tid p\u00e5 framtidsforskning. Den burrar upp sig, v\u00e4snas, parlerar, dagsdebatterar, hoppande fr\u00e5n gren till gren. I skruvisens vinter h\u00e5ller &hellip; <a href=\"https:\/\/sven-ove.nu\/?p=13495\" class=\"more-link\">Forts\u00e4tt l\u00e4sa <span class=\"screen-reader-text\">Gr\u00e5sparven, Aspenstr\u00f6m och Berit \u00c5s<\/span><\/a><\/p>\n","protected":false},"author":1,"featured_media":0,"comment_status":"open","ping_status":"open","sticky":false,"template":"","format":"standard","meta":{"_crdt_document":"","_monsterinsights_skip_tracking":false,"_monsterinsights_sitenote_active":false,"_monsterinsights_sitenote_note":"","_monsterinsights_sitenote_category":0,"footnotes":""},"categories":[6],"tags":[18],"class_list":["post-13495","post","type-post","status-publish","format-standard","hentry","category-natur","tag-lardomar"],"_links":{"self":[{"href":"https:\/\/sven-ove.nu\/index.php?rest_route=\/wp\/v2\/posts\/13495","targetHints":{"allow":["GET"]}}],"collection":[{"href":"https:\/\/sven-ove.nu\/index.php?rest_route=\/wp\/v2\/posts"}],"about":[{"href":"https:\/\/sven-ove.nu\/index.php?rest_route=\/wp\/v2\/types\/post"}],"author":[{"embeddable":true,"href":"https:\/\/sven-ove.nu\/index.php?rest_route=\/wp\/v2\/users\/1"}],"replies":[{"embeddable":true,"href":"https:\/\/sven-ove.nu\/index.php?rest_route=%2Fwp%2Fv2%2Fcomments&post=13495"}],"version-history":[{"count":2,"href":"https:\/\/sven-ove.nu\/index.php?rest_route=\/wp\/v2\/posts\/13495\/revisions"}],"predecessor-version":[{"id":13498,"href":"https:\/\/sven-ove.nu\/index.php?rest_route=\/wp\/v2\/posts\/13495\/revisions\/13498"}],"wp:attachment":[{"href":"https:\/\/sven-ove.nu\/index.php?rest_route=%2Fwp%2Fv2%2Fmedia&parent=13495"}],"wp:term":[{"taxonomy":"category","embeddable":true,"href":"https:\/\/sven-ove.nu\/index.php?rest_route=%2Fwp%2Fv2%2Fcategories&post=13495"},{"taxonomy":"post_tag","embeddable":true,"href":"https:\/\/sven-ove.nu\/index.php?rest_route=%2Fwp%2Fv2%2Ftags&post=13495"}],"curies":[{"name":"wp","href":"https:\/\/api.w.org\/{rel}","templated":true}]}}