{"id":13550,"date":"2015-12-16T03:00:57","date_gmt":"2015-12-16T02:00:57","guid":{"rendered":"http:\/\/sven-ove.nu\/?p=13550"},"modified":"2015-12-16T06:50:12","modified_gmt":"2015-12-16T05:50:12","slug":"skymning-over-forshaga","status":"publish","type":"post","link":"https:\/\/sven-ove.nu\/?p=13550","title":{"rendered":"Skymning \u00f6ver min by"},"content":{"rendered":"<p><a href=\"https:\/\/www.facebook.com\/groups\/1493658924273111\/\" target=\"_blank\"><img loading=\"lazy\" decoding=\"async\" class=\"size-full wp-image-13553 alignnone\" src=\"https:\/\/sven-ove.nu\/wp-content\/uploads\/2015\/12\/Sk\u00e4rmavbild-2015-12-15-kl.-14.23.49.png\" alt=\"Sk\u00e4rmavbild 2015-12-15 kl. 14.23.49\" width=\"411\" height=\"247\" srcset=\"https:\/\/sven-ove.nu\/wp-content\/uploads\/2015\/12\/Sk\u00e4rmavbild-2015-12-15-kl.-14.23.49.png 411w, https:\/\/sven-ove.nu\/wp-content\/uploads\/2015\/12\/Sk\u00e4rmavbild-2015-12-15-kl.-14.23.49-300x180.png 300w\" sizes=\"auto, (max-width: 411px) 100vw, 411px\" \/><\/a><\/p>\n<p>Funderar p\u00e5 att skriva ett kritiskt blogginl\u00e4gg, riktat mot de styrande i min kommun som i praktiken prutat bort v\u00e5ra erk\u00e4nt fina kammarmusikdagar, som lagt flottningsmuseet i malp\u00e5se, som vill g\u00e5 med p\u00e5 att den historiskt intressanta och utvecklingsbara <span style=\"color: #0000ff;\"><a style=\"color: #0000ff;\" href=\"http:\/\/kanaler.arnholm.nu\/forshagas.shtml\" target=\"_blank\">Forshaga kanal<\/a><\/span> fylls igen f\u00f6r gott, som kraftigt minskat p\u00e5 f\u00f6rskolornas barnkulturdeltagande och som till r\u00e5ga p\u00e5 allt avskaffat v\u00e5ra identitetsskapande adventsljus vid infarterna.<\/p>\n<p>Funderar p\u00e5 att skriva om kulturskymning i rubriken, fast det g\u00f6r mig ont.<\/p>\n<p>\u2026 men jag \u00e4r ju s\u00e5 sn\u00e4ll och de \u00e4r mina v\u00e4nner.<br \/>\n\u2026 nu n\u00e4r det snart \u00e4r jul och allting.<\/p>\n<p>Kan en skriva n\u00e5got blygt, f\u00f6rsiktigt, om att m\u00e4nniskan inte lever av <span style=\"color: #0000ff;\"><a style=\"color: #0000ff;\" href=\"http:\/\/www.forshaga.se\/miljoboendetrafik\/atervinningochavfall\/nyatervinningscentral.4.29efd39014d747ecac318f0.html\">sopstationer<\/a> <\/span>allena? Att det finns folk som inte tycker att en \u00e5tervinningscentral \u00e4r det vackraste monument m\u00e4nniskan kan bygga vid infarten till sin kommunhuvudort.<\/p>\n<p>Kan en skriva det?<\/p>\n<p><em># Ins\u00e4ndare i Nya Wermlands-Tidningen: <a href=\"http:\/\/nwt.se\/asikter\/insandare\/2015\/12\/15\/nu-monteras-kulturen-ner\"><span style=\"color: #0000ff;\">Nu monteras kulturen ner<\/span><br \/>\n<\/a><\/em><em># Jag skrev den inte men inst\u00e4mmer.<br \/>\n<\/em><em># H\u00e4r \u00e4r en <span style=\"color: #0000ff;\"><a style=\"color: #0000ff;\" href=\"https:\/\/www.facebook.com\/groups\/1493658924273111\/\">f\u00e4rsk facebookgrupp<\/a><\/span> som vill bevara kanalen. Forshaga \u00e4r stort nog f\u00f6r b\u00e5de fiskodling och kanal, g\u00e4rna med framtida b\u00e5tbussar.<\/em><\/p>\n","protected":false},"excerpt":{"rendered":"<p>Funderar p\u00e5 att skriva ett kritiskt blogginl\u00e4gg, riktat mot de styrande i min kommun som i praktiken prutat bort v\u00e5ra erk\u00e4nt fina kammarmusikdagar, som lagt flottningsmuseet i malp\u00e5se, som vill g\u00e5 med p\u00e5 att den historiskt intressanta och utvecklingsbara Forshaga kanal fylls igen f\u00f6r gott, som kraftigt minskat p\u00e5 f\u00f6rskolornas barnkulturdeltagande och som till r\u00e5ga &hellip; <a href=\"https:\/\/sven-ove.nu\/?p=13550\" class=\"more-link\">Forts\u00e4tt l\u00e4sa <span class=\"screen-reader-text\">Skymning \u00f6ver min by<\/span><\/a><\/p>\n","protected":false},"author":1,"featured_media":0,"comment_status":"open","ping_status":"open","sticky":false,"template":"","format":"standard","meta":{"_crdt_document":"","_monsterinsights_skip_tracking":false,"_monsterinsights_sitenote_active":false,"_monsterinsights_sitenote_note":"","_monsterinsights_sitenote_category":0,"footnotes":""},"categories":[9],"tags":[16,8],"class_list":["post-13550","post","type-post","status-publish","format-standard","hentry","category-politik","tag-dumheter","tag-historia"],"_links":{"self":[{"href":"https:\/\/sven-ove.nu\/index.php?rest_route=\/wp\/v2\/posts\/13550","targetHints":{"allow":["GET"]}}],"collection":[{"href":"https:\/\/sven-ove.nu\/index.php?rest_route=\/wp\/v2\/posts"}],"about":[{"href":"https:\/\/sven-ove.nu\/index.php?rest_route=\/wp\/v2\/types\/post"}],"author":[{"embeddable":true,"href":"https:\/\/sven-ove.nu\/index.php?rest_route=\/wp\/v2\/users\/1"}],"replies":[{"embeddable":true,"href":"https:\/\/sven-ove.nu\/index.php?rest_route=%2Fwp%2Fv2%2Fcomments&post=13550"}],"version-history":[{"count":8,"href":"https:\/\/sven-ove.nu\/index.php?rest_route=\/wp\/v2\/posts\/13550\/revisions"}],"predecessor-version":[{"id":13559,"href":"https:\/\/sven-ove.nu\/index.php?rest_route=\/wp\/v2\/posts\/13550\/revisions\/13559"}],"wp:attachment":[{"href":"https:\/\/sven-ove.nu\/index.php?rest_route=%2Fwp%2Fv2%2Fmedia&parent=13550"}],"wp:term":[{"taxonomy":"category","embeddable":true,"href":"https:\/\/sven-ove.nu\/index.php?rest_route=%2Fwp%2Fv2%2Fcategories&post=13550"},{"taxonomy":"post_tag","embeddable":true,"href":"https:\/\/sven-ove.nu\/index.php?rest_route=%2Fwp%2Fv2%2Ftags&post=13550"}],"curies":[{"name":"wp","href":"https:\/\/api.w.org\/{rel}","templated":true}]}}