{"id":13664,"date":"2016-01-04T03:00:45","date_gmt":"2016-01-04T02:00:45","guid":{"rendered":"http:\/\/sven-ove.nu\/?p=13664"},"modified":"2016-01-04T05:23:47","modified_gmt":"2016-01-04T04:23:47","slug":"ny-plats-vid-koksbordet-lagesrapport-1","status":"publish","type":"post","link":"https:\/\/sven-ove.nu\/?p=13664","title":{"rendered":"Ny plats vid k\u00f6ksbordet: l\u00e4gesrapport 1"},"content":{"rendered":"<blockquote><p>-Hur g\u00e5r det? undrar bekymrade v\u00e4nner p\u00e5 sociala medier.\u00a0Jag har ju lovat att f\u00f6rv\u00e5na mig sj\u00e4lv \u00e5r 2016. D\u00e5 ska jag byta plats vid k\u00f6ksbordet, f\u00f6r f\u00f6rsta g\u00e5ngen sedan h\u00f6sten 1974 n\u00e4r vi fick gemensamt hush\u00e5ll.<\/p><\/blockquote>\n<p>Jotack, jag har klarat det fint. Jag \u00e4r f\u00f6rv\u00e5nad sj\u00e4lv. Den h\u00e4r karln har inga problem med att <span style=\"color: #ff0000;\"><a style=\"color: #ff0000;\" href=\"https:\/\/sven-ove.nu\/?p=13578\">flytta<\/a><\/span> till den andra sidan, s\u00e5 att hon som jag \u00e4lskar ska se g\u00e5ngv\u00e4gen och f\u00e5gelborden b\u00e4ttre. D\u00e5 kan vi alla dessutom ta oss f\u00f6rbi bordet l\u00e4ttare, om vi ska till k\u00f6ket, nu n\u00e4r inte jag sitter i v\u00e4gen. Med vi alla menas hon som jag \u00e4lskar. Det \u00e4r n\u00e4r jag sitter i v\u00e4gen jag \u00e4r i v\u00e4gen. N\u00e4r jag inte sitter i v\u00e4gen \u00e4r jag inte i v\u00e4gen.<\/p>\n<p>F\u00f6rv\u00e5ningen kommer n\u00e4r det inte \u00e4r jag som protesterar utan hon.<br \/>\n&#8211; Men k\u00e4ra n\u00e5n, s\u00e4ger jag bevekande, du har ju alltid sagt att du vill byta, s\u00e5 du ska kunna&#8230;<\/p>\n<p>Det har hon inte alls.<\/p>\n<p style=\"padding-left: 30px;\">*<\/p>\n<p>F\u00f6rhandlingar har inletts under \u00f6ppenhj\u00e4rtliga former. Vi har kommit s\u00e5 l\u00e5ngt att vi \u00e4r \u00f6verens om formen p\u00e5 f\u00f6rhandlingsbordet. Det liknar v\u00e5rt k\u00f6ksbord.<\/p>\n<p>Under tiden kommer min r\u00f6st fr\u00e5n en <span style=\"color: #ff0000;\"><a style=\"color: #ff0000;\" href=\"http:\/\/sverigesradio.se\/sida\/artikel.aspx?programid=1602&amp;artikel=2072773\">obest\u00e4mbar plats<\/a><\/span> i rummet.<\/p>\n","protected":false},"excerpt":{"rendered":"<p>-Hur g\u00e5r det? undrar bekymrade v\u00e4nner p\u00e5 sociala medier.\u00a0Jag har ju lovat att f\u00f6rv\u00e5na mig sj\u00e4lv \u00e5r 2016. D\u00e5 ska jag byta plats vid k\u00f6ksbordet, f\u00f6r f\u00f6rsta g\u00e5ngen sedan h\u00f6sten 1974 n\u00e4r vi fick gemensamt hush\u00e5ll. Jotack, jag har klarat det fint. Jag \u00e4r f\u00f6rv\u00e5nad sj\u00e4lv. Den h\u00e4r karln har inga problem med att flytta &hellip; <a href=\"https:\/\/sven-ove.nu\/?p=13664\" class=\"more-link\">Forts\u00e4tt l\u00e4sa <span class=\"screen-reader-text\">Ny plats vid k\u00f6ksbordet: l\u00e4gesrapport 1<\/span><\/a><\/p>\n","protected":false},"author":1,"featured_media":13668,"comment_status":"open","ping_status":"open","sticky":false,"template":"","format":"standard","meta":{"_crdt_document":"","_monsterinsights_skip_tracking":false,"_monsterinsights_sitenote_active":false,"_monsterinsights_sitenote_note":"","_monsterinsights_sitenote_category":0,"footnotes":""},"categories":[10],"tags":[8,24,18,13],"class_list":["post-13664","post","type-post","status-publish","format-standard","has-post-thumbnail","hentry","category-familjen","tag-historia","tag-karlek","tag-lardomar","tag-utrustning"],"_links":{"self":[{"href":"https:\/\/sven-ove.nu\/index.php?rest_route=\/wp\/v2\/posts\/13664","targetHints":{"allow":["GET"]}}],"collection":[{"href":"https:\/\/sven-ove.nu\/index.php?rest_route=\/wp\/v2\/posts"}],"about":[{"href":"https:\/\/sven-ove.nu\/index.php?rest_route=\/wp\/v2\/types\/post"}],"author":[{"embeddable":true,"href":"https:\/\/sven-ove.nu\/index.php?rest_route=\/wp\/v2\/users\/1"}],"replies":[{"embeddable":true,"href":"https:\/\/sven-ove.nu\/index.php?rest_route=%2Fwp%2Fv2%2Fcomments&post=13664"}],"version-history":[{"count":8,"href":"https:\/\/sven-ove.nu\/index.php?rest_route=\/wp\/v2\/posts\/13664\/revisions"}],"predecessor-version":[{"id":13673,"href":"https:\/\/sven-ove.nu\/index.php?rest_route=\/wp\/v2\/posts\/13664\/revisions\/13673"}],"wp:featuredmedia":[{"embeddable":true,"href":"https:\/\/sven-ove.nu\/index.php?rest_route=\/wp\/v2\/media\/13668"}],"wp:attachment":[{"href":"https:\/\/sven-ove.nu\/index.php?rest_route=%2Fwp%2Fv2%2Fmedia&parent=13664"}],"wp:term":[{"taxonomy":"category","embeddable":true,"href":"https:\/\/sven-ove.nu\/index.php?rest_route=%2Fwp%2Fv2%2Fcategories&post=13664"},{"taxonomy":"post_tag","embeddable":true,"href":"https:\/\/sven-ove.nu\/index.php?rest_route=%2Fwp%2Fv2%2Ftags&post=13664"}],"curies":[{"name":"wp","href":"https:\/\/api.w.org\/{rel}","templated":true}]}}