{"id":13674,"date":"2016-01-05T03:00:46","date_gmt":"2016-01-05T02:00:46","guid":{"rendered":"http:\/\/sven-ove.nu\/?p=13674"},"modified":"2016-01-04T18:44:38","modified_gmt":"2016-01-04T17:44:38","slug":"ny-plats-vid-koksbordet-lagesrapport-2","status":"publish","type":"post","link":"https:\/\/sven-ove.nu\/?p=13674","title":{"rendered":"Ny plats vid k\u00f6ksbordet: l\u00e4gesrapport 2"},"content":{"rendered":"<p>F\u00f6rhandlingarna om mitt byte av plats vid k\u00f6ksbordet fortskrider. Vid andra plenarm\u00f6tet den 4 januari f\u00f6rekom f\u00f6ljande uppriktiga \u00e5siktsutbyte:<\/p>\n<p>Hon:<br \/>\n&#8211; Det \u00e4r inte det att jag vill att <u>jag<\/u> ska byta.<br \/>\nHan:<br \/>\n&#8211; Men vad vill du d\u00e5?<br \/>\nHon:<br \/>\n&#8211; Jag vill att <u>du<\/u> ska byta.<br \/>\nHan:<br \/>\n&#8211; Hur t\u00e4nker du d\u00e5? Ska jag sitta p\u00e5 diagonalen?<\/p>\n<p>N\u00e4mnde jag att f\u00f6rhandlingarna \u00e4r \u00f6ppenhj\u00e4rtliga? P\u00e5 diplomatspr\u00e5k betyder det\u2026 asch, d\u00e4 kvetter. Det ger m\u00e4rg \u00e5t \u00e4ktenskapet.<\/p>\n<p>S\u00e5 fick vi en dubbel f\u00f6rv\u00e5ning, denna vinter, efter all v\u00e5r tvekan. Hur \u00e4r det folk s\u00e4ger i trafiken? D\u00e4\u2019 den som m\u00f6ter som ska v\u00e4je.<\/p>\n<p style=\"padding-left: 30px;\"><em><span style=\"color: #ff0000;\">#<\/span> Det \u00e4r klart att \u00e4ven jag borde diskutera Sveriges och Danmarks t\u00e4vling i legitimationstv\u00e5ng. El\u00e4ndet drabbar folk som inte har n\u00e5got bord att skoja om.<br \/>\n<\/em><em><span style=\"color: #ff0000;\">#<\/span> Jag orkar bara inte, det \u00e4r ett s\u00e5 bedr\u00f6vligt svenskt lappkast.<br \/>\n<\/em><em><span style=\"color: #ff0000;\">#<\/span> Just nu har jag tre sk\u00e4l till att inte g\u00e5 med i det parti jag egentligen vill sympatisera med. Europeiska unionen, k\u00e4rnkraften och fr\u00e4mlingsbortmotandet.<\/em><\/p>\n","protected":false},"excerpt":{"rendered":"<p>F\u00f6rhandlingarna om mitt byte av plats vid k\u00f6ksbordet fortskrider. Vid andra plenarm\u00f6tet den 4 januari f\u00f6rekom f\u00f6ljande uppriktiga \u00e5siktsutbyte: Hon: &#8211; Det \u00e4r inte det att jag vill att jag ska byta. Han: &#8211; Men vad vill du d\u00e5? Hon: &#8211; Jag vill att du ska byta. Han: &#8211; Hur t\u00e4nker du d\u00e5? Ska jag &hellip; <a href=\"https:\/\/sven-ove.nu\/?p=13674\" class=\"more-link\">Forts\u00e4tt l\u00e4sa <span class=\"screen-reader-text\">Ny plats vid k\u00f6ksbordet: l\u00e4gesrapport 2<\/span><\/a><\/p>\n","protected":false},"author":1,"featured_media":13678,"comment_status":"open","ping_status":"open","sticky":false,"template":"","format":"standard","meta":{"_crdt_document":"","_monsterinsights_skip_tracking":false,"_monsterinsights_sitenote_active":false,"_monsterinsights_sitenote_note":"","_monsterinsights_sitenote_category":0,"footnotes":""},"categories":[10,9],"tags":[18,17],"class_list":["post-13674","post","type-post","status-publish","format-standard","has-post-thumbnail","hentry","category-familjen","category-politik","tag-lardomar","tag-solidaritet"],"_links":{"self":[{"href":"https:\/\/sven-ove.nu\/index.php?rest_route=\/wp\/v2\/posts\/13674","targetHints":{"allow":["GET"]}}],"collection":[{"href":"https:\/\/sven-ove.nu\/index.php?rest_route=\/wp\/v2\/posts"}],"about":[{"href":"https:\/\/sven-ove.nu\/index.php?rest_route=\/wp\/v2\/types\/post"}],"author":[{"embeddable":true,"href":"https:\/\/sven-ove.nu\/index.php?rest_route=\/wp\/v2\/users\/1"}],"replies":[{"embeddable":true,"href":"https:\/\/sven-ove.nu\/index.php?rest_route=%2Fwp%2Fv2%2Fcomments&post=13674"}],"version-history":[{"count":5,"href":"https:\/\/sven-ove.nu\/index.php?rest_route=\/wp\/v2\/posts\/13674\/revisions"}],"predecessor-version":[{"id":13680,"href":"https:\/\/sven-ove.nu\/index.php?rest_route=\/wp\/v2\/posts\/13674\/revisions\/13680"}],"wp:featuredmedia":[{"embeddable":true,"href":"https:\/\/sven-ove.nu\/index.php?rest_route=\/wp\/v2\/media\/13678"}],"wp:attachment":[{"href":"https:\/\/sven-ove.nu\/index.php?rest_route=%2Fwp%2Fv2%2Fmedia&parent=13674"}],"wp:term":[{"taxonomy":"category","embeddable":true,"href":"https:\/\/sven-ove.nu\/index.php?rest_route=%2Fwp%2Fv2%2Fcategories&post=13674"},{"taxonomy":"post_tag","embeddable":true,"href":"https:\/\/sven-ove.nu\/index.php?rest_route=%2Fwp%2Fv2%2Ftags&post=13674"}],"curies":[{"name":"wp","href":"https:\/\/api.w.org\/{rel}","templated":true}]}}