{"id":13688,"date":"2016-01-07T03:00:32","date_gmt":"2016-01-07T02:00:32","guid":{"rendered":"http:\/\/sven-ove.nu\/?p=13688"},"modified":"2016-01-06T08:54:55","modified_gmt":"2016-01-06T07:54:55","slug":"kloka-lasare-genomskadar-ful-fint","status":"publish","type":"post","link":"https:\/\/sven-ove.nu\/?p=13688","title":{"rendered":"Kloka l\u00e4sare genomsk\u00e5dar ful fint"},"content":{"rendered":"<p><a href=\"https:\/\/sven-ove.nu\/wp-content\/uploads\/2016\/01\/Bl\u00e5sk\u00e4r.jpg\"><img loading=\"lazy\" decoding=\"async\" class=\"size-full wp-image-13689 alignnone\" src=\"https:\/\/sven-ove.nu\/wp-content\/uploads\/2016\/01\/Bl\u00e5sk\u00e4r.jpg\" alt=\"Bl\u00e5sk\u00e4r\" width=\"825\" height=\"232\" srcset=\"https:\/\/sven-ove.nu\/wp-content\/uploads\/2016\/01\/Bl\u00e5sk\u00e4r.jpg 825w, https:\/\/sven-ove.nu\/wp-content\/uploads\/2016\/01\/Bl\u00e5sk\u00e4r-300x84.jpg 300w\" sizes=\"auto, (max-width: 825px) 100vw, 825px\" \/><\/a><\/p>\n<blockquote><p>Det \u00e4r en gl\u00e4dje f\u00f6r en enkel provokat\u00f6r att ha kloka l\u00e4sare som t\u00e4nker i tv\u00e5 led.<\/p><\/blockquote>\n<p>H\u00e4r fotograferar jag p\u00e5 rent j\u00e4kelskap en bl\u00e5 och en sk\u00e4r kaffekopp och tror att nu blir det liv. Detta blir kul. Ber\u00f6m fr\u00e5n patriarkerna i livet, kritik fr\u00e5n de som ser p\u00e5 v\u00e4rlden som jag. &#8221;Sitter du s\u00e5 fast i k\u00f6nsrollsklich\u00e9erna att du h\u00e5ller dig med bl\u00e5 kopp?&#8221;.<\/p>\n<p>Kloka l\u00e4sare har jag. De t\u00e4nker att &#8221;nu f\u00f6rs\u00f6kte han lura oss igen men den l\u00e4tte gick vi inte p\u00e5, bilden \u00e4r s\u00e4kert arrangerad och hur vet vi f\u00f6rresten vem som sitter p\u00e5 rosa sidan?&#8221;.<\/p>\n<p>En gl\u00e4dje \u00e4r det.<\/p>\n<p style=\"padding-left: 30px;\">*<\/p>\n<p>Vi har flera f\u00e4rger p\u00e5 kopparna i v\u00e5rt k\u00f6kssk\u00e5p h\u00e4r hemma, de flesta \u00e4r gula men vi har aldrig dukat bl\u00e5tt \u00e5t mig och rosa \u00e5t henne. Det kommer inte att ske.<\/p>\n<p>N\u00e4r vi \u00e4r s\u00e4rskilt k\u00e4ra f\u00e5r den som ska bel\u00f6nas finkoppen med blommor p\u00e5. D\u00e5 \u00e4r det roligt.<\/p>\n<p><em><span style=\"color: #ff00ff;\"><strong>#<\/strong><\/span> Patriarkat: system d\u00e4r makten i hush\u00e5ll och samh\u00e4lle finns hos de \u00e4ldre m\u00e4nnen.<br \/>\n<span style=\"color: #ff00ff;\">#<\/span> K\u00f6nsrollsf\u00e4rgernas historia: <a href=\"http:\/\/www.sydsvenskan.se\/inpa-livet\/manlig-nyans-blev-kvinnlig\/\"><span style=\"color: #ff00ff;\"><strong>Manlig nyans blev kvinnlig<\/strong><\/span>.<br \/>\n<\/a><\/em><em><span style=\"color: #ff00ff;\">#<\/span> Ligger skulden hos f\u00f6rsta v\u00e4rldskrigets bl\u00e5 uniformer?<\/em><\/p>\n","protected":false},"excerpt":{"rendered":"<p>Det \u00e4r en gl\u00e4dje f\u00f6r en enkel provokat\u00f6r att ha kloka l\u00e4sare som t\u00e4nker i tv\u00e5 led. H\u00e4r fotograferar jag p\u00e5 rent j\u00e4kelskap en bl\u00e5 och en sk\u00e4r kaffekopp och tror att nu blir det liv. Detta blir kul. Ber\u00f6m fr\u00e5n patriarkerna i livet, kritik fr\u00e5n de som ser p\u00e5 v\u00e4rlden som jag. &#8221;Sitter du &hellip; <a href=\"https:\/\/sven-ove.nu\/?p=13688\" class=\"more-link\">Forts\u00e4tt l\u00e4sa <span class=\"screen-reader-text\">Kloka l\u00e4sare genomsk\u00e5dar ful fint<\/span><\/a><\/p>\n","protected":false},"author":1,"featured_media":0,"comment_status":"open","ping_status":"open","sticky":false,"template":"","format":"standard","meta":{"_crdt_document":"","_monsterinsights_skip_tracking":false,"_monsterinsights_sitenote_active":false,"_monsterinsights_sitenote_note":"","_monsterinsights_sitenote_category":0,"footnotes":""},"categories":[28],"tags":[8,18,17],"class_list":["post-13688","post","type-post","status-publish","format-standard","hentry","category-kreativt-folk","tag-historia","tag-lardomar","tag-solidaritet"],"_links":{"self":[{"href":"https:\/\/sven-ove.nu\/index.php?rest_route=\/wp\/v2\/posts\/13688","targetHints":{"allow":["GET"]}}],"collection":[{"href":"https:\/\/sven-ove.nu\/index.php?rest_route=\/wp\/v2\/posts"}],"about":[{"href":"https:\/\/sven-ove.nu\/index.php?rest_route=\/wp\/v2\/types\/post"}],"author":[{"embeddable":true,"href":"https:\/\/sven-ove.nu\/index.php?rest_route=\/wp\/v2\/users\/1"}],"replies":[{"embeddable":true,"href":"https:\/\/sven-ove.nu\/index.php?rest_route=%2Fwp%2Fv2%2Fcomments&post=13688"}],"version-history":[{"count":5,"href":"https:\/\/sven-ove.nu\/index.php?rest_route=\/wp\/v2\/posts\/13688\/revisions"}],"predecessor-version":[{"id":13694,"href":"https:\/\/sven-ove.nu\/index.php?rest_route=\/wp\/v2\/posts\/13688\/revisions\/13694"}],"wp:attachment":[{"href":"https:\/\/sven-ove.nu\/index.php?rest_route=%2Fwp%2Fv2%2Fmedia&parent=13688"}],"wp:term":[{"taxonomy":"category","embeddable":true,"href":"https:\/\/sven-ove.nu\/index.php?rest_route=%2Fwp%2Fv2%2Fcategories&post=13688"},{"taxonomy":"post_tag","embeddable":true,"href":"https:\/\/sven-ove.nu\/index.php?rest_route=%2Fwp%2Fv2%2Ftags&post=13688"}],"curies":[{"name":"wp","href":"https:\/\/api.w.org\/{rel}","templated":true}]}}