{"id":13708,"date":"2016-01-08T03:00:55","date_gmt":"2016-01-08T02:00:55","guid":{"rendered":"http:\/\/sven-ove.nu\/?p=13708"},"modified":"2016-01-06T11:23:40","modified_gmt":"2016-01-06T10:23:40","slug":"ny-plats-vid-koksbordet-lagesrapport-3","status":"publish","type":"post","link":"https:\/\/sven-ove.nu\/?p=13708","title":{"rendered":"Ny plats vid k\u00f6ksbordet: l\u00e4gesrapport 3"},"content":{"rendered":"<p><a href=\"https:\/\/sven-ove.nu\/wp-content\/uploads\/2016\/01\/F\u00f4ggler.jpg\"><img loading=\"lazy\" decoding=\"async\" class=\"alignright size-large wp-image-13711\" src=\"https:\/\/sven-ove.nu\/wp-content\/uploads\/2016\/01\/F\u00f4ggler-1024x768.jpg\" alt=\"F\u00f4ggler\" width=\"660\" height=\"495\" srcset=\"https:\/\/sven-ove.nu\/wp-content\/uploads\/2016\/01\/F\u00f4ggler-1024x768.jpg 1024w, https:\/\/sven-ove.nu\/wp-content\/uploads\/2016\/01\/F\u00f4ggler-300x225.jpg 300w, https:\/\/sven-ove.nu\/wp-content\/uploads\/2016\/01\/F\u00f4ggler.jpg 1588w\" sizes=\"auto, (max-width: 660px) 100vw, 660px\" \/><\/a><\/p>\n<p>Vi har beslutat att prova det jag nog hade fruktat allra mest f\u00f6r ett \u00e5r sedan. Flytande bordsplacering. Den k\u00e4ra v\u00e4nnen och jag ska sitta p\u00e5 olika platser vid k\u00f6ksbordet varje g\u00e5ng. G\u00e5r det att g\u00f6ra s\u00e5 n\u00e4r huset \u00e4r fullt av g\u00e4ster s\u00e5 m\u00e5ste det g\u00e5 n\u00e4r vi har ett helt k\u00f6ksbord att samsas om.<\/p>\n<p>Hu.<br \/>\nMen intressant.<br \/>\nFlexibel \u00e4r mitt andranamn. <em>* ljuger heroiskt, fast det var hans f\u00f6rslag *<\/em><\/p>\n<p>Nu blir det inga mer rapporter. Detta \u00e4r inte H\u00e4nt i veckan, detta \u00e4r en seri\u00f6s blogg. Seri\u00f6sa bloggare ber\u00e4ttar om rehabl\u00f6pning, skrivande, f\u00f6rb\u00e4ttring av v\u00e4rldar och s\u00e5dant. Regniga f\u00f6rsta maj kommer vi att tillbringa <strong>under<\/strong> bordet med picnic-duk, godis, \u00e4pple och sockerdricka, det har vi gjort f\u00f6rr med barnen.<\/p>\n<p><strong>Frukost i s\u00e4ngen?<\/strong><br \/>\nF\u00f6rslaget fr\u00e5n en v\u00e4n att inta alla gemensamma frukostar i s\u00e4ngen har v\u00e4ckt stort intresse i hela \u00e4ktenskapet. Ett visst problem \u00e4r att den kvinnliga delen av detta \u00e4ktenskap \u00e4ter sina flesta frukostar i tj\u00e4nsten.<\/p>\n<p>Pedagogiska m\u00e5ltider, det borde folk ha p\u00e5 alla arbetsplatser.<br \/>\nT\u00e4tt f\u00f6ljda av gemensam vila.<\/p>\n<p>Allt medan chefen h\u00f6gl\u00e4ser \u00e5rsber\u00e4ttelsen f\u00f6r 2004.<\/p>\n<p style=\"padding-left: 30px;\"><strong><em>Hela familjedramat:<\/em><\/strong><em><br \/>\n<span style=\"color: #ff0000;\"><a style=\"color: #ff0000;\" href=\"https:\/\/sven-ove.nu\/?p=13578\">Konsten att f\u00f6rv\u00e5na sig<\/a><\/span><br \/>\n<span style=\"color: #ff0000;\"><a style=\"color: #ff0000;\" href=\"https:\/\/sven-ove.nu\/?p=13664\">Ny plats vid k\u00f6ksbordet: l\u00e4gesrapport 1<\/a><\/span><br \/>\n<span style=\"color: #ff0000;\"><a style=\"color: #ff0000;\" href=\"https:\/\/sven-ove.nu\/?p=13674\">Ny plats vid k\u00f6ksbordet: l\u00e4gesrapport 2<\/a>\u00a0<\/span><\/em><\/p>\n<p style=\"padding-left: 30px;\">\n","protected":false},"excerpt":{"rendered":"<p>Vi har beslutat att prova det jag nog hade fruktat allra mest f\u00f6r ett \u00e5r sedan. Flytande bordsplacering. Den k\u00e4ra v\u00e4nnen och jag ska sitta p\u00e5 olika platser vid k\u00f6ksbordet varje g\u00e5ng. G\u00e5r det att g\u00f6ra s\u00e5 n\u00e4r huset \u00e4r fullt av g\u00e4ster s\u00e5 m\u00e5ste det g\u00e5 n\u00e4r vi har ett helt k\u00f6ksbord att samsas &hellip; <a href=\"https:\/\/sven-ove.nu\/?p=13708\" class=\"more-link\">Forts\u00e4tt l\u00e4sa <span class=\"screen-reader-text\">Ny plats vid k\u00f6ksbordet: l\u00e4gesrapport 3<\/span><\/a><\/p>\n","protected":false},"author":1,"featured_media":0,"comment_status":"open","ping_status":"open","sticky":false,"template":"","format":"standard","meta":{"_crdt_document":"","_monsterinsights_skip_tracking":false,"_monsterinsights_sitenote_active":false,"_monsterinsights_sitenote_note":"","_monsterinsights_sitenote_category":0,"footnotes":""},"categories":[10],"tags":[8,24],"class_list":["post-13708","post","type-post","status-publish","format-standard","hentry","category-familjen","tag-historia","tag-karlek"],"_links":{"self":[{"href":"https:\/\/sven-ove.nu\/index.php?rest_route=\/wp\/v2\/posts\/13708","targetHints":{"allow":["GET"]}}],"collection":[{"href":"https:\/\/sven-ove.nu\/index.php?rest_route=\/wp\/v2\/posts"}],"about":[{"href":"https:\/\/sven-ove.nu\/index.php?rest_route=\/wp\/v2\/types\/post"}],"author":[{"embeddable":true,"href":"https:\/\/sven-ove.nu\/index.php?rest_route=\/wp\/v2\/users\/1"}],"replies":[{"embeddable":true,"href":"https:\/\/sven-ove.nu\/index.php?rest_route=%2Fwp%2Fv2%2Fcomments&post=13708"}],"version-history":[{"count":8,"href":"https:\/\/sven-ove.nu\/index.php?rest_route=\/wp\/v2\/posts\/13708\/revisions"}],"predecessor-version":[{"id":13717,"href":"https:\/\/sven-ove.nu\/index.php?rest_route=\/wp\/v2\/posts\/13708\/revisions\/13717"}],"wp:attachment":[{"href":"https:\/\/sven-ove.nu\/index.php?rest_route=%2Fwp%2Fv2%2Fmedia&parent=13708"}],"wp:term":[{"taxonomy":"category","embeddable":true,"href":"https:\/\/sven-ove.nu\/index.php?rest_route=%2Fwp%2Fv2%2Fcategories&post=13708"},{"taxonomy":"post_tag","embeddable":true,"href":"https:\/\/sven-ove.nu\/index.php?rest_route=%2Fwp%2Fv2%2Ftags&post=13708"}],"curies":[{"name":"wp","href":"https:\/\/api.w.org\/{rel}","templated":true}]}}