{"id":13736,"date":"2016-01-12T03:00:04","date_gmt":"2016-01-12T02:00:04","guid":{"rendered":"http:\/\/sven-ove.nu\/?p=13736"},"modified":"2016-01-11T19:49:43","modified_gmt":"2016-01-11T18:49:43","slug":"fri-tid","status":"publish","type":"post","link":"https:\/\/sven-ove.nu\/?p=13736","title":{"rendered":"Fri tid?"},"content":{"rendered":"<blockquote><p>Okej, Svensson. Detta \u00e4r din nya chef som talar. Du ska inte tro att du \u00e4r ledig.<\/p><\/blockquote>\n<p>Visst, fr\u00e5n och med i dag \u00e4r du pension\u00e4r p\u00e5 heltid, det \u00e4r sant, men ledig st\u00e5r det inget i papperen om. Fick du inte listan, har inte distributionen fungerat?<\/p>\n<p style=\"padding-left: 30px;\"><em>Du ska g\u00e5 upp i tid som vanligt.<br \/>\n<\/em><em>Du ska g\u00e5 utomhus varje dag, springa, promenera, cykla, klyva ved, g\u00e5 i skogen eller jobba i tr\u00e4dg\u00e5rden.<br \/>\n<\/em><em>Du ska skotta sn\u00f6 eller klippa gr\u00e4smattan.<br \/>\n<\/em><em>Du ska mata f\u00e5glarna p\u00e5 vintern.<br \/>\n<\/em><em>Du ska l\u00e4ra dig ett nytt f\u00e5gell\u00e4te i m\u00e5naden.<br \/>\n<\/em><em>Du ska fotografera.<br \/>\n<\/em><em>Du ska handla.<br \/>\n<\/em><em>Du ska st\u00e4da om det beh\u00f6vs.<br \/>\n<\/em><em>Du ska laga mat.<br \/>\n<\/em><em>Du ska l\u00e4sa tidningar, tidskrifter och b\u00f6cker. Minst en klassiker i m\u00e5naden.<br \/>\n<\/em><em>Du ska l\u00e5na p\u00e5 biblioteket.<br \/>\n<\/em><em>Du ska ta itu med sl\u00e4ktforskningen igen.<br \/>\n<\/em><em>Du ska h\u00e4mta posten.<br \/>\n<\/em><em>Du ska skriva. Blogg, Facebook eller refuserade romaner, det \u00e4r inte s\u00e5 noga, men skriva ska du. Du har n\u00e5t du vill ha sagt.<br \/>\n<\/em><em>Du ska resonera med 16-m\u00e5naders, \u00e5tta\u00e5ringar med flera och en och annan 30-plussare. Kanske h\u00e4lsa p\u00e5 till och med.<br \/>\n<\/em><em>Du ska &#8230;<\/em><\/p>\n<p><strong>Hinner inte<br \/>\n<\/strong>Vi slutar d\u00e4r, du kan l\u00e4sa resten sj\u00e4lv p\u00e5 listan, jag budar \u00f6ver den. Detta \u00e4r din nya chef som talar. Du sj\u00e4lv. Det finns inget s\u00e5dant som fri tid. Inte om pension\u00e4ren sj\u00e4lv f\u00e5r best\u00e4mma. Arbetsk\u00f6parna i v\u00e4rlden kan sl\u00e4nga sig i v\u00e4ggen, du har inte tid.<\/p>\n<p>Grattis f\u00f6rresten.<br \/>\nG\u00e5 upp nu.<br \/>\n<em><br \/>\n<strong><span style=\"color: #ff0000;\"><a href=\"https:\/\/sven-ove.nu\/wp-content\/uploads\/2016\/01\/G\u00e4rnamedalj.jpg\"><img loading=\"lazy\" decoding=\"async\" class=\"alignright size-thumbnail wp-image-13739\" src=\"https:\/\/sven-ove.nu\/wp-content\/uploads\/2016\/01\/G\u00e4rnamedalj-150x150.jpg\" alt=\"G\u00e4rnamedalj\" width=\"150\" height=\"150\" \/><\/a>###<\/span><\/strong> Ordet pension \u00e4r franska och kommer av latinets pensio, utbetalning och pendo, h\u00e4nga p\u00e5 v\u00e5gen, v\u00e4ga upp, betala.<br \/>\n<\/em><em><span style=\"color: #ff0000;\"><strong>###<\/strong><\/span>\u00a01946 antogs lagen om folkpension och tv\u00e5 \u00e5r senare tr\u00e4dde den i kraft.<br \/>\n<\/em><em><span style=\"color: #ff0000;\"><strong>###<\/strong><\/span>\u00a0D\u00e5 slutade <\/em><em>\u00e5lderspension\u00e4rerna vara en huvudgrupp i fattigv\u00e5rden. Det tackar vi s\u00e4rskilt f\u00f6r. Kan jag inte f\u00e5 dra mig liiite, f\u00f6rsta dan?<\/em><\/p>\n","protected":false},"excerpt":{"rendered":"<p>Okej, Svensson. Detta \u00e4r din nya chef som talar. Du ska inte tro att du \u00e4r ledig. Visst, fr\u00e5n och med i dag \u00e4r du pension\u00e4r p\u00e5 heltid, det \u00e4r sant, men ledig st\u00e5r det inget i papperen om. Fick du inte listan, har inte distributionen fungerat? Du ska g\u00e5 upp i tid som vanligt. &hellip; <a href=\"https:\/\/sven-ove.nu\/?p=13736\" class=\"more-link\">Forts\u00e4tt l\u00e4sa <span class=\"screen-reader-text\">Fri tid?<\/span><\/a><\/p>\n","protected":false},"author":1,"featured_media":13741,"comment_status":"open","ping_status":"open","sticky":false,"template":"","format":"standard","meta":{"_crdt_document":"","_monsterinsights_skip_tracking":false,"_monsterinsights_sitenote_active":false,"_monsterinsights_sitenote_note":"","_monsterinsights_sitenote_category":0,"footnotes":""},"categories":[10],"tags":[3,18,20],"class_list":["post-13736","post","type-post","status-publish","format-standard","has-post-thumbnail","hentry","category-familjen","tag-arbete","tag-lardomar","tag-rad"],"_links":{"self":[{"href":"https:\/\/sven-ove.nu\/index.php?rest_route=\/wp\/v2\/posts\/13736","targetHints":{"allow":["GET"]}}],"collection":[{"href":"https:\/\/sven-ove.nu\/index.php?rest_route=\/wp\/v2\/posts"}],"about":[{"href":"https:\/\/sven-ove.nu\/index.php?rest_route=\/wp\/v2\/types\/post"}],"author":[{"embeddable":true,"href":"https:\/\/sven-ove.nu\/index.php?rest_route=\/wp\/v2\/users\/1"}],"replies":[{"embeddable":true,"href":"https:\/\/sven-ove.nu\/index.php?rest_route=%2Fwp%2Fv2%2Fcomments&post=13736"}],"version-history":[{"count":7,"href":"https:\/\/sven-ove.nu\/index.php?rest_route=\/wp\/v2\/posts\/13736\/revisions"}],"predecessor-version":[{"id":13747,"href":"https:\/\/sven-ove.nu\/index.php?rest_route=\/wp\/v2\/posts\/13736\/revisions\/13747"}],"wp:featuredmedia":[{"embeddable":true,"href":"https:\/\/sven-ove.nu\/index.php?rest_route=\/wp\/v2\/media\/13741"}],"wp:attachment":[{"href":"https:\/\/sven-ove.nu\/index.php?rest_route=%2Fwp%2Fv2%2Fmedia&parent=13736"}],"wp:term":[{"taxonomy":"category","embeddable":true,"href":"https:\/\/sven-ove.nu\/index.php?rest_route=%2Fwp%2Fv2%2Fcategories&post=13736"},{"taxonomy":"post_tag","embeddable":true,"href":"https:\/\/sven-ove.nu\/index.php?rest_route=%2Fwp%2Fv2%2Ftags&post=13736"}],"curies":[{"name":"wp","href":"https:\/\/api.w.org\/{rel}","templated":true}]}}