{"id":13748,"date":"2016-01-13T03:00:55","date_gmt":"2016-01-13T02:00:55","guid":{"rendered":"http:\/\/sven-ove.nu\/?p=13748"},"modified":"2016-01-13T10:32:23","modified_gmt":"2016-01-13T09:32:23","slug":"en-skrivkarl-stampar-ut-del-1","status":"publish","type":"post","link":"https:\/\/sven-ove.nu\/?p=13748","title":{"rendered":"En skrivkarl st\u00e4mplar ut, del 1"},"content":{"rendered":"<p><a href=\"https:\/\/sven-ove.nu\/wp-content\/uploads\/2014\/11\/Vid-f\u00f6rstakapan.jpg\"><img loading=\"lazy\" decoding=\"async\" class=\"size-large wp-image-9987 alignnone\" src=\"https:\/\/sven-ove.nu\/wp-content\/uploads\/2014\/11\/Vid-f\u00f6rstakapan-1024x789.jpg\" alt=\"Vid f\u00f6rstakapan\" width=\"660\" height=\"509\" srcset=\"https:\/\/sven-ove.nu\/wp-content\/uploads\/2014\/11\/Vid-f\u00f6rstakapan-1024x789.jpg 1024w, https:\/\/sven-ove.nu\/wp-content\/uploads\/2014\/11\/Vid-f\u00f6rstakapan-300x231.jpg 300w, https:\/\/sven-ove.nu\/wp-content\/uploads\/2014\/11\/Vid-f\u00f6rstakapan.jpg 1587w\" sizes=\"auto, (max-width: 660px) 100vw, 660px\" \/><\/a><\/p>\n<blockquote><p>Tredje etappen klar. Arbetslivet. Vad roligt jag har haft och som jag har jobbat. Fast en g\u00e5ng latade jag mig, asch det h\u00e4nde faktiskt tv\u00e5 g\u00e5nger, nu kan det s\u00e4gas.<\/p>\n<p>Det h\u00e4r kommer att bli en l\u00e5ng historia, s\u00e4tt p\u00e5 kaffet, det kan du beh\u00f6va. Ta en sm\u00f6rg\u00e5s till. L\u00e4s nu, barn.<\/p><\/blockquote>\n<h2><strong>DEL 1<\/strong><\/h2>\n<h3><strong>Jordbruk<\/strong><\/h3>\n<p>P\u00e5 Almars g\u00e5rd jobbade jag inte mycket, det var v\u00e4l kojbyggandet med kusin J\u00f6rgen d\u00e5 i s\u00e5 fall. H\u00e4mtade mj\u00f6lk, m\u00e5lade rutor, bar ved. N\u00e4r jag var \u00e5tta flyttade vi. P\u00e5 det lilla sm\u00e5bruket i \u00c4ngeb\u00e4ckstorp blev snart vedskjulet en del av reviret. Kl\u00f6v ved s\u00e5 blodvite stundom uppstod. Ett vackert \u00e4rr fr\u00e5n en yxa g\u00e5r tv\u00e4rs \u00f6ver b\u00e5de pek- och l\u00e5ngfinger p\u00e5 v\u00e4nster hand, s\u00e5dant \u00e4r alltid intressant i s\u00e4llskapslivet. Mitt jobb var ofta att f\u00f6rse farmor och farfar p\u00e5 \u00f6verv\u00e5ningen med ved. Korta vedtr\u00e4n skulle det vara till den kaminen, de fick s\u00e5gas en g\u00e5ng till.<\/p>\n<p>Vi h\u00e4ssjade h\u00f6, jag fick sitta bakp\u00e5 sl\u00e5ttermaskinen och lyfta kniven n\u00e4r pappa v\u00e4nde med traktorn. H\u00e4ssjningen var en fest, d\u00e5 stod det en kagge med svagdricka i \u00e4nden p\u00e5 en av h\u00e4ssjorna. N\u00e5gon g\u00e5ng rastade vi ju och solen sken. N\u00e4r vi sedan k\u00f6rde in det torra h\u00f6et var det mitt jobb att st\u00e5 p\u00e5 lasset, ta emot och trampa ner. D\u00e5 sj\u00f6ng pappa. Mocka f\u00f6r h\u00e4star, kor, grisar och h\u00f6ns var en annan syssla. Det \u00e4r ett privilegium att ha f\u00e5tt v\u00e4xa upp p\u00e5 barfotatiden och fortfarande minnas k\u00e4nslan n\u00e4r du r\u00e5kar trampa p\u00e5 en f\u00e4rsk h\u00f6nsskit p\u00e5 lag\u00e5rdsbacken, s\u00e5 det gula kletet pressas fram mellan t\u00e5rna. Nog hade vi r\u00e5d med skor men om somrarna gick jag s\u00e5 mycket barfota att n\u00e4r h\u00f6sten kom kunde jag obehindrat g\u00e5 i nyslagen stubb\u00e5ker utan att de h\u00e4rdade f\u00f6tterna r\u00f6rde en min.<\/p>\n<p><a href=\"https:\/\/sven-ove.nu\/wp-content\/uploads\/2014\/03\/\u00c4ngeb\u00e4ckstorp.jpg\"><img loading=\"lazy\" decoding=\"async\" class=\"size-medium wp-image-8565 alignnone\" src=\"https:\/\/sven-ove.nu\/wp-content\/uploads\/2014\/03\/\u00c4ngeb\u00e4ckstorp-300x142.jpg\" alt=\"\u00c4ngeb\u00e4ckstorp\" width=\"300\" height=\"142\" srcset=\"https:\/\/sven-ove.nu\/wp-content\/uploads\/2014\/03\/\u00c4ngeb\u00e4ckstorp-300x142.jpg 300w, https:\/\/sven-ove.nu\/wp-content\/uploads\/2014\/03\/\u00c4ngeb\u00e4ckstorp-1024x486.jpg 1024w\" sizes=\"auto, (max-width: 300px) 100vw, 300px\" \/><\/a><\/p>\n<p>P\u00e5 f\u00f6rsomrarna\u00a0fick jag harva \u00e5krarna s\u00e5 mycket med GMW-traktorn och harven att jag numera lovat mig sj\u00e4lv att aldrig klippa gr\u00e4smattan p\u00e5 just det s\u00e4ttet. Harva ska du g\u00f6ra rakt och energibesparande. Klippa mitt gr\u00e4s g\u00f6r jag kors och tv\u00e4rs, hit och dit, grannarna vet varf\u00f6r.<\/p>\n<p>H\u00f6sten n\u00e4r jag var sexton fick jag en r\u00f6jkniv i n\u00e4ven och g\u00e5rdens samlade bj\u00f6rkslybest\u00e5nd att decimera. S\u00e4llan har mitt hoppfulla diktande varit s\u00e5 varvat med stolta hugg. B\u00f6j bj\u00f6rk och hugg, b\u00f6j bj\u00f6rk och hugg. Sitt p\u00e5 en stubbe och skriv en vers om s\u00e5dant som en pubertetsyngling t\u00e4nker p\u00e5. B\u00f6j bj\u00f6rk och hugg.<\/p>\n<h3><strong>S\u00e5gverk<\/strong><\/h3>\n<p>V\u00e5ren d\u00e4rp\u00e5 f\u00f6ljde jag med pappa till s\u00e5gen i Molkom, d\u00e4r han b\u00f6rjat efter att vi s\u00e5lt. Jag fick jobb direkt. Den tidens f\u00f6retag tog stort socialt ansvar, fast det begrep inte den h\u00e4r upproriske unge mannen. F\u00f6rsta dagen erbj\u00f6d mig Evert, basen, ett arbete som fick de andra s\u00e5gverksgubbarna att le.<\/p>\n<p>&#8211; Ser du s\u00e5gsp\u00e5ne d\u00e4r borte?<br \/>\nJa, det gjorde jag f\u00f6rst\u00e5s. Ett berg med s\u00e5gsp\u00e5n.<br \/>\n&#8211; Bra. Ser du sk\u00f4ttk\u00e4rra d\u00e4r?<br \/>\nJo, jag s\u00e5g skottk\u00e4rran ocks\u00e5.<br \/>\n&#8211; Fint. D\u00e5 tar du denne sk\u00f4vla (skoveln) och s\u00f4rterer s\u00e5gsp\u00e5ne i tv\u00e5 lika store h\u00f6ger. Fura f\u00f6r sig \u00e5 tall f\u00f6r sig.<\/p>\n<p><a href=\"https:\/\/sven-ove.nu\/wp-content\/uploads\/2015\/01\/G\u00f6sta.jpg\"><img loading=\"lazy\" decoding=\"async\" class=\"alignright size-thumbnail wp-image-10439\" src=\"https:\/\/sven-ove.nu\/wp-content\/uploads\/2015\/01\/G\u00f6sta-150x150.jpg\" alt=\"G\u00f6sta\" width=\"150\" height=\"150\" \/><\/a>D\u00e4r tillbringade jag sedan n\u00e5gra m\u00e5nader innan jag b\u00f6rjade om p\u00e5 gymnasiet, plus att jag jobbade alla sportlov, friluftsdagar och somrar. Efter lumpen blev det n\u00e5gra \u00e5r till, mest i gamla justerverket tillsammans med G\u00f6sta Z, min store l\u00e4rom\u00e4stare. Det var han som ber\u00e4ttade att om jag skulle komma d\u00e4r och f\u00f6r\u00e4ndra v\u00e4rlden, s\u00e5 var det bra om jag l\u00e4rde mig l\u00e4gga j\u00e4mnkant p\u00e5 virkespaketen f\u00f6rst. En klok inst\u00e4llning. Vi justerade br\u00e4dor och plank p\u00e5 ackord och skrattade hela dagarna.<\/p>\n<p>&#8211; Buller? Asch, d\u00e4 v\u00e4njer en sej ve\u2019, ropade\u00a0de gamle.<\/p>\n<p>Efter n\u00e5gra \u00e5r s\u00f6kte jag och kom in p\u00e5 Journalisth\u00f6gskolan i G\u00f6teborg. Gubbarna var stolta. G\u00f6sta klippte ut en notis ur lokaltidningen V\u00e4rmlandsberg och satte upp p\u00e5 v\u00e4ggen i justerverket. Molkomsbo antagen till Journalisth\u00f6gskolan.<\/p>\n<p>Det blev jag stolt \u00f6ver.<\/p>\n","protected":false},"excerpt":{"rendered":"<p>Tredje etappen klar. Arbetslivet. Vad roligt jag har haft och som jag har jobbat. Fast en g\u00e5ng latade jag mig, asch det h\u00e4nde faktiskt tv\u00e5 g\u00e5nger, nu kan det s\u00e4gas. Det h\u00e4r kommer att bli en l\u00e5ng historia, s\u00e4tt p\u00e5 kaffet, det kan du beh\u00f6va. Ta en sm\u00f6rg\u00e5s till. L\u00e4s nu, barn. DEL 1 Jordbruk &hellip; <a href=\"https:\/\/sven-ove.nu\/?p=13748\" class=\"more-link\">Forts\u00e4tt l\u00e4sa <span class=\"screen-reader-text\">En skrivkarl st\u00e4mplar ut, del 1<\/span><\/a><\/p>\n","protected":false},"author":1,"featured_media":0,"comment_status":"open","ping_status":"open","sticky":false,"template":"","format":"standard","meta":{"_crdt_document":"","_monsterinsights_skip_tracking":false,"_monsterinsights_sitenote_active":false,"_monsterinsights_sitenote_note":"","_monsterinsights_sitenote_category":0,"footnotes":""},"categories":[10,28],"tags":[3,8,17],"class_list":["post-13748","post","type-post","status-publish","format-standard","hentry","category-familjen","category-kreativt-folk","tag-arbete","tag-historia","tag-solidaritet"],"_links":{"self":[{"href":"https:\/\/sven-ove.nu\/index.php?rest_route=\/wp\/v2\/posts\/13748","targetHints":{"allow":["GET"]}}],"collection":[{"href":"https:\/\/sven-ove.nu\/index.php?rest_route=\/wp\/v2\/posts"}],"about":[{"href":"https:\/\/sven-ove.nu\/index.php?rest_route=\/wp\/v2\/types\/post"}],"author":[{"embeddable":true,"href":"https:\/\/sven-ove.nu\/index.php?rest_route=\/wp\/v2\/users\/1"}],"replies":[{"embeddable":true,"href":"https:\/\/sven-ove.nu\/index.php?rest_route=%2Fwp%2Fv2%2Fcomments&post=13748"}],"version-history":[{"count":15,"href":"https:\/\/sven-ove.nu\/index.php?rest_route=\/wp\/v2\/posts\/13748\/revisions"}],"predecessor-version":[{"id":13797,"href":"https:\/\/sven-ove.nu\/index.php?rest_route=\/wp\/v2\/posts\/13748\/revisions\/13797"}],"wp:attachment":[{"href":"https:\/\/sven-ove.nu\/index.php?rest_route=%2Fwp%2Fv2%2Fmedia&parent=13748"}],"wp:term":[{"taxonomy":"category","embeddable":true,"href":"https:\/\/sven-ove.nu\/index.php?rest_route=%2Fwp%2Fv2%2Fcategories&post=13748"},{"taxonomy":"post_tag","embeddable":true,"href":"https:\/\/sven-ove.nu\/index.php?rest_route=%2Fwp%2Fv2%2Ftags&post=13748"}],"curies":[{"name":"wp","href":"https:\/\/api.w.org\/{rel}","templated":true}]}}