{"id":13763,"date":"2016-01-15T03:00:47","date_gmt":"2016-01-15T02:00:47","guid":{"rendered":"http:\/\/sven-ove.nu\/?p=13763"},"modified":"2016-01-13T11:04:18","modified_gmt":"2016-01-13T10:04:18","slug":"13763","status":"publish","type":"post","link":"https:\/\/sven-ove.nu\/?p=13763","title":{"rendered":"En skrivkarl st\u00e4mplar ut, del 2"},"content":{"rendered":"<p><a href=\"https:\/\/sven-ove.nu\/wp-content\/uploads\/2016\/01\/Tidningshistoria.jpg\"><img loading=\"lazy\" decoding=\"async\" class=\"size-large wp-image-13771 alignnone\" src=\"https:\/\/sven-ove.nu\/wp-content\/uploads\/2016\/01\/Tidningshistoria-1024x733.jpg\" alt=\"Tidningshistoria\" width=\"660\" height=\"472\" srcset=\"https:\/\/sven-ove.nu\/wp-content\/uploads\/2016\/01\/Tidningshistoria-1024x733.jpg 1024w, https:\/\/sven-ove.nu\/wp-content\/uploads\/2016\/01\/Tidningshistoria-300x215.jpg 300w, https:\/\/sven-ove.nu\/wp-content\/uploads\/2016\/01\/Tidningshistoria.jpg 1588w\" sizes=\"auto, (max-width: 660px) 100vw, 660px\" \/><\/a><\/p>\n<blockquote><p>H\u00e4r \u00e4r andra delen i min snabba \u00e5terblick p\u00e5 arbetena jag haft. Nu: journalist. Det var ju det jag hade t\u00e4nkt mig hela tiden.<\/p><\/blockquote>\n<h2><strong>DEL 2<\/strong><\/h2>\n<h3><strong>Tidning<\/strong><\/h3>\n<p>Tredje terminen p\u00e5 Journalisth\u00f6gskolan var praktiktermin. V\u00e4rmlands Folkblad, dit jag ville, tog inte emot n\u00e5gra praktikanter det \u00e5ret. I st\u00e4llet erbj\u00f6ds jag Nya Wermlands-Tidningen. Nej tack, den \u00e4r en symbol f\u00f6r allt jag \u00e4r emot, sa jag, gammal vietnamdemonstrant som jag var. De ledarkommentarerna gl\u00f6mmer en inte.<br \/>\n&#8211; Kan du inte t\u00e4nka dig att jobba p\u00e5 n\u00e5gon h\u00f6gertidning alls? undrade l\u00e4rarna.<br \/>\n&#8211; Jod\u00e5. 80 procent av dagspressen i Sverige \u00e4r borgerlig, s\u00e5 va\u2019 ska en g\u00f6ra. Men inte den draken.<\/p>\n<p>Motvilligt satte jag mig p\u00e5 t\u00e5get till J\u00f6nk\u00f6ping och Sm\u00e5lands Folkblad, dit man skickade mig. Vad hundan ska jag i J\u00f6nk\u00f6ping att g\u00f6ra? Det blev en nyttig skola. Vi var ett ungt g\u00e4ng och jag beh\u00f6vdes och fick jobba h\u00e5rt fr\u00e5n f\u00f6rsta veckan. Katter i tr\u00e4d, kristna radiopirater p\u00e5 Nyhemsveckan, massor av reportage. M\u00e5nga av kollegerna var synnerligen beg\u00e5vade, jag s\u00f6g i mig l\u00e4rdomen som en svamp.<br \/>\n&#8211; Prata inte Svensson, skriv nu.<br \/>\n&#8211; F\u00f6rs\u00f6k h\u00f6ja texten en abstraktionsgrad. Ta g\u00e4rna med lite fakta n\u00e5n g\u00e5ng, inte bara milj\u00f6.<br \/>\n&#8211; Personifiera!<br \/>\n&#8211; Du beh\u00f6ver inte skriva n\u00e5t matchreferat, P-O ringde vaktm\u00e4starn p\u00e5 idrottsplatsen. Det \u00e4r redan klart.<\/p>\n<p><a href=\"https:\/\/sven-ove.nu\/wp-content\/uploads\/2016\/01\/SmF-gem.jpg\"><img loading=\"lazy\" decoding=\"async\" class=\"size-large wp-image-13779 alignnone\" src=\"https:\/\/sven-ove.nu\/wp-content\/uploads\/2016\/01\/SmF-gem-1024x768.jpg\" alt=\"SmF-gem\" width=\"660\" height=\"495\" srcset=\"https:\/\/sven-ove.nu\/wp-content\/uploads\/2016\/01\/SmF-gem-1024x768.jpg 1024w, https:\/\/sven-ove.nu\/wp-content\/uploads\/2016\/01\/SmF-gem-300x225.jpg 300w, https:\/\/sven-ove.nu\/wp-content\/uploads\/2016\/01\/SmF-gem.jpg 1632w\" sizes=\"auto, (max-width: 660px) 100vw, 660px\" \/><\/a><\/p>\n<p>Den g\u00e5ngen var det ocks\u00e5 ont om journalistjobb. Jag hade sommarvickat p\u00e5 V\u00e4rmlands Folkblad och ville dit, men d\u00e4r fanns inget ledigt arbete. D\u00e5 erbj\u00f6ds jag att forts\u00e4tta p\u00e5 Sm\u00e5lands Folkblad direkt, ett fast jobb som lokalredakt\u00f6r i Vaggeryd.<br \/>\n&#8211; Hoppa av journalisth\u00f6gskolan?<br \/>\n&#8211; Ja, det \u00e4r det fler h\u00e4r p\u00e5 redaktionen som har gjort. Sista terminen kan du alltid g\u00e5 n\u00e5gon annan g\u00e5ng om du vill ha ut din examen. Vill du ha jobbet?<\/p>\n<p>Det ville jag. For till uppropet p\u00e5 skolan, ropade nej och bj\u00f6d hem Janne Josefsson, Per Yng och de andra klasskamraterna p\u00e5 avskedsfest med kycklingsallad med skruvmakaroner. Den heter fortfarande Janne Josefsson-sallad i v\u00e5r familj, eftersom Janne gillade den s\u00e5 v\u00e4ldigt.<\/p>\n<p><a href=\"https:\/\/sven-ove.nu\/wp-content\/uploads\/2016\/01\/L\u00f6n-SmF-sept-75.jpg\"><img loading=\"lazy\" decoding=\"async\" class=\"size-large wp-image-13774 alignnone\" src=\"https:\/\/sven-ove.nu\/wp-content\/uploads\/2016\/01\/L\u00f6n-SmF-sept-75-1024x768.jpg\" alt=\"L\u00f6n SmF sept 75\" width=\"660\" height=\"495\" srcset=\"https:\/\/sven-ove.nu\/wp-content\/uploads\/2016\/01\/L\u00f6n-SmF-sept-75-1024x768.jpg 1024w, https:\/\/sven-ove.nu\/wp-content\/uploads\/2016\/01\/L\u00f6n-SmF-sept-75-300x225.jpg 300w, https:\/\/sven-ove.nu\/wp-content\/uploads\/2016\/01\/L\u00f6n-SmF-sept-75.jpg 1632w\" sizes=\"auto, (max-width: 660px) 100vw, 660px\" \/><\/a><\/p>\n<p style=\"padding-left: 30px;\"><em>M\u00e5nadsl\u00f6n september 1975: 3 914 kronor.<\/em><\/p>\n<p>I Vaggeryd blev det rivstart, mycket tack vare goda tips fr\u00e5n hemmaredaktionen. I b\u00f6rjan gjorde jag en sida om dagen och d\u00e5 pratar vi fullformat, inte tabloid. Varje g\u00e5ng jag h\u00f6r n\u00e5gon klaga p\u00e5 det nya ordet hen t\u00e4nker jag p\u00e5 den gamle mannen som h\u00e4lsade mig v\u00e4lkommen.<br \/>\n&#8211; \u00c4 I vaggery\u2019boe? undrade han. \u00c4r I vaggerydsbo?<br \/>\nD\u00e4r levde 1600-talsordet I fortfarande kvar. F\u00f6r den f\u00f6rtr\u00e4fflige karln var inte ni-reformen genomf\u00f6rd.<\/p>\n<p>Journalistkarri\u00e4ren fortsatte. Lokalredakt\u00f6r p\u00e5 V\u00e4rmlands Folkblad i Sunne. Halvtid, ville bli f\u00f6rfattare. Gr\u00e4vde fram konkurshotade V\u00e4nerskogs rekonstruktionsplan, intervjuade en granbarkborre. En skogvaktare jag k\u00e4nde bar den artikeln med sig i flera \u00e5r tills den var utsliten och han bad om en ny. Detta var \u00e5r d\u00e5 vi alltid visste p\u00e5 \u00f6ret hur mycket pengar vi hade i familjen. I v\u00e5rt vardagsrum bildades Sunne Milj\u00f6grupp, i diverse lokaler pluggades k\u00e4rnkraftsfakta, vi demonstrerade mot besprutningar av skog och Fryksdalsbana och mot det blivande Kymmenkraftverket.<\/p>\n<p>D\u00e4refter heltidsjobb som reporter p\u00e5 NWT i Karlstad (flina inte!), jag for mest omkring och gjorde klacksparksreportage med fotografen Christer H\u00f6glund. Sprang genom V\u00e4rmland fr\u00e5n L\u00e5ngflon via R\u00f6jd\u00e5fors till Stora torget i Karlstad, paddlade under Tingvallagymnasiet.<\/p>\n<p>Tr\u00f6ttnade p\u00e5 avundsjukan och skitpratet, fick jobb p\u00e5 lilla V\u00e4rmlandsbygden, ocks\u00e5 i Karlstad. Eget rum och 9-17 med en timmes lunch. Kom att sitta och redigera texter mest, gjorde jobb p\u00e5 V\u00e4rmlands f\u00f6rsta tama \u00e4lg, en av bilderna kom p\u00e5 DN:s f\u00f6rstasida.<\/p>\n<p>Ett av de sista \u00e5ren kom den forne gamle ombudsmannen och f\u00f6re detta chefredakt\u00f6ren f\u00f6r tidningen in p\u00e5 mitt rum, tog mig l\u00e4nge i hand och s\u00e5g mig i \u00f6gonen:<\/p>\n<p style=\"padding-left: 30px;\"><strong>&#8211; Jag har pratat med Leif p\u00e5 s\u00e4tteriet i S\u00e4ffle. Du har r\u00e4ddat den h\u00e4r tidningen, sa han. Det ska du ha tack f\u00f6r. Om inte du hade varit s\u00e5 hade vi inte haft n\u00e5gon tidning nu.<\/strong><\/p>\n<p>Goda ord att h\u00f6ra fr\u00e5n tv\u00e5 som jag k\u00e4nde respekt f\u00f6r. Lite senare fr\u00e5gade en av styrelseledam\u00f6terna om jag inte ville bli chefredakt\u00f6r f\u00f6r VB. Nja, det \u00e4r det d\u00e4r med politiken, chefredakt\u00f6ren ska skriva ledare, men tack \u00e4nd\u00e5. VB \u00e4r \u00e4nd\u00e5 mitt farsarv, pappa var en g\u00e5ng prenumerationsombud hemma i byn.<\/p>\n<p>Den nye chefredakt\u00f6ren gav mig sm\u00e5ningom tj\u00e4nstledigt p\u00e5 halvtid, jag skrev kr\u00f6nikor och recenserade b\u00f6cker mest och gjorde l\u00e4tta sidan. Min pseudonym Viktor Root f\u00f6ddes, n\u00e4r det s\u00e5g f\u00f6r enahanda ut med Svensson under s\u00e5v\u00e4l sk\u00e4mtteckningar som dagsverser och k\u00e5serier.<\/p>\n<p>Viktor skrev den h\u00e4r dikten bland annat, om den omdebatterade blivande flygplatsen utanf\u00f6r Karlstad:<\/p>\n<p style=\"padding-left: 30px;\"><em><strong>Sanningen \u00f4m Mellerudstorp<\/strong><\/em><\/p>\n<p style=\"padding-left: 30px;\"><em>I.<\/em><br \/>\n<em>S\u00e4ge va en vill<\/em><br \/>\n<em>\u00f4m vattent\u00e4kten<\/em><br \/>\n<em>ve Mellerudst\u00f4rp<\/em><br \/>\n<em>\u00c5 s\u00e4ge va en vill<\/em><br \/>\n<em>\u00f4m nye flygplassen \u2013<\/em><br \/>\n<em>Men d\u00e4 kanske<\/em><br \/>\n<em>inte \u00e4 s\u00e5 dumt<\/em><br \/>\n<em>att di blir<\/em><br \/>\n<em>p\u00e5 samme st\u00e4lle?<\/em><\/p>\n<p style=\"padding-left: 30px;\"><em>II.<\/em><br \/>\n<em>Flygbensin \u00e5 glykol<\/em><br \/>\n<em>i kranvattne?<\/em><br \/>\n<em>Kanske \u00e4 d\u00e4 just precis<\/em><br \/>\n<em>va vissa kallstabor<\/em><br \/>\n<em>beh\u00f6ver?<\/em><\/p>\n<p style=\"padding-left: 30px;\"><em>F\u00f6r \u00e5 inte stelne te.<\/em><\/p>\n<p><strong><span style=\"color: #ff0000;\"><a href=\"https:\/\/sven-ove.nu\/wp-content\/uploads\/2016\/01\/Byline75.jpg\"><img loading=\"lazy\" decoding=\"async\" class=\"alignright size-thumbnail wp-image-13772\" src=\"https:\/\/sven-ove.nu\/wp-content\/uploads\/2016\/01\/Byline75-150x150.jpg\" alt=\"Byline75\" width=\"150\" height=\"150\" srcset=\"https:\/\/sven-ove.nu\/wp-content\/uploads\/2016\/01\/Byline75-150x150.jpg 150w, https:\/\/sven-ove.nu\/wp-content\/uploads\/2016\/01\/Byline75-300x300.jpg 300w, https:\/\/sven-ove.nu\/wp-content\/uploads\/2016\/01\/Byline75.jpg 960w\" sizes=\"auto, (max-width: 150px) 100vw, 150px\" \/><\/a>###<\/span> Serien om jobb jag minns:\u00a0<\/strong><span style=\"color: #ff0000;\"><a style=\"color: #ff0000;\" href=\"https:\/\/sven-ove.nu\/?p=13748\">En skrivkarl st\u00e4mplar ut, del 1<\/a><\/span> &#8211;<\/p>\n","protected":false},"excerpt":{"rendered":"<p>H\u00e4r \u00e4r andra delen i min snabba \u00e5terblick p\u00e5 arbetena jag haft. Nu: journalist. Det var ju det jag hade t\u00e4nkt mig hela tiden. DEL 2 Tidning Tredje terminen p\u00e5 Journalisth\u00f6gskolan var praktiktermin. V\u00e4rmlands Folkblad, dit jag ville, tog inte emot n\u00e5gra praktikanter det \u00e5ret. I st\u00e4llet erbj\u00f6ds jag Nya Wermlands-Tidningen. Nej tack, den \u00e4r &hellip; <a href=\"https:\/\/sven-ove.nu\/?p=13763\" class=\"more-link\">Forts\u00e4tt l\u00e4sa <span class=\"screen-reader-text\">En skrivkarl st\u00e4mplar ut, del 2<\/span><\/a><\/p>\n","protected":false},"author":1,"featured_media":0,"comment_status":"open","ping_status":"open","sticky":false,"template":"","format":"standard","meta":{"_crdt_document":"","_monsterinsights_skip_tracking":false,"_monsterinsights_sitenote_active":false,"_monsterinsights_sitenote_note":"","_monsterinsights_sitenote_category":0,"footnotes":""},"categories":[28,4],"tags":[3,8,18,15],"class_list":["post-13763","post","type-post","status-publish","format-standard","hentry","category-kreativt-folk","category-skrivande","tag-arbete","tag-historia","tag-lardomar","tag-mediedjungeln"],"_links":{"self":[{"href":"https:\/\/sven-ove.nu\/index.php?rest_route=\/wp\/v2\/posts\/13763","targetHints":{"allow":["GET"]}}],"collection":[{"href":"https:\/\/sven-ove.nu\/index.php?rest_route=\/wp\/v2\/posts"}],"about":[{"href":"https:\/\/sven-ove.nu\/index.php?rest_route=\/wp\/v2\/types\/post"}],"author":[{"embeddable":true,"href":"https:\/\/sven-ove.nu\/index.php?rest_route=\/wp\/v2\/users\/1"}],"replies":[{"embeddable":true,"href":"https:\/\/sven-ove.nu\/index.php?rest_route=%2Fwp%2Fv2%2Fcomments&post=13763"}],"version-history":[{"count":13,"href":"https:\/\/sven-ove.nu\/index.php?rest_route=\/wp\/v2\/posts\/13763\/revisions"}],"predecessor-version":[{"id":13781,"href":"https:\/\/sven-ove.nu\/index.php?rest_route=\/wp\/v2\/posts\/13763\/revisions\/13781"}],"wp:attachment":[{"href":"https:\/\/sven-ove.nu\/index.php?rest_route=%2Fwp%2Fv2%2Fmedia&parent=13763"}],"wp:term":[{"taxonomy":"category","embeddable":true,"href":"https:\/\/sven-ove.nu\/index.php?rest_route=%2Fwp%2Fv2%2Fcategories&post=13763"},{"taxonomy":"post_tag","embeddable":true,"href":"https:\/\/sven-ove.nu\/index.php?rest_route=%2Fwp%2Fv2%2Ftags&post=13763"}],"curies":[{"name":"wp","href":"https:\/\/api.w.org\/{rel}","templated":true}]}}