{"id":13798,"date":"2016-01-14T03:00:46","date_gmt":"2016-01-14T02:00:46","guid":{"rendered":"http:\/\/sven-ove.nu\/?p=13798"},"modified":"2016-01-13T11:08:02","modified_gmt":"2016-01-13T10:08:02","slug":"naturskyddsforeningen-filar","status":"publish","type":"post","link":"https:\/\/sven-ove.nu\/?p=13798","title":{"rendered":"Naturskyddsf\u00f6reningen filar"},"content":{"rendered":"<p><a href=\"https:\/\/sven-ove.nu\/wp-content\/uploads\/2013\/02\/Vargaffisch.jpg\"><img loading=\"lazy\" decoding=\"async\" class=\"size-large wp-image-4797 alignnone\" src=\"https:\/\/sven-ove.nu\/wp-content\/uploads\/2013\/02\/Vargaffisch-768x1024.jpg\" alt=\"Vargaffisch\" width=\"660\" height=\"880\" srcset=\"https:\/\/sven-ove.nu\/wp-content\/uploads\/2013\/02\/Vargaffisch-768x1024.jpg 768w, https:\/\/sven-ove.nu\/wp-content\/uploads\/2013\/02\/Vargaffisch-225x300.jpg 225w, https:\/\/sven-ove.nu\/wp-content\/uploads\/2013\/02\/Vargaffisch.jpg 1098w\" sizes=\"auto, (max-width: 660px) 100vw, 660px\" \/><\/a><\/p>\n<p>Varje dag g\u00e5r jag in och tittar p\u00e5 Naturskyddsf\u00f6reningens olika webbplatser och facebooksidor. \u00c4n har jag inte hittat n\u00e5got. F\u00f6rst t\u00e4nkte jag att det h\u00e4nde ju mitt i julledigheterna, vi naturv\u00e4nner beh\u00f6ver ocks\u00e5 ha ledigt ibland. Sedan t\u00e4nkte jag att de filar v\u00e4l p\u00e5 formuleringarna.<\/p>\n<p style=\"padding-left: 30px;\"><strong>Nu vet jag snart inte vad jag ska t\u00e4nka. Varf\u00f6r har inte Naturskyddsf\u00f6reningen tagit avst\u00e5nd fr\u00e5n den behandling och de hot som den unge <span style=\"color: #ff0000;\"><a style=\"color: #ff0000;\" href=\"http:\/\/www.vf.se\/nyheter\/allman\/mattias-gjorde-sitt-jobb-hotas-nu-till-livet\">efters\u00f6ksj\u00e4garen i V\u00e4rmland<\/a><\/span> blivit utsatt f\u00f6r?<\/strong><\/p>\n<p>Min syn p\u00e5 vargen kan du l\u00e4sa om <span style=\"color: #ff0000;\"><a style=\"color: #ff0000;\" href=\"https:\/\/sven-ove.nu\/?p=12456\">h\u00e4r<\/a><\/span>. H\u00e4r ska inte utrotas n\u00e5t, men \u2026 ja, l\u00e4s sj\u00e4lv.\u00a0Min syn p\u00e5 Naturskyddsf\u00f6reningen? Jag avvaktar lite till. \u00c4n \u00e4r jag medlem d\u00e4r.<\/p>\n<p>De filar v\u00e4l p\u00e5 formuleringarna.<\/p>\n","protected":false},"excerpt":{"rendered":"<p>Varje dag g\u00e5r jag in och tittar p\u00e5 Naturskyddsf\u00f6reningens olika webbplatser och facebooksidor. \u00c4n har jag inte hittat n\u00e5got. F\u00f6rst t\u00e4nkte jag att det h\u00e4nde ju mitt i julledigheterna, vi naturv\u00e4nner beh\u00f6ver ocks\u00e5 ha ledigt ibland. Sedan t\u00e4nkte jag att de filar v\u00e4l p\u00e5 formuleringarna. Nu vet jag snart inte vad jag ska t\u00e4nka. Varf\u00f6r &hellip; <a href=\"https:\/\/sven-ove.nu\/?p=13798\" class=\"more-link\">Forts\u00e4tt l\u00e4sa <span class=\"screen-reader-text\">Naturskyddsf\u00f6reningen filar<\/span><\/a><\/p>\n","protected":false},"author":1,"featured_media":0,"comment_status":"open","ping_status":"open","sticky":false,"template":"","format":"standard","meta":{"_crdt_document":"","_monsterinsights_skip_tracking":false,"_monsterinsights_sitenote_active":false,"_monsterinsights_sitenote_note":"","_monsterinsights_sitenote_category":0,"footnotes":""},"categories":[6],"tags":[17],"class_list":["post-13798","post","type-post","status-publish","format-standard","hentry","category-natur","tag-solidaritet"],"_links":{"self":[{"href":"https:\/\/sven-ove.nu\/index.php?rest_route=\/wp\/v2\/posts\/13798","targetHints":{"allow":["GET"]}}],"collection":[{"href":"https:\/\/sven-ove.nu\/index.php?rest_route=\/wp\/v2\/posts"}],"about":[{"href":"https:\/\/sven-ove.nu\/index.php?rest_route=\/wp\/v2\/types\/post"}],"author":[{"embeddable":true,"href":"https:\/\/sven-ove.nu\/index.php?rest_route=\/wp\/v2\/users\/1"}],"replies":[{"embeddable":true,"href":"https:\/\/sven-ove.nu\/index.php?rest_route=%2Fwp%2Fv2%2Fcomments&post=13798"}],"version-history":[{"count":4,"href":"https:\/\/sven-ove.nu\/index.php?rest_route=\/wp\/v2\/posts\/13798\/revisions"}],"predecessor-version":[{"id":13802,"href":"https:\/\/sven-ove.nu\/index.php?rest_route=\/wp\/v2\/posts\/13798\/revisions\/13802"}],"wp:attachment":[{"href":"https:\/\/sven-ove.nu\/index.php?rest_route=%2Fwp%2Fv2%2Fmedia&parent=13798"}],"wp:term":[{"taxonomy":"category","embeddable":true,"href":"https:\/\/sven-ove.nu\/index.php?rest_route=%2Fwp%2Fv2%2Fcategories&post=13798"},{"taxonomy":"post_tag","embeddable":true,"href":"https:\/\/sven-ove.nu\/index.php?rest_route=%2Fwp%2Fv2%2Ftags&post=13798"}],"curies":[{"name":"wp","href":"https:\/\/api.w.org\/{rel}","templated":true}]}}