{"id":13804,"date":"2016-01-19T03:00:59","date_gmt":"2016-01-19T02:00:59","guid":{"rendered":"http:\/\/sven-ove.nu\/?p=13804"},"modified":"2016-01-19T13:00:10","modified_gmt":"2016-01-19T12:00:10","slug":"13804","status":"publish","type":"post","link":"https:\/\/sven-ove.nu\/?p=13804","title":{"rendered":"En skrivkarl st\u00e4mplar ut, del 4"},"content":{"rendered":"<p><a href=\"https:\/\/sven-ove.nu\/wp-content\/uploads\/2016\/01\/Kommunalb\u00f6cker.jpg\"><img loading=\"lazy\" decoding=\"async\" class=\"size-large wp-image-13811 alignnone\" src=\"https:\/\/sven-ove.nu\/wp-content\/uploads\/2016\/01\/Kommunalb\u00f6cker-1024x768.jpg\" alt=\"Kommunalb\u00f6cker\" width=\"660\" height=\"495\" srcset=\"https:\/\/sven-ove.nu\/wp-content\/uploads\/2016\/01\/Kommunalb\u00f6cker-1024x768.jpg 1024w, https:\/\/sven-ove.nu\/wp-content\/uploads\/2016\/01\/Kommunalb\u00f6cker-300x225.jpg 300w\" sizes=\"auto, (max-width: 660px) 100vw, 660px\" \/><\/a><\/p>\n<blockquote><p>B\u00e4sta bel\u00f6ningen i arbetslivet? Kanske den g\u00e5ngen det kom fram en kvinna p\u00e5 gatan och\u2026 L\u00e4s mer i fj\u00e4rde delen om mitt arbetsliv.<\/p><\/blockquote>\n<h2><strong>Del 4<\/strong><\/h2>\n<h3><strong>Kommunal V\u00e4rmland<\/strong><\/h3>\n<p>D\u00e5 och d\u00e5 brukade telefonen ringa. N\u00e5gon ny medm\u00e4nniska som l\u00e4st mina kr\u00f6nikor eller h\u00f6rt dem p\u00e5 lokalradion och ville prata. En av dem var Hans Olsson, ung men redan legendarisk studieledare i Kommunal V\u00e4rmland.<br \/>\n&#8211; Du brukar ha skrivarkurser, sa han.<br \/>\n&#8211; Ja, n\u00e5gon g\u00e5ng ibland, det st\u00e4mmer.<br \/>\n&#8211; Kan vi ses?<\/p>\n<p>Jag blev aldrig facklig reporter p\u00e5 V\u00e4rmlands Folkblad, fast det var dr\u00f6mmen n\u00e4r jag f\u00f6rsta g\u00e5ngen satte min fot p\u00e5 s\u00e5gen i Molkom. D\u00e5 kanske det h\u00e4r var ett s\u00e4tt att g\u00f6ra nytta? Min mamma var skolst\u00e4derska en g\u00e5ng i tiden, kommunalarna var mitt folk.<\/p>\n<p>Hans hade en r\u00f6d och l\u00e5g liten bil med konstig vinkel p\u00e5 g\u00e5ngj\u00e4rnen p\u00e5 framd\u00f6rrarna. N\u00e4r han plockade upp mig p\u00e5 Drottninggatan i Karlstad lyckades jag sl\u00e5 bild\u00f6rren i skallen. N\u00e5, jag t\u00e4nkte inte mer p\u00e5 det, han h\u00f6rde f\u00f6rst\u00e5s sm\u00e4llen och s\u00e5g att jag fick ont i huvudet men vi pratade om annat.<\/p>\n<p>N\u00e4r vi kom till ABF-lokalen borta vid Stadsparken rann det rej\u00e4lt med blod fr\u00e5n min panna. Snart blev jag ompl\u00e5strad, Kommunal har gott om sjukv\u00e5rdskunniga medlemmar. En bra start p\u00e5 ett samarbete, bjuder du p\u00e5 din klumpighet, om \u00e4n omedvetet, s\u00e5 f\u00e5r andra bjuda tillbaka med n\u00e5got annat.<\/p>\n<p><a href=\"https:\/\/sven-ove.nu\/wp-content\/uploads\/2016\/01\/\u00d6ver.jpg\"><img loading=\"lazy\" decoding=\"async\" class=\"size-full wp-image-13808 alignnone\" src=\"https:\/\/sven-ove.nu\/wp-content\/uploads\/2016\/01\/\u00d6ver.jpg\" alt=\"\u00d6ver\" width=\"526\" height=\"520\" srcset=\"https:\/\/sven-ove.nu\/wp-content\/uploads\/2016\/01\/\u00d6ver.jpg 526w, https:\/\/sven-ove.nu\/wp-content\/uploads\/2016\/01\/\u00d6ver-300x297.jpg 300w\" sizes=\"auto, (max-width: 526px) 100vw, 526px\" \/><\/a><\/p>\n<p>Jag \u00e4lskade verkligen de d\u00e4r \u00e5ren p\u00e5 1990-talet n\u00e4r jag frilansade \u00e5t kommunalarna. Hans Olsson s\u00e5g till att f\u00f6rbundets V\u00e4rmlandsdistrikt blev b\u00e5de studief\u00f6rbund och f\u00f6rlag. Tecknaren Robert Nyberg och jag gjorde fackligt ungdomsmaterial, jag skrev lokal facklig handbok, h\u00f6ll kurser i skrivande och massmedierelationer, hj\u00e4lpte arbetsl\u00f6sa undersk\u00f6terskor och andra att f\u00e5 starkare sj\u00e4lvf\u00f6rtroende.<br \/>\n&#8211; Jod\u00e5, du v\u00e5gar l\u00e4sa din text h\u00f6gt inf\u00f6r oss andra. St\u00e4ll dig upp och l\u00e4s, prova, jag tror du t\u00f6rs.<\/p>\n<p>Skrivarkurser blev det fler, i studief\u00f6rbund, folkh\u00f6gskolor, p\u00e5 h\u00f6gskolan i Kalmar och Karlstads universitet. B\u00f6cker \u00e5t facket och kurser i massmedierelationer likas\u00e5.<\/p>\n<p>Det h\u00e4nder att jag saknar de ben\u00e5dade \u00f6gonblicken. St\u00f6rsta bel\u00f6ningen, en av de st\u00f6rsta i mitt yrkesliv, var n\u00e4r en kvinna kom fram p\u00e5 gatan och ber\u00e4ttade att v\u00e5r skrivarkurs med Kommunal V\u00e4rmland hade f\u00f6r\u00e4ndrat hennes liv.<br \/>\n\u2013 Du gav mig mod att b\u00f6rja studera igen. Nu har jag ett helt annat jobb som jag \u00e4lskar. Tack, Sven-Ove!<\/p>\n<p style=\"padding-left: 30px;\"><em><span style=\"color: #ff0000;\"><strong>###<\/strong><\/span> Sist jag r\u00e4knade hade jag publicerat 23 b\u00f6cker och sm\u00e5skrifter, fanns i 24 antologier, hade publicerat 1 000 kr\u00f6nikor i press, radio, tv och p\u00e5 n\u00e4tet och drygt 1 350 inl\u00e4gg h\u00e4r.<br \/>\n<\/em><em><span style=\"color: #ff0000;\"><strong>###<\/strong><\/span> Det \u00e4r inte mycket. P\u00e5 s\u00e5gen tog jag 12 000 beslut om dagen. G\u00f6sta tog \u00e4nnu fler.<br \/>\n<\/em><em><span style=\"color: #ff0000;\"><strong>###<\/strong><\/span> Klampare \u00e4r den titel jag verkligen skulle velat s\u00e4tta i telefonkatalogen.<\/em><\/p>\n<p><strong>Serien om jobb jag minns:\u00a0<\/strong><span style=\"color: #ff0000;\"><a style=\"color: #ff0000;\" href=\"https:\/\/sven-ove.nu\/?p=13748\">En skrivkarl st\u00e4mplar ut, del 1<\/a><\/span>\u00a0&#8211; <span style=\"color: #ff0000;\"><a style=\"color: #ff0000;\" href=\"https:\/\/sven-ove.nu\/?p=13763\">En skrivkarl st\u00e4mplar ut, del 2<\/a><\/span> &#8211; <span style=\"color: #ff0000;\"><a style=\"color: #ff0000;\" href=\"https:\/\/sven-ove.nu\/?p=13782\">En skrivkarl st\u00e4mplar ut, del 3<\/a><\/span>\u00a0&#8211;<\/p>\n","protected":false},"excerpt":{"rendered":"<p>B\u00e4sta bel\u00f6ningen i arbetslivet? Kanske den g\u00e5ngen det kom fram en kvinna p\u00e5 gatan och\u2026 L\u00e4s mer i fj\u00e4rde delen om mitt arbetsliv. Del 4 Kommunal V\u00e4rmland D\u00e5 och d\u00e5 brukade telefonen ringa. N\u00e5gon ny medm\u00e4nniska som l\u00e4st mina kr\u00f6nikor eller h\u00f6rt dem p\u00e5 lokalradion och ville prata. En av dem var Hans Olsson, ung &hellip; <a href=\"https:\/\/sven-ove.nu\/?p=13804\" class=\"more-link\">Forts\u00e4tt l\u00e4sa <span class=\"screen-reader-text\">En skrivkarl st\u00e4mplar ut, del 4<\/span><\/a><\/p>\n","protected":false},"author":1,"featured_media":0,"comment_status":"open","ping_status":"open","sticky":false,"template":"","format":"standard","meta":{"_crdt_document":"","_monsterinsights_skip_tracking":false,"_monsterinsights_sitenote_active":false,"_monsterinsights_sitenote_note":"","_monsterinsights_sitenote_category":0,"footnotes":""},"categories":[28,4],"tags":[3,8,17],"class_list":["post-13804","post","type-post","status-publish","format-standard","hentry","category-kreativt-folk","category-skrivande","tag-arbete","tag-historia","tag-solidaritet"],"_links":{"self":[{"href":"https:\/\/sven-ove.nu\/index.php?rest_route=\/wp\/v2\/posts\/13804","targetHints":{"allow":["GET"]}}],"collection":[{"href":"https:\/\/sven-ove.nu\/index.php?rest_route=\/wp\/v2\/posts"}],"about":[{"href":"https:\/\/sven-ove.nu\/index.php?rest_route=\/wp\/v2\/types\/post"}],"author":[{"embeddable":true,"href":"https:\/\/sven-ove.nu\/index.php?rest_route=\/wp\/v2\/users\/1"}],"replies":[{"embeddable":true,"href":"https:\/\/sven-ove.nu\/index.php?rest_route=%2Fwp%2Fv2%2Fcomments&post=13804"}],"version-history":[{"count":16,"href":"https:\/\/sven-ove.nu\/index.php?rest_route=\/wp\/v2\/posts\/13804\/revisions"}],"predecessor-version":[{"id":13906,"href":"https:\/\/sven-ove.nu\/index.php?rest_route=\/wp\/v2\/posts\/13804\/revisions\/13906"}],"wp:attachment":[{"href":"https:\/\/sven-ove.nu\/index.php?rest_route=%2Fwp%2Fv2%2Fmedia&parent=13804"}],"wp:term":[{"taxonomy":"category","embeddable":true,"href":"https:\/\/sven-ove.nu\/index.php?rest_route=%2Fwp%2Fv2%2Fcategories&post=13804"},{"taxonomy":"post_tag","embeddable":true,"href":"https:\/\/sven-ove.nu\/index.php?rest_route=%2Fwp%2Fv2%2Ftags&post=13804"}],"curies":[{"name":"wp","href":"https:\/\/api.w.org\/{rel}","templated":true}]}}