{"id":13856,"date":"2016-01-25T03:00:33","date_gmt":"2016-01-25T02:00:33","guid":{"rendered":"http:\/\/sven-ove.nu\/?p=13856"},"modified":"2016-01-21T11:46:13","modified_gmt":"2016-01-21T10:46:13","slug":"vart-genombrott","status":"publish","type":"post","link":"https:\/\/sven-ove.nu\/?p=13856","title":{"rendered":"V\u00e5rt genombrott"},"content":{"rendered":"<p><a href=\"https:\/\/sven-ove.nu\/wp-content\/uploads\/2016\/01\/fotboll-sverige-danmark-1922.jpg\"><img loading=\"lazy\" decoding=\"async\" class=\"size-large wp-image-13859 alignnone\" src=\"https:\/\/sven-ove.nu\/wp-content\/uploads\/2016\/01\/fotboll-sverige-danmark-1922-1024x669.jpg\" alt=\"fotboll-sverige-danmark-1922\" width=\"660\" height=\"431\" srcset=\"https:\/\/sven-ove.nu\/wp-content\/uploads\/2016\/01\/fotboll-sverige-danmark-1922-1024x669.jpg 1024w, https:\/\/sven-ove.nu\/wp-content\/uploads\/2016\/01\/fotboll-sverige-danmark-1922-300x196.jpg 300w, https:\/\/sven-ove.nu\/wp-content\/uploads\/2016\/01\/fotboll-sverige-danmark-1922.jpg 1134w\" sizes=\"auto, (max-width: 660px) 100vw, 660px\" \/><\/a><\/p>\n<p>Det h\u00e4nde sig en g\u00e5ng p\u00e5 <span style=\"color: #ff0000;\"><a style=\"color: #ff0000;\" href=\"http:\/\/www.varmlandstrafik.se\">jobbet<\/a><\/span>. Vi hade precis blivit klara med f\u00f6rsta m\u00f6tet i ett projekt, en ny form av st\u00f6rningsinformation som vi ville hj\u00e4lpa v\u00e5ra resen\u00e4rer med. Alla h\u00f6ll precis p\u00e5 att packa ihop men stannade pl\u00f6tsligt till och tittade p\u00e5 mig.<br \/>\n&#8211; Sven-Ove, ska inte du s\u00e4ga n\u00e5t nu?<br \/>\nD\u00e5 beh\u00f6vde jag inte t\u00e4nka l\u00e5ng stund.<br \/>\n&#8211; Javisst ja, f\u00f6rl\u00e5t. Det h\u00e4r kommer att bli v\u00e5rt genombrott.<\/p>\n<p>De var s\u00e5 vana vid att jag brukade s\u00e4ga det, att n\u00e4r jag en g\u00e5ng f\u00f6rs\u00f6kte l\u00e5ta bli blev de skrockfulla. Inget f\u00f6rstam\u00f6te var avslutat p\u00e5 riktigt f\u00f6rr\u00e4n jag hade f\u00f6rutsp\u00e5tt v\u00e5rt genombrott.<\/p>\n<p><strong>L\u00e5nade fr\u00e5n Sm\u00e5land<br \/>\n<\/strong>Nu kan det s\u00e4gas, kamrater kommunikat\u00f6rer. Det var inte jag som hittade p\u00e5 ramsan med de sju orden. Den fick jag med mig fr\u00e5n <span style=\"color: #ff0000;\"><a style=\"color: #ff0000;\" href=\"http:\/\/smalandsfolkblad.etc.se\/reportage\/smalands-folkblad-blir-bok\">Sm\u00e5lands Folkblad<\/a><\/span>, fr\u00e5n sportjournalisterna <strong>Stefan Cardner<\/strong>, <strong>P-O Nilsson<\/strong> och <strong>G\u00f6ran B\u00e4ckstr\u00f6m<\/strong>. De h\u00f6ll p\u00e5 s\u00e5d\u00e4r hela tiden, upprepade st\u00e4ndigt idrottsm\u00e4nnens klich\u00e9er p\u00e5 skoj. Ibland var det P-O som hittat p\u00e5 dem f\u00f6rst och varsamt lagt dem i munnen p\u00e5 intervjuoffren.<br \/>\n&#8211; Vi har tr\u00e4nat h\u00e5rdare \u00e4n n\u00e5gonsin.<br \/>\n&#8211; Den h\u00e4r insatsen m\u00e5ste vi f\u00f6rs\u00f6ka gl\u00f6mma s\u00e5 fort som m\u00f6jligt.<br \/>\n&#8211; Den h\u00e4r matchen \u00e4r historia nu.<\/p>\n<p><strong>H\u00f6ll i 40 \u00e5r<br \/>\n<\/strong>Varje \u00e5r hade varje lag tr\u00e4nat h\u00e5rdare. Repliken som fastnade hos mig var den b\u00e4sta av dem alla:<br \/>\n&#8211; Det h\u00e4r kommer att bli v\u00e5rt genombrott.<\/p>\n<p>Vid sydspetsen av V\u00e4ttern sp\u00e5ddes det genombrott mest varenda dag f\u00f6r 40 \u00e5r sedan. Undrar om orden kommer att dyka upp i huvudena p\u00e5 n\u00e5gra kollektivtrafiktj\u00e4nstem\u00e4n i V\u00e4rmland, mot slutet p\u00e5 alla inledande projektm\u00f6ten om fyra decennier?<\/p>\n<p><a href=\"https:\/\/sven-ove.nu\/wp-content\/uploads\/2016\/01\/SmF.jpg\"><img loading=\"lazy\" decoding=\"async\" class=\"alignright size-thumbnail wp-image-13861\" src=\"https:\/\/sven-ove.nu\/wp-content\/uploads\/2016\/01\/SmF-150x150.jpg\" alt=\"SmF\" width=\"150\" height=\"150\" \/><\/a>Det tvivlar\u00a0jag p\u00e5.<br \/>\nMen tack f\u00f6r hj\u00e4lpen Cardner &amp; Co!<\/p>\n","protected":false},"excerpt":{"rendered":"<p>Det h\u00e4nde sig en g\u00e5ng p\u00e5 jobbet. Vi hade precis blivit klara med f\u00f6rsta m\u00f6tet i ett projekt, en ny form av st\u00f6rningsinformation som vi ville hj\u00e4lpa v\u00e5ra resen\u00e4rer med. Alla h\u00f6ll precis p\u00e5 att packa ihop men stannade pl\u00f6tsligt till och tittade p\u00e5 mig. &#8211; Sven-Ove, ska inte du s\u00e4ga n\u00e5t nu? D\u00e5 beh\u00f6vde &hellip; <a href=\"https:\/\/sven-ove.nu\/?p=13856\" class=\"more-link\">Forts\u00e4tt l\u00e4sa <span class=\"screen-reader-text\">V\u00e5rt genombrott<\/span><\/a><\/p>\n","protected":false},"author":1,"featured_media":0,"comment_status":"open","ping_status":"open","sticky":false,"template":"","format":"standard","meta":{"_crdt_document":"","_monsterinsights_skip_tracking":false,"_monsterinsights_sitenote_active":false,"_monsterinsights_sitenote_note":"","_monsterinsights_sitenote_category":0,"footnotes":""},"categories":[28,4],"tags":[3,8,24,18,21],"class_list":["post-13856","post","type-post","status-publish","format-standard","hentry","category-kreativt-folk","category-skrivande","tag-arbete","tag-historia","tag-karlek","tag-lardomar","tag-ord"],"_links":{"self":[{"href":"https:\/\/sven-ove.nu\/index.php?rest_route=\/wp\/v2\/posts\/13856","targetHints":{"allow":["GET"]}}],"collection":[{"href":"https:\/\/sven-ove.nu\/index.php?rest_route=\/wp\/v2\/posts"}],"about":[{"href":"https:\/\/sven-ove.nu\/index.php?rest_route=\/wp\/v2\/types\/post"}],"author":[{"embeddable":true,"href":"https:\/\/sven-ove.nu\/index.php?rest_route=\/wp\/v2\/users\/1"}],"replies":[{"embeddable":true,"href":"https:\/\/sven-ove.nu\/index.php?rest_route=%2Fwp%2Fv2%2Fcomments&post=13856"}],"version-history":[{"count":8,"href":"https:\/\/sven-ove.nu\/index.php?rest_route=\/wp\/v2\/posts\/13856\/revisions"}],"predecessor-version":[{"id":13866,"href":"https:\/\/sven-ove.nu\/index.php?rest_route=\/wp\/v2\/posts\/13856\/revisions\/13866"}],"wp:attachment":[{"href":"https:\/\/sven-ove.nu\/index.php?rest_route=%2Fwp%2Fv2%2Fmedia&parent=13856"}],"wp:term":[{"taxonomy":"category","embeddable":true,"href":"https:\/\/sven-ove.nu\/index.php?rest_route=%2Fwp%2Fv2%2Fcategories&post=13856"},{"taxonomy":"post_tag","embeddable":true,"href":"https:\/\/sven-ove.nu\/index.php?rest_route=%2Fwp%2Fv2%2Ftags&post=13856"}],"curies":[{"name":"wp","href":"https:\/\/api.w.org\/{rel}","templated":true}]}}