{"id":13867,"date":"2016-01-18T03:00:21","date_gmt":"2016-01-18T02:00:21","guid":{"rendered":"http:\/\/sven-ove.nu\/?p=13867"},"modified":"2016-01-17T16:49:45","modified_gmt":"2016-01-17T15:49:45","slug":"om-det-ratta-sattet-att-kommunicera","status":"publish","type":"post","link":"https:\/\/sven-ove.nu\/?p=13867","title":{"rendered":"Om det r\u00e4tta s\u00e4ttet att kommunicera"},"content":{"rendered":"<h3><a href=\"https:\/\/sven-ove.nu\/wp-content\/uploads\/2016\/01\/Presenten-som-f\u00f6rv\u00e5nade.jpg\"><img loading=\"lazy\" decoding=\"async\" class=\"size-full wp-image-13871 alignnone\" src=\"https:\/\/sven-ove.nu\/wp-content\/uploads\/2016\/01\/Presenten-som-f\u00f6rv\u00e5nade.jpg\" alt=\"Presenten som f\u00f6rv\u00e5nade\" width=\"587\" height=\"590\" srcset=\"https:\/\/sven-ove.nu\/wp-content\/uploads\/2016\/01\/Presenten-som-f\u00f6rv\u00e5nade.jpg 587w, https:\/\/sven-ove.nu\/wp-content\/uploads\/2016\/01\/Presenten-som-f\u00f6rv\u00e5nade-150x150.jpg 150w, https:\/\/sven-ove.nu\/wp-content\/uploads\/2016\/01\/Presenten-som-f\u00f6rv\u00e5nade-298x300.jpg 298w\" sizes=\"auto, (max-width: 587px) 100vw, 587px\" \/><\/a><\/h3>\n<h3><strong>Min skrivteori<\/strong><\/h3>\n<p>1. Ska du kommunicera med en m\u00e4nniska b\u00f6r du utg\u00e5 fr\u00e5n den personens medvetande och f\u00e5nga henne eller honom d\u00e4r. F\u00f6rs\u00f6k skapa igenk\u00e4nning, d\u00e5 blir mottagaren trygg och beredd att f\u00f6lja dig en stund.<\/p>\n<p>2. Kan du sedan anv\u00e4nda humor \u00e4r det riktigt bra. Under de sekunder du f\u00e5r en m\u00e4nniska att skratta \u00e4r hon vid\u00f6ppen och mer\u00a0mottaglig f\u00f6r det du vill ha sagt.<\/p>\n<p>3. Till slut dr\u00e4mmer du till med det finurligaste som finns, f\u00f6r att f\u00e5 folk att minnas. En \u00e5fanism. \u00c5 fan, \u00e4r det s\u00e5 det \u00e4r? Varje tidning, inslag eller l\u00e4ngre ber\u00e4ttelse b\u00f6r inneh\u00e5lla en rej\u00e4l f\u00f6rv\u00e5ning.<\/p>\n<p>Empati, humor, f\u00f6rv\u00e5ning. Sv\u00e5rare \u00e4r det inte. Detta \u00e4gnar vissa vuxna hela liv \u00e5t att f\u00f6rs\u00f6ka gl\u00f6mma. H\u00e4r p\u00e5 trakten kallar vi dem t\u00f6lsvaddar.<\/p>\n<p><em><span style=\"color: #ff0000;\"><strong>#<\/strong><strong>#<\/strong><\/span>\u00a0Skrev p\u00e5 Facebook vad jag ins\u00e5g n\u00e4r jag t\u00e4nkte ut skrivteorin.<br \/>\n<\/em><em><span style=\"color: #ff0000;\"><strong>#<\/strong><strong>#<\/strong><strong>\u00a0<\/strong><\/span>Att det \u00e4r precis samma med vissa bra presenter. De f\u00f6renar inlevelse, humor och f\u00f6rv\u00e5ning.<br \/>\n<\/em><em><span style=\"color: #ff0000;\"><strong><a href=\"https:\/\/sven-ove.nu\/wp-content\/uploads\/2016\/01\/V\u00e4rmlandssmycket-av-Anneli-Raninen-Lundberg.jpg\"><img loading=\"lazy\" decoding=\"async\" class=\"alignright size-thumbnail wp-image-13874\" src=\"https:\/\/sven-ove.nu\/wp-content\/uploads\/2016\/01\/V\u00e4rmlandssmycket-av-Anneli-Raninen-Lundberg-150x150.jpg\" alt=\"V\u00e4rmlandssmycket av Anneli Raninen Lundberg\" width=\"150\" height=\"150\" srcset=\"https:\/\/sven-ove.nu\/wp-content\/uploads\/2016\/01\/V\u00e4rmlandssmycket-av-Anneli-Raninen-Lundberg-150x150.jpg 150w, https:\/\/sven-ove.nu\/wp-content\/uploads\/2016\/01\/V\u00e4rmlandssmycket-av-Anneli-Raninen-Lundberg-300x300.jpg 300w, https:\/\/sven-ove.nu\/wp-content\/uploads\/2016\/01\/V\u00e4rmlandssmycket-av-Anneli-Raninen-Lundberg.jpg 344w\" sizes=\"auto, (max-width: 150px) 100vw, 150px\" \/><\/a>##<\/strong><\/span>\u00a0D\u00e4rf\u00f6r b\u00e4r jag numera halssmycke, ett v\u00e4rmlandssmycke skapat av <span style=\"color: #ff0000;\"><a style=\"color: #ff0000;\" href=\"http:\/\/www.ateljekarl.se\">Anneli Raninen Lundberg<\/a><\/span>. En empatisk present som f\u00f6rv\u00e5nade med att ber\u00e4tta n\u00e5got nytt om mig sj\u00e4lv. Klicka <span style=\"color: #ff0000;\"><a style=\"color: #ff0000;\" href=\"http:\/\/www.ateljekarl.se\/store\/p\/v%C3%A4rmlandssmycket-187654\/v%C3%A4rmlandssmycket-306540\">h\u00e4r<\/a><\/span> och l\u00e4s mer om smycket. Arbete, litteratur, Klar\u00e4lv och en preck i himmel, stor som en k\u00f4lb\u00f4tten. Jag \u00e4lskar\u2019t.<\/em><\/p>\n<p><strong>Ordf\u00f6rklaringar:\u00a0<\/strong>T\u00f6lsvadd &#8211; v\u00e4rml\u00e4ndska f\u00f6r tjatig person, \u00e4ven humorl\u00f6s typ som inte lyssnar lyh\u00f6rt. Preck &#8211; prick. K\u00f4lb\u00f4tten &#8211; kolbotten.<\/p>\n","protected":false},"excerpt":{"rendered":"<p>Min skrivteori 1. Ska du kommunicera med en m\u00e4nniska b\u00f6r du utg\u00e5 fr\u00e5n den personens medvetande och f\u00e5nga henne eller honom d\u00e4r. F\u00f6rs\u00f6k skapa igenk\u00e4nning, d\u00e5 blir mottagaren trygg och beredd att f\u00f6lja dig en stund. 2. Kan du sedan anv\u00e4nda humor \u00e4r det riktigt bra. Under de sekunder du f\u00e5r en m\u00e4nniska att skratta &hellip; <a href=\"https:\/\/sven-ove.nu\/?p=13867\" class=\"more-link\">Forts\u00e4tt l\u00e4sa <span class=\"screen-reader-text\">Om det r\u00e4tta s\u00e4ttet att kommunicera<\/span><\/a><\/p>\n","protected":false},"author":1,"featured_media":0,"comment_status":"open","ping_status":"open","sticky":false,"template":"","format":"standard","meta":{"_crdt_document":"","_monsterinsights_skip_tracking":false,"_monsterinsights_sitenote_active":false,"_monsterinsights_sitenote_note":"","_monsterinsights_sitenote_category":0,"footnotes":""},"categories":[28,4],"tags":[18],"class_list":["post-13867","post","type-post","status-publish","format-standard","hentry","category-kreativt-folk","category-skrivande","tag-lardomar"],"_links":{"self":[{"href":"https:\/\/sven-ove.nu\/index.php?rest_route=\/wp\/v2\/posts\/13867","targetHints":{"allow":["GET"]}}],"collection":[{"href":"https:\/\/sven-ove.nu\/index.php?rest_route=\/wp\/v2\/posts"}],"about":[{"href":"https:\/\/sven-ove.nu\/index.php?rest_route=\/wp\/v2\/types\/post"}],"author":[{"embeddable":true,"href":"https:\/\/sven-ove.nu\/index.php?rest_route=\/wp\/v2\/users\/1"}],"replies":[{"embeddable":true,"href":"https:\/\/sven-ove.nu\/index.php?rest_route=%2Fwp%2Fv2%2Fcomments&post=13867"}],"version-history":[{"count":9,"href":"https:\/\/sven-ove.nu\/index.php?rest_route=\/wp\/v2\/posts\/13867\/revisions"}],"predecessor-version":[{"id":13878,"href":"https:\/\/sven-ove.nu\/index.php?rest_route=\/wp\/v2\/posts\/13867\/revisions\/13878"}],"wp:attachment":[{"href":"https:\/\/sven-ove.nu\/index.php?rest_route=%2Fwp%2Fv2%2Fmedia&parent=13867"}],"wp:term":[{"taxonomy":"category","embeddable":true,"href":"https:\/\/sven-ove.nu\/index.php?rest_route=%2Fwp%2Fv2%2Fcategories&post=13867"},{"taxonomy":"post_tag","embeddable":true,"href":"https:\/\/sven-ove.nu\/index.php?rest_route=%2Fwp%2Fv2%2Ftags&post=13867"}],"curies":[{"name":"wp","href":"https:\/\/api.w.org\/{rel}","templated":true}]}}