{"id":13944,"date":"2016-01-28T03:00:36","date_gmt":"2016-01-28T02:00:36","guid":{"rendered":"http:\/\/sven-ove.nu\/?p=13944"},"modified":"2016-01-28T06:32:40","modified_gmt":"2016-01-28T05:32:40","slug":"rosten-skickar-ut-mig-pa-nat-nytt","status":"publish","type":"post","link":"https:\/\/sven-ove.nu\/?p=13944","title":{"rendered":"R\u00f6sten skickar ut mig i v\u00e4rlden"},"content":{"rendered":"<p><a href=\"https:\/\/sven-ove.nu\/wp-content\/uploads\/2016\/01\/Bokcirkel.jpg\"><img loading=\"lazy\" decoding=\"async\" class=\"size-large wp-image-13947 alignnone\" src=\"https:\/\/sven-ove.nu\/wp-content\/uploads\/2016\/01\/Bokcirkel-1024x768.jpg\" alt=\"Bokcirkel\" width=\"660\" height=\"495\" srcset=\"https:\/\/sven-ove.nu\/wp-content\/uploads\/2016\/01\/Bokcirkel-1024x768.jpg 1024w, https:\/\/sven-ove.nu\/wp-content\/uploads\/2016\/01\/Bokcirkel-300x225.jpg 300w, https:\/\/sven-ove.nu\/wp-content\/uploads\/2016\/01\/Bokcirkel.jpg 1632w\" sizes=\"auto, (max-width: 660px) 100vw, 660px\" \/><\/a><\/p>\n<blockquote><p>\u201dNytt liv, nya m\u00f6jligheter\u201d. Nja. Riktigt s\u00e5 hurtiga har inte de senaste tv\u00e5 veckorna varit. Optimist \u00e4r jag men inte positivistkonsult, jag vill helst se fram\u00e5t med egna ord.<\/p><\/blockquote>\n<p>Fast visst har mycket kul h\u00e4nt, dessutom har jag haft tre aha-upplevelser n\u00e4r jag boat in mig i Efter Arbetslivet-tillvaron och nog har jag f\u00e5tt ihop sju kassar med gamla papper att sl\u00e4nga. Varf\u00f6r m\u00e5ste jag v\u00e4nta till 65 innan jag b\u00f6rjade d\u00f6&#8217;st\u00e4dningen, f\u00f6rresten?<\/p>\n<p>En dag \u00e4r jag tr\u00f6tt p\u00e5 att b\u00e4ra papperskassar. Sju? Det r\u00e4cker inte. D\u00e5 h\u00f6r jag en r\u00f6st inom mig. G\u00e5n ut och m\u00f6t m\u00e4nniskor, s\u00e4ger den. Du m\u00e5ste f\u00f6rs\u00f6ka tr\u00e4ffa lite folk. Biblioteket, tisdag, 18.00.<\/p>\n<p>P\u00e5 pirriga ben stolpar jag iv\u00e4g till biblioteket och mitt livs f\u00f6rsta bokcirkel. D\u00e4r sitter vi snart, ett g\u00e4ng bokslukare i vuxen \u00e5lder och jag, och pratar l\u00e4sning. Det h\u00e4r kan bli bra.<\/p>\n<p>Inte en enda g\u00e5ng under kv\u00e4llen f\u00e5r jag lust att titta p\u00e5 Facebook.<\/p>\n<p><em># Kommer hem, klickar fram v\u00e5r cirkelledares bokblogg, surfar runt p\u00e5 den en l\u00e5ng stund: <span style=\"color: #0000ff;\"><a style=\"color: #0000ff;\" href=\"http:\/\/www.fiktiviteter.se\">www.fiktiviteter.se<\/a><\/span>. Ett av hennes m\u00e5l f\u00f6r \u00e5ret \u00e4r att bokv\u00e4gen \u201dbes\u00f6ka\u201d tio l\u00e4nder hon aldrig tidigare l\u00e4st.<br \/>\n<\/em><em># Hon skriver h\u00e4r ocks\u00e5: <span style=\"color: #0000ff;\"><a style=\"color: #0000ff;\" href=\"http:\/\/www.kulturkollo.se\">www.kulturkollo.se<\/a>.<\/span><br \/>\n<\/em><em># Nu ska jag l\u00e4sa f\u00f6rsta <span style=\"color: #0000ff;\"><a style=\"color: #0000ff;\" href=\"http:\/\/www.bokus.com\/bok\/9789187879111\/kanske-ar-det-allt-du-behover-veta\/\">boken<\/a><\/span>. Var det 16 februari n\u00e4sta g\u00e5ng?<\/em><\/p>\n","protected":false},"excerpt":{"rendered":"<p>\u201dNytt liv, nya m\u00f6jligheter\u201d. Nja. Riktigt s\u00e5 hurtiga har inte de senaste tv\u00e5 veckorna varit. Optimist \u00e4r jag men inte positivistkonsult, jag vill helst se fram\u00e5t med egna ord. Fast visst har mycket kul h\u00e4nt, dessutom har jag haft tre aha-upplevelser n\u00e4r jag boat in mig i Efter Arbetslivet-tillvaron och nog har jag f\u00e5tt ihop &hellip; <a href=\"https:\/\/sven-ove.nu\/?p=13944\" class=\"more-link\">Forts\u00e4tt l\u00e4sa <span class=\"screen-reader-text\">R\u00f6sten skickar ut mig i v\u00e4rlden<\/span><\/a><\/p>\n","protected":false},"author":1,"featured_media":0,"comment_status":"open","ping_status":"open","sticky":false,"template":"","format":"standard","meta":{"_crdt_document":"","_monsterinsights_skip_tracking":false,"_monsterinsights_sitenote_active":false,"_monsterinsights_sitenote_note":"","_monsterinsights_sitenote_category":0,"footnotes":""},"categories":[28],"tags":[14,21],"class_list":["post-13944","post","type-post","status-publish","format-standard","hentry","category-kreativt-folk","tag-lasning","tag-ord"],"_links":{"self":[{"href":"https:\/\/sven-ove.nu\/index.php?rest_route=\/wp\/v2\/posts\/13944","targetHints":{"allow":["GET"]}}],"collection":[{"href":"https:\/\/sven-ove.nu\/index.php?rest_route=\/wp\/v2\/posts"}],"about":[{"href":"https:\/\/sven-ove.nu\/index.php?rest_route=\/wp\/v2\/types\/post"}],"author":[{"embeddable":true,"href":"https:\/\/sven-ove.nu\/index.php?rest_route=\/wp\/v2\/users\/1"}],"replies":[{"embeddable":true,"href":"https:\/\/sven-ove.nu\/index.php?rest_route=%2Fwp%2Fv2%2Fcomments&post=13944"}],"version-history":[{"count":8,"href":"https:\/\/sven-ove.nu\/index.php?rest_route=\/wp\/v2\/posts\/13944\/revisions"}],"predecessor-version":[{"id":13953,"href":"https:\/\/sven-ove.nu\/index.php?rest_route=\/wp\/v2\/posts\/13944\/revisions\/13953"}],"wp:attachment":[{"href":"https:\/\/sven-ove.nu\/index.php?rest_route=%2Fwp%2Fv2%2Fmedia&parent=13944"}],"wp:term":[{"taxonomy":"category","embeddable":true,"href":"https:\/\/sven-ove.nu\/index.php?rest_route=%2Fwp%2Fv2%2Fcategories&post=13944"},{"taxonomy":"post_tag","embeddable":true,"href":"https:\/\/sven-ove.nu\/index.php?rest_route=%2Fwp%2Fv2%2Ftags&post=13944"}],"curies":[{"name":"wp","href":"https:\/\/api.w.org\/{rel}","templated":true}]}}