{"id":14024,"date":"2016-02-08T03:00:41","date_gmt":"2016-02-08T02:00:41","guid":{"rendered":"http:\/\/sven-ove.nu\/?p=14024"},"modified":"2016-02-08T12:57:33","modified_gmt":"2016-02-08T11:57:33","slug":"darom-maste-man-tiga","status":"publish","type":"post","link":"https:\/\/sven-ove.nu\/?p=14024","title":{"rendered":"D\u00e4rom m\u00e5ste man tiga"},"content":{"rendered":"<blockquote>\n<p class=\"p1\">Hur var det Wittgenstein skrev? Om det man inte kan tala, d\u00e4rom m\u00e5ste man tiga.<\/p>\n<\/blockquote>\n<p class=\"p1\"><span class=\"s1\">Jag tar bilder p\u00e5 mina medm\u00e4nniskor mest hela tiden, b\u00e5de barn och vuxna. Ibland blir de vackra, n\u00e5gon g\u00e5ng roliga. \u00c4nd\u00e5 l\u00e4gger jag inte ut bilderna. Barnen har inte bett att f\u00e5 bli seriefigurer med namn och portr\u00e4tt f\u00f6r evigt uth\u00e4ngda i cyberrymden. Inte de vuxna i min omgivning heller.<\/span><\/p>\n<p class=\"p1\"><span class=\"s1\">P\u00e5 samma s\u00e4tt l\u00e5ter jag bli att publicera v\u00e5ra ledsenheter, de som drabbar \u00e4ven oss. Mina v\u00e4nner \u00e4r f\u00f6r viktiga f\u00f6r det. Livet \u00e4r inte en klickjakt d\u00e4r flest gillningar vinner.<\/span><\/p>\n<p class=\"p1\" style=\"padding-left: 30px;\"><em><span class=\"s1\">(S\u00e5 t\u00e4nker vi. Visa s\u00e4rskild h\u00e4nsyn mot ovana\u00a0intervjupersoner st\u00e5r det i journalistreglerna. Var f\u00f6rsiktig med uttalanden fr\u00e5n icke-offentliga personer. Detta \u00e4r samma sak.\u00a0<\/span><\/em><\/p>\n<p class=\"p1\" style=\"padding-left: 30px;\"><em><span class=\"s1\">Du v\u00e4ljer f\u00f6rst\u00e5s hur du vill g\u00f6ra, jag missionerar\u00a0inte).<\/span><\/em><\/p>\n<p class=\"p1\"><span class=\"s1\">Nog ligger vi s\u00f6mnl\u00f6sa av oro ibland, tro inget annat. Oftare \u00e4n du\u00a0anar, misst\u00e4nker jag. Vi tycker bara inte att v\u00e5r privata oro alltid h\u00f6r hemma i cyberspace.\u00a0<\/span><\/p>\n<p class=\"p1\"><span class=\"s1\">Om det man inte vill h\u00e4nga ut i rymden, d\u00e4rom m\u00e5ste man tiga.<\/span><\/p>\n","protected":false},"excerpt":{"rendered":"<p>Hur var det Wittgenstein skrev? Om det man inte kan tala, d\u00e4rom m\u00e5ste man tiga. Jag tar bilder p\u00e5 mina medm\u00e4nniskor mest hela tiden, b\u00e5de barn och vuxna. Ibland blir de vackra, n\u00e5gon g\u00e5ng roliga. \u00c4nd\u00e5 l\u00e4gger jag inte ut bilderna. Barnen har inte bett att f\u00e5 bli seriefigurer med namn och portr\u00e4tt f\u00f6r evigt &hellip; <a href=\"https:\/\/sven-ove.nu\/?p=14024\" class=\"more-link\">Forts\u00e4tt l\u00e4sa <span class=\"screen-reader-text\">D\u00e4rom m\u00e5ste man tiga<\/span><\/a><\/p>\n","protected":false},"author":1,"featured_media":14026,"comment_status":"open","ping_status":"open","sticky":false,"template":"","format":"standard","meta":{"_crdt_document":"","_monsterinsights_skip_tracking":false,"_monsterinsights_sitenote_active":false,"_monsterinsights_sitenote_note":"","_monsterinsights_sitenote_category":0,"footnotes":""},"categories":[10,4],"tags":[24,15,17],"class_list":["post-14024","post","type-post","status-publish","format-standard","has-post-thumbnail","hentry","category-familjen","category-skrivande","tag-karlek","tag-mediedjungeln","tag-solidaritet"],"_links":{"self":[{"href":"https:\/\/sven-ove.nu\/index.php?rest_route=\/wp\/v2\/posts\/14024","targetHints":{"allow":["GET"]}}],"collection":[{"href":"https:\/\/sven-ove.nu\/index.php?rest_route=\/wp\/v2\/posts"}],"about":[{"href":"https:\/\/sven-ove.nu\/index.php?rest_route=\/wp\/v2\/types\/post"}],"author":[{"embeddable":true,"href":"https:\/\/sven-ove.nu\/index.php?rest_route=\/wp\/v2\/users\/1"}],"replies":[{"embeddable":true,"href":"https:\/\/sven-ove.nu\/index.php?rest_route=%2Fwp%2Fv2%2Fcomments&post=14024"}],"version-history":[{"count":6,"href":"https:\/\/sven-ove.nu\/index.php?rest_route=\/wp\/v2\/posts\/14024\/revisions"}],"predecessor-version":[{"id":14038,"href":"https:\/\/sven-ove.nu\/index.php?rest_route=\/wp\/v2\/posts\/14024\/revisions\/14038"}],"wp:featuredmedia":[{"embeddable":true,"href":"https:\/\/sven-ove.nu\/index.php?rest_route=\/wp\/v2\/media\/14026"}],"wp:attachment":[{"href":"https:\/\/sven-ove.nu\/index.php?rest_route=%2Fwp%2Fv2%2Fmedia&parent=14024"}],"wp:term":[{"taxonomy":"category","embeddable":true,"href":"https:\/\/sven-ove.nu\/index.php?rest_route=%2Fwp%2Fv2%2Fcategories&post=14024"},{"taxonomy":"post_tag","embeddable":true,"href":"https:\/\/sven-ove.nu\/index.php?rest_route=%2Fwp%2Fv2%2Ftags&post=14024"}],"curies":[{"name":"wp","href":"https:\/\/api.w.org\/{rel}","templated":true}]}}