{"id":14031,"date":"2016-02-09T03:00:59","date_gmt":"2016-02-09T02:00:59","guid":{"rendered":"http:\/\/sven-ove.nu\/?p=14031"},"modified":"2018-03-03T19:04:51","modified_gmt":"2018-03-03T18:04:51","slug":"14031","status":"publish","type":"post","link":"https:\/\/sven-ove.nu\/?p=14031","title":{"rendered":"Pengarna i tiggarens mugg en investering f\u00f6r framtiden"},"content":{"rendered":"<blockquote><p>R\u00e4tt ofta tycker jag att det \u00e4r en strunttidning. Gratis \u00e4r inte alltid gott. Ingen artikel \u00e4r l\u00e5ng nog att f\u00f6rklara n\u00e5got komplicerat, f\u00e5 texter v\u00e5gar f\u00f6rarga och n\u00e4r s\u00e5g vi en f\u00f6rv\u00e5ning senast i det bladet?<\/p><\/blockquote>\n<p>Men \u00e4nd\u00e5. N\u00e5gon g\u00e5ng dr\u00e4mmer \u00e4ven gratistidningen Metro till och blir l\u00e4sv\u00e4rd. I f\u00f6rra veckan h\u00e4nde det igen. D\u00e5 skrev Aaron Israelsson p\u00e5 tidningens debattsida. Han \u00e4r journalist och var tidigare chefredakt\u00f6r f\u00f6r gatutidningen <span style=\"color: #0000ff;\"><a style=\"color: #0000ff;\" href=\"http:\/\/faktum.se\">Faktum<\/a><\/span>.<\/p>\n<p>\u201d<span style=\"color: #0000ff;\"><strong><a style=\"color: #0000ff;\" href=\"http:\/\/www.metro.se\/metro-debatt\/aaron-israelson-det-ar-inte-alls-meningslost-att-ge-till-tiggare-pengarna-gor-stor-nytta\/EVHpbc!KZ7jEtijod7W6\/\">Tiggeriet i Sverige g\u00f6r stor nytta i Rum\u00e4nien<\/a><\/strong><\/span>\u201d skrev han, som svar till regeringens tiggeriutredare <span style=\"color: #0000ff;\"><a style=\"color: #0000ff;\" href=\"http:\/\/www.dn.se\/nyheter\/sverige\/karv-tiggeriutredning-far-kritik\/\">Martin Valfridsson<\/a><\/span>. Just nu bor Israelsson sj\u00e4lv i Rum\u00e4nien, f\u00f6r att starta en tidning som \u00e4r t\u00e4nkt att s\u00e4ljas av de heml\u00f6sa. Han \u00e4r kritisk till utredningen:<\/p>\n<p style=\"padding-left: 30px;\"><em>\u201d\u2019Tiggeriet g\u00e5r i arv\u2019 s\u00e4ger Martin Valfridsson, regeringens utredare f\u00f6r utsatta EU-medborgare. N\u00e4r han i m\u00e5ndags under en presskonferens presenterade sin slutrapport sa han sig ha tr\u00e4ffat m\u00e5nga som nu tigger vars f\u00f6r\u00e4ldrar ocks\u00e5 var tiggare. Nu oroar han sig f\u00f6r att deras barn i sin tur ska g\u00e5 i f\u00f6r\u00e4ldrarnas och f\u00f6rf\u00e4dernas fotsp\u00e5r.\u201d<\/em><\/p>\n<p style=\"padding-left: 30px;\"><em>\u201dI Pauleasca, den rum\u00e4nska byn d\u00e4r Hj\u00e4rta till hj\u00e4rta bedriver huvuddelen av sina hj\u00e4lpinsatser, k\u00e4nner de inv\u00e5nare som f\u00f6rs\u00f6rjer sig med hj\u00e4lp av tiggeriresor till bland annat Sverige, inte igen p\u00e5st\u00e5endet.\u201d<\/em><\/p>\n<p><strong>Hade jobb tidigare<br \/>\n<\/strong>Deras f\u00f6r\u00e4ldrar jobbade inom jordbruket precis som de flesta rum\u00e4ner, eller s\u00e5 arbetade de som hantverkare eller i den industri som demonterades efter kommunismens fall.<\/p>\n<p style=\"padding-left: 30px;\"><em>\u201dI likhet med s\u00e5 gott som alla andra tiggande romer jag tr\u00e4ffat s\u00e4ger de att de sitter p\u00e5 svenska gator med tiggarkoppen framf\u00f6r sig f\u00f6r att deras barn ska slippa.\u201d<\/em><\/p>\n<p>N\u00e4r krisen slog till mot Rum\u00e4nien 2008 st\u00e4ngdes de sista fabrikerna fr\u00e5n Ceausescus tid. Den massiva arbetsl\u00f6sheten bland romerna blev grotesk. Om fattiga kommuner, pr\u00e4glade av rasism, \u00f6ver huvud taget betalar ut socialbidrag och barnbidrag r\u00e4cker pengarna \u00e4nd\u00e5 inte till mat f\u00f6r dagen.<\/p>\n<p>N\u00e4r Rum\u00e4nien kom med i EU kunde romerna \u00e5ka utomlands, i b\u00f6rjan till jordbruksarbete i Spanien och Italien. Men \u00e4ven d\u00e4r hann den ekonomiska krisen ikapp dem 2011.<\/p>\n<p><strong>Den sista utv\u00e4gen<br \/>\n<\/strong>Det var d\u00e5 som tiggeriet i norr blev den sista utv\u00e4gen. I Pauleasca, skriver Israelsson, d\u00e4r \u00e4r det romernas migration och sj\u00e4lvf\u00f6rs\u00f6rjning som utr\u00e4ttar underverk. Det visar de nybyggda eller nyrenoverade husen, finansierade med pengar ur tiggarmuggar fr\u00e5n v\u00e5ra gator.<\/p>\n<p style=\"padding-left: 30px;\"><em>\u201dSamh\u00e4llets m\u00e5ng\u00e5rige borgm\u00e4stare, Dumitru Voicu, hyllar romerna som reser utomlands. De \u00e5terv\u00e4nder och investerar sina pengar hemmavid, s\u00e4ger borgm\u00e4staren.\u201d<\/em><\/p>\n<p>Detta skriver Faktums forne chefredakt\u00f6r, trov\u00e4rdig bland annat d\u00e4rf\u00f6r att han \u00e4r en av dem som verkligen talat med romerna p\u00e5 plats i Rum\u00e4nien.<\/p>\n<p><strong>Ska Sverige l\u00e5ta tiggeriet g\u00e5 i arv?<br \/>\n<\/strong>Han skriver om skolan. Den som tiggarna f\u00f6rs\u00f6ker f\u00e5 r\u00e5d att skicka sina barn till. Med resor, kl\u00e4der, mat, anteckningsblock, pennor och skolb\u00f6cker kostar det 150 euro i m\u00e5naden f\u00f6r ett rum\u00e4nskt barn att g\u00e5 i skolan, ber\u00e4ttar han.<\/p>\n<p style=\"padding-left: 30px;\"><em>\u201d\u2019Det \u00e4r f\u00f6r barnens skull vi tigger\u2019 s\u00e4ger lejonparten av de fattiga romerna i den svenska gatubilden. \u00c5terigen: de investerar i framtiden.\u201d<\/em><\/p>\n<p>Han skriver om barnen som l\u00e4mnas kvar d\u00e4rhemma. Det \u00e4r sant att m\u00e5nga av dem far illa utan f\u00f6r\u00e4ldrauppsyn.<\/p>\n<p style=\"padding-left: 30px;\"><em>\u201dMen f\u00f6r dem som tar med sig barnen till Sverige \u00e4r Martin Valfridssons budskap bistert: de barnen ska inte ha r\u00e4tt att g\u00e5 i svensk skola.<\/em><\/p>\n<p style=\"padding-left: 30px;\"><em>Den politiken, om n\u00e5gon, l\u00e5ter verkligen tiggeriet g\u00e5 i arv.\u201d<\/em><\/p>\n<p>Ibland \u00e4r inte Metro n\u00e5gon strunttidning. Ibland \u00e4r det bra att debattartiklar som Aaron Israelssons n\u00e5r dess 1,2 miljoner dagliga l\u00e4sare.<\/p>\n<p>Tack f\u00f6r det.<\/p>\n","protected":false},"excerpt":{"rendered":"<p>R\u00e4tt ofta tycker jag att det \u00e4r en strunttidning. Gratis \u00e4r inte alltid gott. Ingen artikel \u00e4r l\u00e5ng nog att f\u00f6rklara n\u00e5got komplicerat, f\u00e5 texter v\u00e5gar f\u00f6rarga och n\u00e4r s\u00e5g vi en f\u00f6rv\u00e5ning senast i det bladet? Men \u00e4nd\u00e5. N\u00e5gon g\u00e5ng dr\u00e4mmer \u00e4ven gratistidningen Metro till och blir l\u00e4sv\u00e4rd. I f\u00f6rra veckan h\u00e4nde det igen. &hellip; <a href=\"https:\/\/sven-ove.nu\/?p=14031\" class=\"more-link\">Forts\u00e4tt l\u00e4sa <span class=\"screen-reader-text\">Pengarna i tiggarens mugg en investering f\u00f6r framtiden<\/span><\/a><\/p>\n","protected":false},"author":1,"featured_media":14036,"comment_status":"open","ping_status":"open","sticky":false,"template":"","format":"standard","meta":{"_crdt_document":"","_monsterinsights_skip_tracking":false,"_monsterinsights_sitenote_active":false,"_monsterinsights_sitenote_note":"","_monsterinsights_sitenote_category":0,"footnotes":""},"categories":[9],"tags":[8,18,14,17],"class_list":["post-14031","post","type-post","status-publish","format-standard","has-post-thumbnail","hentry","category-politik","tag-historia","tag-lardomar","tag-lasning","tag-solidaritet"],"_links":{"self":[{"href":"https:\/\/sven-ove.nu\/index.php?rest_route=\/wp\/v2\/posts\/14031","targetHints":{"allow":["GET"]}}],"collection":[{"href":"https:\/\/sven-ove.nu\/index.php?rest_route=\/wp\/v2\/posts"}],"about":[{"href":"https:\/\/sven-ove.nu\/index.php?rest_route=\/wp\/v2\/types\/post"}],"author":[{"embeddable":true,"href":"https:\/\/sven-ove.nu\/index.php?rest_route=\/wp\/v2\/users\/1"}],"replies":[{"embeddable":true,"href":"https:\/\/sven-ove.nu\/index.php?rest_route=%2Fwp%2Fv2%2Fcomments&post=14031"}],"version-history":[{"count":6,"href":"https:\/\/sven-ove.nu\/index.php?rest_route=\/wp\/v2\/posts\/14031\/revisions"}],"predecessor-version":[{"id":19399,"href":"https:\/\/sven-ove.nu\/index.php?rest_route=\/wp\/v2\/posts\/14031\/revisions\/19399"}],"wp:featuredmedia":[{"embeddable":true,"href":"https:\/\/sven-ove.nu\/index.php?rest_route=\/wp\/v2\/media\/14036"}],"wp:attachment":[{"href":"https:\/\/sven-ove.nu\/index.php?rest_route=%2Fwp%2Fv2%2Fmedia&parent=14031"}],"wp:term":[{"taxonomy":"category","embeddable":true,"href":"https:\/\/sven-ove.nu\/index.php?rest_route=%2Fwp%2Fv2%2Fcategories&post=14031"},{"taxonomy":"post_tag","embeddable":true,"href":"https:\/\/sven-ove.nu\/index.php?rest_route=%2Fwp%2Fv2%2Ftags&post=14031"}],"curies":[{"name":"wp","href":"https:\/\/api.w.org\/{rel}","templated":true}]}}