{"id":14046,"date":"2016-02-11T03:00:17","date_gmt":"2016-02-11T02:00:17","guid":{"rendered":"http:\/\/sven-ove.nu\/?p=14046"},"modified":"2016-02-09T08:21:19","modified_gmt":"2016-02-09T07:21:19","slug":"beloningen","status":"publish","type":"post","link":"https:\/\/sven-ove.nu\/?p=14046","title":{"rendered":"Bel\u00f6ningen"},"content":{"rendered":"<blockquote><p>Ett s\u00e4tt att h\u00e5lla intresset vid liv i en l\u00e4ngre ber\u00e4ttelse \u00e4r att bel\u00f6na l\u00e4saren d\u00e5 och d\u00e5. Nu talar vi om den l\u00e5nga textens v\u00e4tskekontroll.<\/p><\/blockquote>\n<p>Det kan vara en rolig replik, en sp\u00e4nnande h\u00e4ndelse, en f\u00f6rv\u00e5ning. Precis som vilken f\u00f6rfriskning som helst. &#8221;Grattis, du har orkat \u00e4nda hit, h\u00e4r f\u00e5r du din bel\u00f6ning.&#8221;<\/p>\n<p>En g\u00e5ng om \u00e5ret brukar jag l\u00e4sa Frans G. Bengtssons ber\u00e4ttelse\u00a0<span style=\"color: #ff0000;\"><a style=\"color: #ff0000;\" href=\"https:\/\/sv.wikipedia.org\/wiki\/R%C3%B6de_Orm\">R\u00f6de Orm<\/a><\/span>. Mest f\u00f6r det k\u00e4rnfulla spr\u00e5ket men ocks\u00e5 f\u00f6r de \u00e5terkommande <strong>bel\u00f6ningarna<\/strong>. F\u00f6rfattaren skriver inte att vikingen Orm blev satt vid \u00e5rorna som gal\u00e4rslav i fr\u00e4mmande land och att det var tr\u00e5kigt. Han skriver att denna tid var l\u00e5ng att leva men kort att ber\u00e4tta om:<\/p>\n<p style=\"padding-left: 30px;\"><em>&#8221;&#8230; han hade n\u00e5gra tecken som visade honom hur tiden gick; det ena var hans sk\u00e4gg. Han var den ende som satts till \u00e5ran som sk\u00e4ggl\u00f6s yngling; men snart b\u00f6rjade hans sk\u00e4gg v\u00e4xa och blev \u00e4nnu r\u00f6dare \u00e4n hans h\u00e5r, och till sist var det s\u00e5 l\u00e5ngt att det sopade \u00e5ran n\u00e4r han satt b\u00f6jd \u00f6ver den. D\u00e4refter blev det inte l\u00e4ngre, ty \u00e5rans svep h\u00f6ll det avskavt vid den l\u00e4ngden; och av alla s\u00e4tt att ansa sk\u00e4gg, brukade han s\u00e4ga, var detta det s\u00e4msta.&#8221;<\/em><\/p>\n<p>D\u00e4r bel\u00f6nar <span style=\"color: #ff0000;\"><a style=\"color: #ff0000;\" href=\"http:\/\/www.fgb-sallskapet.org\">Frans G. Bengtsson<\/a><\/span> mig som l\u00e4sare. S\u00e5 skickligt kan man gestalta en s\u00e5 enahanda syssels\u00e4ttning som att ro och ro och ro och ro och ro och ro och ro i tv\u00e5 \u00e5r, p\u00e5 det tredje. Och ro och ro och ro.<\/p>\n<p>Och ro.<\/p>\n<p>L\u00e4s vilket l\u00e4ngre reportage som helst i en tidning eller tidskrift. \u00c4r skribenten god finns den d\u00e4r. Av alla s\u00e4tt att g\u00f6ra ber\u00e4ttelser njutbara \u00e4r bel\u00f6ningen det b\u00e4sta.<br \/>\n<em><strong><span style=\"color: #ff0000;\"><br \/>\n<a href=\"https:\/\/sven-ove.nu\/wp-content\/uploads\/2016\/02\/R\u00f6de-Orm-och-Sigtrygg.jpg\"><img loading=\"lazy\" decoding=\"async\" class=\"alignright size-medium wp-image-14052\" src=\"https:\/\/sven-ove.nu\/wp-content\/uploads\/2016\/02\/R\u00f6de-Orm-och-Sigtrygg-300x216.jpg\" alt=\"R\u00f6de Orm och Sigtrygg\" width=\"300\" height=\"216\" srcset=\"https:\/\/sven-ove.nu\/wp-content\/uploads\/2016\/02\/R\u00f6de-Orm-och-Sigtrygg-300x216.jpg 300w, https:\/\/sven-ove.nu\/wp-content\/uploads\/2016\/02\/R\u00f6de-Orm-och-Sigtrygg-1024x736.jpg 1024w, https:\/\/sven-ove.nu\/wp-content\/uploads\/2016\/02\/R\u00f6de-Orm-och-Sigtrygg.jpg 1513w\" sizes=\"auto, (max-width: 300px) 100vw, 300px\" \/><\/a>#<\/span><\/strong> Eller n\u00e4r Sigtrygg tappar huvudet i \u00f6lfatet hos Harald Bl\u00e5tand.<br \/>\n<span style=\"color: #ff0000;\"><strong>#<\/strong><\/span> Den \u00e4r heller inte s\u00e5 dum.<\/em><\/p>\n","protected":false},"excerpt":{"rendered":"<p>Ett s\u00e4tt att h\u00e5lla intresset vid liv i en l\u00e4ngre ber\u00e4ttelse \u00e4r att bel\u00f6na l\u00e4saren d\u00e5 och d\u00e5. Nu talar vi om den l\u00e5nga textens v\u00e4tskekontroll. Det kan vara en rolig replik, en sp\u00e4nnande h\u00e4ndelse, en f\u00f6rv\u00e5ning. Precis som vilken f\u00f6rfriskning som helst. &#8221;Grattis, du har orkat \u00e4nda hit, h\u00e4r f\u00e5r du din bel\u00f6ning.&#8221; En &hellip; <a href=\"https:\/\/sven-ove.nu\/?p=14046\" class=\"more-link\">Forts\u00e4tt l\u00e4sa <span class=\"screen-reader-text\">Bel\u00f6ningen<\/span><\/a><\/p>\n","protected":false},"author":1,"featured_media":0,"comment_status":"open","ping_status":"open","sticky":false,"template":"","format":"standard","meta":{"_crdt_document":"","_monsterinsights_skip_tracking":false,"_monsterinsights_sitenote_active":false,"_monsterinsights_sitenote_note":"","_monsterinsights_sitenote_category":0,"footnotes":""},"categories":[28,4],"tags":[18,14,20],"class_list":["post-14046","post","type-post","status-publish","format-standard","hentry","category-kreativt-folk","category-skrivande","tag-lardomar","tag-lasning","tag-rad"],"_links":{"self":[{"href":"https:\/\/sven-ove.nu\/index.php?rest_route=\/wp\/v2\/posts\/14046","targetHints":{"allow":["GET"]}}],"collection":[{"href":"https:\/\/sven-ove.nu\/index.php?rest_route=\/wp\/v2\/posts"}],"about":[{"href":"https:\/\/sven-ove.nu\/index.php?rest_route=\/wp\/v2\/types\/post"}],"author":[{"embeddable":true,"href":"https:\/\/sven-ove.nu\/index.php?rest_route=\/wp\/v2\/users\/1"}],"replies":[{"embeddable":true,"href":"https:\/\/sven-ove.nu\/index.php?rest_route=%2Fwp%2Fv2%2Fcomments&post=14046"}],"version-history":[{"count":7,"href":"https:\/\/sven-ove.nu\/index.php?rest_route=\/wp\/v2\/posts\/14046\/revisions"}],"predecessor-version":[{"id":14055,"href":"https:\/\/sven-ove.nu\/index.php?rest_route=\/wp\/v2\/posts\/14046\/revisions\/14055"}],"wp:attachment":[{"href":"https:\/\/sven-ove.nu\/index.php?rest_route=%2Fwp%2Fv2%2Fmedia&parent=14046"}],"wp:term":[{"taxonomy":"category","embeddable":true,"href":"https:\/\/sven-ove.nu\/index.php?rest_route=%2Fwp%2Fv2%2Fcategories&post=14046"},{"taxonomy":"post_tag","embeddable":true,"href":"https:\/\/sven-ove.nu\/index.php?rest_route=%2Fwp%2Fv2%2Ftags&post=14046"}],"curies":[{"name":"wp","href":"https:\/\/api.w.org\/{rel}","templated":true}]}}