{"id":14086,"date":"2016-02-16T03:00:30","date_gmt":"2016-02-16T02:00:30","guid":{"rendered":"http:\/\/sven-ove.nu\/?p=14086"},"modified":"2016-02-12T11:34:15","modified_gmt":"2016-02-12T10:34:15","slug":"tanker-pa-osolidariska-dretsackar","status":"publish","type":"post","link":"https:\/\/sven-ove.nu\/?p=14086","title":{"rendered":"T\u00e4nker p\u00e5 osolidariska drets\u00e4ckar"},"content":{"rendered":"<p>\u00c5ker t\u00e5g genom V\u00e4stsverige, t\u00e4nker p\u00e5 alla osolidariska drets\u00e4ckar som sett till att f\u00f6rst\u00f6ra s\u00e5 mycket f\u00f6r t\u00e5gtrafiken i landet. De som inte gett anslag, de som inte sk\u00f6tt underh\u00e5llet av banorna.<\/p>\n<p>\u00c5ker t\u00e5g, t\u00e4nker p\u00e5 de osolidariska drets\u00e4ckarnas ofrivilliga kampanjkompisar, de som alltid svarar n\u00e4r n\u00e5gon ber\u00e4ttar p\u00e5 facebook att hon eller han sitter p\u00e5 t\u00e5get:<br \/>\n&#8211; Hur mycket f\u00f6rsenad \u00e4r du? Hittills?<\/p>\n<p><a href=\"https:\/\/sven-ove.nu\/wp-content\/uploads\/2016\/02\/T\u00e5g.jpg\"><img loading=\"lazy\" decoding=\"async\" class=\"alignright size-medium wp-image-14088\" src=\"https:\/\/sven-ove.nu\/wp-content\/uploads\/2016\/02\/T\u00e5g-298x300.jpg\" alt=\"T\u00e5g\" width=\"298\" height=\"300\" srcset=\"https:\/\/sven-ove.nu\/wp-content\/uploads\/2016\/02\/T\u00e5g-298x300.jpg 298w, https:\/\/sven-ove.nu\/wp-content\/uploads\/2016\/02\/T\u00e5g-150x150.jpg 150w, https:\/\/sven-ove.nu\/wp-content\/uploads\/2016\/02\/T\u00e5g.jpg 591w\" sizes=\"auto, (max-width: 298px) 100vw, 298px\" \/><\/a>\u00c5ker t\u00e5g. T\u00e4nker p\u00e5 hur l\u00e4tt det skulle vara att r\u00e4tta till. L\u00e5ta rikt folk b\u00f6rja betala skatt igen, l\u00e5ta h\u00e4ndigt folk underh\u00e5lla, l\u00e5ta bli att ge de ofrivilliga kampanjnissarna n\u00e5got att klaga p\u00e5. Det kommer att ta n\u00e5gra \u00e5r.<\/p>\n<p>\u00c5ker t\u00e5g genom V\u00e4stsverige. T\u00e4nker p\u00e5 solidaritet.<\/p>\n","protected":false},"excerpt":{"rendered":"<p>\u00c5ker t\u00e5g genom V\u00e4stsverige, t\u00e4nker p\u00e5 alla osolidariska drets\u00e4ckar som sett till att f\u00f6rst\u00f6ra s\u00e5 mycket f\u00f6r t\u00e5gtrafiken i landet. De som inte gett anslag, de som inte sk\u00f6tt underh\u00e5llet av banorna. \u00c5ker t\u00e5g, t\u00e4nker p\u00e5 de osolidariska drets\u00e4ckarnas ofrivilliga kampanjkompisar, de som alltid svarar n\u00e4r n\u00e5gon ber\u00e4ttar p\u00e5 facebook att hon eller han sitter &hellip; <a href=\"https:\/\/sven-ove.nu\/?p=14086\" class=\"more-link\">Forts\u00e4tt l\u00e4sa <span class=\"screen-reader-text\">T\u00e4nker p\u00e5 osolidariska drets\u00e4ckar<\/span><\/a><\/p>\n","protected":false},"author":1,"featured_media":0,"comment_status":"open","ping_status":"open","sticky":false,"template":"","format":"standard","meta":{"_crdt_document":"","_monsterinsights_skip_tracking":false,"_monsterinsights_sitenote_active":false,"_monsterinsights_sitenote_note":"","_monsterinsights_sitenote_category":0,"footnotes":""},"categories":[9],"tags":[16,17],"class_list":["post-14086","post","type-post","status-publish","format-standard","hentry","category-politik","tag-dumheter","tag-solidaritet"],"_links":{"self":[{"href":"https:\/\/sven-ove.nu\/index.php?rest_route=\/wp\/v2\/posts\/14086","targetHints":{"allow":["GET"]}}],"collection":[{"href":"https:\/\/sven-ove.nu\/index.php?rest_route=\/wp\/v2\/posts"}],"about":[{"href":"https:\/\/sven-ove.nu\/index.php?rest_route=\/wp\/v2\/types\/post"}],"author":[{"embeddable":true,"href":"https:\/\/sven-ove.nu\/index.php?rest_route=\/wp\/v2\/users\/1"}],"replies":[{"embeddable":true,"href":"https:\/\/sven-ove.nu\/index.php?rest_route=%2Fwp%2Fv2%2Fcomments&post=14086"}],"version-history":[{"count":2,"href":"https:\/\/sven-ove.nu\/index.php?rest_route=\/wp\/v2\/posts\/14086\/revisions"}],"predecessor-version":[{"id":14089,"href":"https:\/\/sven-ove.nu\/index.php?rest_route=\/wp\/v2\/posts\/14086\/revisions\/14089"}],"wp:attachment":[{"href":"https:\/\/sven-ove.nu\/index.php?rest_route=%2Fwp%2Fv2%2Fmedia&parent=14086"}],"wp:term":[{"taxonomy":"category","embeddable":true,"href":"https:\/\/sven-ove.nu\/index.php?rest_route=%2Fwp%2Fv2%2Fcategories&post=14086"},{"taxonomy":"post_tag","embeddable":true,"href":"https:\/\/sven-ove.nu\/index.php?rest_route=%2Fwp%2Fv2%2Ftags&post=14086"}],"curies":[{"name":"wp","href":"https:\/\/api.w.org\/{rel}","templated":true}]}}