{"id":14121,"date":"2016-02-23T03:00:48","date_gmt":"2016-02-23T02:00:48","guid":{"rendered":"http:\/\/sven-ove.nu\/?p=14121"},"modified":"2016-02-20T17:23:04","modified_gmt":"2016-02-20T16:23:04","slug":"prepper-social-matbutik-och-flyktingstangsel","status":"publish","type":"post","link":"https:\/\/sven-ove.nu\/?p=14121","title":{"rendered":"Prepper, social matbutik och flyktingst\u00e4ngsel"},"content":{"rendered":"<blockquote><p>S\u00e4g mig vilka dina nya ord \u00e4r och jag ska s\u00e4ga dig hur din tid \u00e4r. I <span style=\"color: #3366ff;\"><a style=\"color: #3366ff;\" href=\"http:\/\/spraktidningen.se\">Spr\u00e5ktidningen<\/a><\/span> l\u00e4ser jag fem nyord och begrepp som m\u00e4nniskor beh\u00f6vt skapa. Prepper, social matbutik, annonsblockerare, konspirationism och flyktingst\u00e4ngsel.<\/p><\/blockquote>\n<p>Livet och v\u00e4rlden \u00e4ndrar sig och d\u00e5 beh\u00f6ver vi nya ord f\u00f6r det. Eller s\u00e5 letar vi fram gamla bepr\u00f6vade, men nya f\u00f6r oss. Dagledig har jag inte kallat mig sj\u00e4lv f\u00f6rr.<\/p>\n<p>Jag har inga problem med det d\u00e4r, spr\u00e5ket \u00e4r ett verktyg och m\u00e5ste slipas och oljas hela tiden. 1951, n\u00e4r jag f\u00f6ddes, beh\u00f6vdes inte ordet pizza i mitt land, nu beh\u00f6vs det. 1967, n\u00e4r jag tr\u00e4ffade den k\u00e4ra v\u00e4nnen i Lindfors Folkets park, beh\u00f6vdes inte pappaledig, velourpappa eller barnkultur. Decennierna d\u00e4rp\u00e5 fick de lov att uppfinnas, annars hade det blivit ett tomrum mitt i v\u00e5ra meningar.<\/p>\n<p>Naturen avskyr tomrum. Det g\u00f6r spr\u00e5ket med. Det har det alltid gjort.<\/p>\n<p><strong>N\u00e4st v\u00e4rsta bilden<br \/>\n<\/strong>En <span style=\"color: #3366ff;\"><em><a style=\"color: #3366ff;\" href=\"http:\/\/spraktidningen.se\/artiklar\/2016\/02\/prepper\">prepper<\/a><\/em><\/span> \u00e4r en person som f\u00f6rbereder sig f\u00f6r att kunna \u00f6verleva en samh\u00e4llskatastrof. I en <span style=\"color: #3366ff;\"><em><a style=\"color: #3366ff;\" href=\"http:\/\/spraktidningen.se\/artiklar\/2016\/02\/social-matbutik\">social matbutik<\/a><\/em><\/span> kan ekonomiskt utsatta personer handla billigare. <em>Annonsblockerare<\/em> g\u00f6r s\u00e5 att den som surfar slipper annonser. <em>Konspirationism<\/em> \u00e4r tron att v\u00e4rldens styrs genom konspirationer.\u00a0<span style=\"color: #3366ff;\"><em><a style=\"color: #3366ff;\" href=\"http:\/\/spraktidningen.se\/artiklar\/2016\/02\/flyktingstangsel\">Flyktingst\u00e4ngsel<\/a><\/em><\/span>\u2026 \u00e4r den n\u00e4st v\u00e4rsta bilden av v\u00e5r tid.<\/p>\n<p><strong>Nya ord p\u00e5 sin tid<br \/>\n<\/strong>1930-talet: rasist, skyddsombud, ton\u00e5ring, \u00f6verg\u00e5ngsst\u00e4lle och porttelefon.<br \/>\n1940-talet: deckare, folkmord, v\u00e4skryckare, flygv\u00e4rdinna och plast.<br \/>\n1950-talet: deodorant, djupfryst, hemmafru, raggare och extrakn\u00e4ck.<\/p>\n<p>1960-talet: p-piller, diskotek, postnummer, kl\u00e4mdag och milj\u00f6f\u00f6rst\u00f6ring.<br \/>\n1970-talet: flygkapning, pappaledig, t\u00e5gluffa, mansgris och flummig.<br \/>\n1980-talet: skogsd\u00f6d, velourpappa, k\u00f6ttberg, bubbelpool och finansvalp.<\/p>\n<p>1990-talet: dokus\u00e5pa, hemsida, sexmissbrukare, bikinilinje och minimj\u00f6lk.<\/p>\n<p><em><span style=\"color: #3366ff;\"><strong>##<\/strong><\/span> K\u00e4lla till listan \u00f6ver nyord fr\u00e5n olika decennier:<br \/>\n<span style=\"color: #3366ff;\"><strong>##<\/strong><\/span> Fredrik Lindstr\u00f6ms bok <span style=\"color: #3366ff;\"><a style=\"color: #3366ff;\" href=\"http:\/\/www.adlibris.com\/se\/e-bok\/varldens-daligaste-sprak-9789100130695\">V\u00e4rldens d\u00e5ligaste spr\u00e5k<\/a><\/span> (Stockholm, 2002).<br \/>\n<span style=\"color: #3366ff;\"><strong>##<\/strong><\/span> Dagledig \u00e4r ett kraftigt \u00f6verreklamerat uttryck.\u00a0<\/em><\/p>\n","protected":false},"excerpt":{"rendered":"<p>S\u00e4g mig vilka dina nya ord \u00e4r och jag ska s\u00e4ga dig hur din tid \u00e4r. I Spr\u00e5ktidningen l\u00e4ser jag fem nyord och begrepp som m\u00e4nniskor beh\u00f6vt skapa. Prepper, social matbutik, annonsblockerare, konspirationism och flyktingst\u00e4ngsel. Livet och v\u00e4rlden \u00e4ndrar sig och d\u00e5 beh\u00f6ver vi nya ord f\u00f6r det. Eller s\u00e5 letar vi fram gamla bepr\u00f6vade, &hellip; <a href=\"https:\/\/sven-ove.nu\/?p=14121\" class=\"more-link\">Forts\u00e4tt l\u00e4sa <span class=\"screen-reader-text\">Prepper, social matbutik och flyktingst\u00e4ngsel<\/span><\/a><\/p>\n","protected":false},"author":1,"featured_media":7506,"comment_status":"open","ping_status":"open","sticky":false,"template":"","format":"standard","meta":{"_crdt_document":"","_monsterinsights_skip_tracking":false,"_monsterinsights_sitenote_active":false,"_monsterinsights_sitenote_note":"","_monsterinsights_sitenote_category":0,"footnotes":""},"categories":[28,4],"tags":[8,18,14,15,21],"class_list":["post-14121","post","type-post","status-publish","format-standard","has-post-thumbnail","hentry","category-kreativt-folk","category-skrivande","tag-historia","tag-lardomar","tag-lasning","tag-mediedjungeln","tag-ord"],"_links":{"self":[{"href":"https:\/\/sven-ove.nu\/index.php?rest_route=\/wp\/v2\/posts\/14121","targetHints":{"allow":["GET"]}}],"collection":[{"href":"https:\/\/sven-ove.nu\/index.php?rest_route=\/wp\/v2\/posts"}],"about":[{"href":"https:\/\/sven-ove.nu\/index.php?rest_route=\/wp\/v2\/types\/post"}],"author":[{"embeddable":true,"href":"https:\/\/sven-ove.nu\/index.php?rest_route=\/wp\/v2\/users\/1"}],"replies":[{"embeddable":true,"href":"https:\/\/sven-ove.nu\/index.php?rest_route=%2Fwp%2Fv2%2Fcomments&post=14121"}],"version-history":[{"count":9,"href":"https:\/\/sven-ove.nu\/index.php?rest_route=\/wp\/v2\/posts\/14121\/revisions"}],"predecessor-version":[{"id":14130,"href":"https:\/\/sven-ove.nu\/index.php?rest_route=\/wp\/v2\/posts\/14121\/revisions\/14130"}],"wp:featuredmedia":[{"embeddable":true,"href":"https:\/\/sven-ove.nu\/index.php?rest_route=\/wp\/v2\/media\/7506"}],"wp:attachment":[{"href":"https:\/\/sven-ove.nu\/index.php?rest_route=%2Fwp%2Fv2%2Fmedia&parent=14121"}],"wp:term":[{"taxonomy":"category","embeddable":true,"href":"https:\/\/sven-ove.nu\/index.php?rest_route=%2Fwp%2Fv2%2Fcategories&post=14121"},{"taxonomy":"post_tag","embeddable":true,"href":"https:\/\/sven-ove.nu\/index.php?rest_route=%2Fwp%2Fv2%2Ftags&post=14121"}],"curies":[{"name":"wp","href":"https:\/\/api.w.org\/{rel}","templated":true}]}}