{"id":14146,"date":"2016-02-25T03:00:40","date_gmt":"2016-02-25T02:00:40","guid":{"rendered":"http:\/\/sven-ove.nu\/?p=14146"},"modified":"2016-02-24T06:42:13","modified_gmt":"2016-02-24T05:42:13","slug":"dar-alla-svaren-fanns","status":"publish","type":"post","link":"https:\/\/sven-ove.nu\/?p=14146","title":{"rendered":"D\u00e4r alla svaren fanns"},"content":{"rendered":"<p><a href=\"https:\/\/sven-ove.nu\/wp-content\/uploads\/2016\/02\/Tintin-i-bil.jpg\"><img loading=\"lazy\" decoding=\"async\" class=\"size-large wp-image-14155 alignnone\" src=\"https:\/\/sven-ove.nu\/wp-content\/uploads\/2016\/02\/Tintin-i-bil-1024x865.jpg\" alt=\"Tintin i bil\" width=\"660\" height=\"558\" srcset=\"https:\/\/sven-ove.nu\/wp-content\/uploads\/2016\/02\/Tintin-i-bil-1024x865.jpg 1024w, https:\/\/sven-ove.nu\/wp-content\/uploads\/2016\/02\/Tintin-i-bil-300x254.jpg 300w, https:\/\/sven-ove.nu\/wp-content\/uploads\/2016\/02\/Tintin-i-bil.jpg 1182w\" sizes=\"auto, (max-width: 660px) 100vw, 660px\" \/><\/a><\/p>\n<blockquote><p>En g\u00e5ng i tiden var allting l\u00e4tt. Svaret p\u00e5 varje fr\u00e5ga fanns i en bok jag hade, bara jag tolkade den r\u00e4tt. Tolkade du fel var det en felaktig till\u00e4mpning, en s\u00e4rskild sorts synd.<\/p><\/blockquote>\n<p>Du skall till\u00e4mpa korrekt.<br \/>\nUj vad vi till\u00e4mpade.<\/p>\n<p>Jag g\u00f6r inte narr av de \u00e5ren. De var viktiga. Vi hade f\u00f6rst\u00e5s fel om demokratin men tidsandan pr\u00e4glade b\u00e5de mig och v\u00e4rlden f\u00f6r l\u00e5ng tid. Utan 60- och 70-talens upprors\u00e5r hade journalister fortfarande skrapat med foten \u00e5t makten och kallat ministrar f\u00f6r Ni och kvinnor f\u00f6r Fru eller Fr\u00f6ken i intervjuerna.<\/p>\n<p>H\u00e4romdagen best\u00e4llde jag boken igen fr\u00e5n ett antikvariat, eftersom jag hade gett bort min gamla till en v\u00e4n redan p\u00e5 gymnasiet. N\u00e4r paketet var h\u00e4mtat och \u00f6ppnat skulle jag st\u00e4lla in den i r\u00e4tt hylla. Bara f\u00f6r att ha en. D\u00e5 stod det en likadan citatbok d\u00e4r, best\u00e4lld f\u00f6r ett \u00e5r sedan fr\u00e5n en annan webbshop.<\/p>\n<p>\u00c5r 1966 paraderade en miljon kineser i Peking med boken i handen, framf\u00f6r sin partiordf\u00f6rande. Jag misst\u00e4nker att de \u00e4r lika gl\u00f6mska som jag 50 \u00e5r senare.<\/p>\n<p style=\"padding-left: 30px;\"><em>Utan en folkarm\u00e9 har folket ingenting.<br \/>\n<\/em><em>L\u00e4r att \u201dspela piano\u201d.<br \/>\n<\/em><em>Alla reaktion\u00e4rer \u00e4r papperstigrar.<br \/>\n<\/em><em>Folket, och folket allena, \u00e4r den drivande kraften som g\u00f6r v\u00e4rldshistorien.<br \/>\n<\/em><em>Tj\u00e4na folket.<\/em><\/p>\n<p>Ett tag kunde jag hundratals s\u00e5dana citat utantill. Det fanns ett f\u00f6r varje situation, v\u00e5ra l\u00e4rare i historia och socialkunskap h\u00f6ll p\u00e5 att bli vansinniga.<\/p>\n<p style=\"padding-left: 30px;\"><em>Det \u00e4r bra om vi blir angripna av fienden, eftersom detta bevisar att vi dragit en klar skiljelinje mellan fienden och oss sj\u00e4lva.<\/em><\/p>\n<p style=\"padding-left: 30px;\"><em>Varifr\u00e5n kommer de riktiga id\u00e9erna? Faller de fr\u00e5n skyarna? Nej. Ligger de medf\u00f6dda i hj\u00e4rnan? Nej. De kommer ur den samh\u00e4lleliga praktiken, och ur den allena.<\/em><\/p>\n<p style=\"padding-left: 30px;\"><em>Den som inte fruktar d\u00f6den fr\u00e5n ett tusen hugg v\u00e5gar kasta kejsaren av h\u00e4sten.<\/em><em>\u00a0<\/em><\/p>\n<p>N\u00e4r vi hade ont om pengar i slutet p\u00e5 m\u00e5naden:<br \/>\n<em>Bygg upp v\u00e5rt land genom flit och sparsamhet.<\/em><\/p>\n<p>N\u00e4r n\u00e5gon hoppade av v\u00e5r organisation:<br \/>\n<em>F\u00e4rre och b\u00e4ttre soldater och enklare f\u00f6rvaltning.<\/em><\/p>\n<p>N\u00e4r det gick bra p\u00e5 n\u00e5got omr\u00e5de, fr\u00e5n skolans novellt\u00e4vling till Sk\u00e4rholmenfruarnas protester mot mj\u00f6lkpriserna:<br \/>\n<em>Bonder\u00f6relsens nuvarande uppsving \u00e4r en v\u00e4ldig tilldragelse.<\/em><\/p>\n<p style=\"padding-left: 30px;\"><em>*<\/em><\/p>\n<p>Vi hade fel om demokratin. Vi hade fel om folkrepubliken Kina. Vi hade fel om vi trodde att l\u00f6sningen p\u00e5 varje konkret problem kunde l\u00e4sas\u00a0i en liten citatbok i bakfickan p\u00e5 jeansen. Men s\u00e5 fanken att vi hade fel i protesterna mot pamparna p\u00e5 pengas\u00e4cken. Svenska folk, \u00e4t mera gr\u00f6t, g\u00f6r mera uppror! R\u00e4ttvisa \u00e4r ingen dum paroll.<\/p>\n<p>Det st\u00e5r inte i lagen att en vd m\u00e5ste tj\u00e4na<span style=\"color: #ff0000;\"> <a style=\"color: #ff0000;\" href=\"http:\/\/www.expressen.se\/debatt\/en-vd-lon-lika-stor-som-54-industriarbetarloner\/\">54 g\u00e5nger s\u00e5 mycket<\/a><\/span>\u00a0som en arbetare.<\/p>\n<p><em><span style=\"color: #ff0000;\"><strong>#<\/strong><\/span><span style=\"color: #ff0000;\"><strong>#<\/strong><\/span><span style=\"color: #ff0000;\"><strong>#<\/strong><\/span> En av mina f\u00f6rsta skrivhj\u00e4lpredor blev Maos f\u00f6rel\u00e4sning i Yenan 1942 om schablonm\u00e4ssigt skriveri i partisaker. Fast den hade jag hittat i en tjockare bok, h\u00e4r \u00e4r tv\u00e5 citat:<br \/>\n<\/em><em><span style=\"color: #ff0000;\"><strong>#<\/strong><\/span><span style=\"color: #ff0000;\"><strong>#<\/strong><\/span><span style=\"color: #ff0000;\"><strong>#\u00a0<\/strong><\/span>En del av v\u00e5ra kamrater \u00e4lskar att skriva l\u00e5nga artiklar utan inneh\u00e5ll, vilka starkt p\u00e5minner om \u201dlortgrisens fotbindor, b\u00e5de l\u00e5nga och stinkande\u201d. Varf\u00f6r m\u00e5ste de skriva dessa l\u00e5nga och tomma artiklar? Det kan bara finnas en enda f\u00f6rklaring: de \u00e4r fast beslutna att massorna inte ska l\u00e4sa dem.<br \/>\n<a href=\"https:\/\/sven-ove.nu\/wp-content\/uploads\/2016\/02\/Tintin-och-hund.jpg\"><img loading=\"lazy\" decoding=\"async\" class=\"alignright size-thumbnail wp-image-14156\" src=\"https:\/\/sven-ove.nu\/wp-content\/uploads\/2016\/02\/Tintin-och-hund-150x150.jpg\" alt=\"Tintin och hund\" width=\"150\" height=\"150\" \/><\/a><\/em><strong><em><span style=\"color: #ff0000;\">#<\/span><span style=\"color: #ff0000;\">#<\/span><span style=\"color: #ff0000;\">#<\/span>\u00a0<\/em><\/strong><em>N\u00e4r man skjuter iv\u00e4g en pil m\u00e5ste man sikta mot m\u00e5let, n\u00e4r man spelar luta m\u00e5ste man ta h\u00e4nsyn till lyssnaren; hur kan man d\u00e5 tro att det g\u00e5r f\u00f6r sig att skriva artiklar och h\u00e5lla tal utan att ta h\u00e4nsyn till l\u00e4sarna eller \u00e5h\u00f6rarna?<\/em><\/p>\n<p>&nbsp;<\/p>\n","protected":false},"excerpt":{"rendered":"<p>En g\u00e5ng i tiden var allting l\u00e4tt. Svaret p\u00e5 varje fr\u00e5ga fanns i en bok jag hade, bara jag tolkade den r\u00e4tt. Tolkade du fel var det en felaktig till\u00e4mpning, en s\u00e4rskild sorts synd. Du skall till\u00e4mpa korrekt. Uj vad vi till\u00e4mpade. Jag g\u00f6r inte narr av de \u00e5ren. De var viktiga. Vi hade f\u00f6rst\u00e5s &hellip; <a href=\"https:\/\/sven-ove.nu\/?p=14146\" class=\"more-link\">Forts\u00e4tt l\u00e4sa <span class=\"screen-reader-text\">D\u00e4r alla svaren fanns<\/span><\/a><\/p>\n","protected":false},"author":1,"featured_media":0,"comment_status":"open","ping_status":"open","sticky":false,"template":"","format":"standard","meta":{"_crdt_document":"","_monsterinsights_skip_tracking":false,"_monsterinsights_sitenote_active":false,"_monsterinsights_sitenote_note":"","_monsterinsights_sitenote_category":0,"footnotes":""},"categories":[9,4],"tags":[8,18,14,17],"class_list":["post-14146","post","type-post","status-publish","format-standard","hentry","category-politik","category-skrivande","tag-historia","tag-lardomar","tag-lasning","tag-solidaritet"],"_links":{"self":[{"href":"https:\/\/sven-ove.nu\/index.php?rest_route=\/wp\/v2\/posts\/14146","targetHints":{"allow":["GET"]}}],"collection":[{"href":"https:\/\/sven-ove.nu\/index.php?rest_route=\/wp\/v2\/posts"}],"about":[{"href":"https:\/\/sven-ove.nu\/index.php?rest_route=\/wp\/v2\/types\/post"}],"author":[{"embeddable":true,"href":"https:\/\/sven-ove.nu\/index.php?rest_route=\/wp\/v2\/users\/1"}],"replies":[{"embeddable":true,"href":"https:\/\/sven-ove.nu\/index.php?rest_route=%2Fwp%2Fv2%2Fcomments&post=14146"}],"version-history":[{"count":12,"href":"https:\/\/sven-ove.nu\/index.php?rest_route=\/wp\/v2\/posts\/14146\/revisions"}],"predecessor-version":[{"id":14180,"href":"https:\/\/sven-ove.nu\/index.php?rest_route=\/wp\/v2\/posts\/14146\/revisions\/14180"}],"wp:attachment":[{"href":"https:\/\/sven-ove.nu\/index.php?rest_route=%2Fwp%2Fv2%2Fmedia&parent=14146"}],"wp:term":[{"taxonomy":"category","embeddable":true,"href":"https:\/\/sven-ove.nu\/index.php?rest_route=%2Fwp%2Fv2%2Fcategories&post=14146"},{"taxonomy":"post_tag","embeddable":true,"href":"https:\/\/sven-ove.nu\/index.php?rest_route=%2Fwp%2Fv2%2Ftags&post=14146"}],"curies":[{"name":"wp","href":"https:\/\/api.w.org\/{rel}","templated":true}]}}