{"id":14278,"date":"2016-03-06T03:51:40","date_gmt":"2016-03-06T02:51:40","guid":{"rendered":"http:\/\/sven-ove.nu\/?p=14278"},"modified":"2016-03-06T07:32:06","modified_gmt":"2016-03-06T06:32:06","slug":"14278","status":"publish","type":"post","link":"https:\/\/sven-ove.nu\/?p=14278","title":{"rendered":"F\u00f6rmiddag i folkhemmet"},"content":{"rendered":"<p><a href=\"https:\/\/sven-ove.nu\/wp-content\/uploads\/2016\/03\/Isen-kommer.jpg\"><img loading=\"lazy\" decoding=\"async\" class=\"size-full wp-image-14282 alignnone\" src=\"https:\/\/sven-ove.nu\/wp-content\/uploads\/2016\/03\/Isen-kommer.jpg\" alt=\"Isen kommer\" width=\"620\" height=\"457\" srcset=\"https:\/\/sven-ove.nu\/wp-content\/uploads\/2016\/03\/Isen-kommer.jpg 620w, https:\/\/sven-ove.nu\/wp-content\/uploads\/2016\/03\/Isen-kommer-300x221.jpg 300w\" sizes=\"auto, (max-width: 620px) 100vw, 620px\" \/><\/a><\/p>\n<p style=\"padding-left: 30px; text-align: right;\"><em>Personerna p\u00e5 bilden har inget samband<br \/>\nmed\u00a0Mora-Nisses vallningar 1945.<\/em><\/p>\n<blockquote><p>F\u00f6rsta s\u00f6ndagen i mars. Enda dagen p\u00e5 \u00e5ret d\u00e5 vi kliver direkt ur s\u00e4ngen och till tv-soffan. Pyjamas och morgonrock p\u00e5, frukost framf\u00f6r teven, s\u00e5 sm\u00e5ningom f\u00f6rmiddagskaffe.<\/p><\/blockquote>\n<p>Vi vill se <span style=\"color: #3366ff;\"><a style=\"color: #3366ff;\" href=\"http:\/\/www.svt.se\/sport\/vasaloppet\/\">starten<\/a><\/span>. Sedan blir det sp\u00e4nnande att se vem som tar ledningen och d\u00e4refter brukar det vara en hel del bilder p\u00e5 andra deltagare \u00e4n eliten, vi kanske k\u00e4nner n\u00e5gon, och snart \u00e4r det en som \u00e5ker med i t\u00e4ten ett tag och refererar\u00a0och, tja, vi blir sittande till l\u00e5ngt efter segerintervjun.<\/p>\n<p>Vi gillar den s\u00e4ndningen.<\/p>\n<p>Egentligen ska det vara Sven \u201d<span style=\"color: #3366ff;\"><a style=\"color: #3366ff;\" href=\"http:\/\/www.svd.se\/generos-gentleman\">Plex<\/a><\/span>\u201d Petersson. Han ska b\u00f6rja s\u00f6ndagen med \u201dGomorron gomorron fr\u00e5n Berga by\u201d och sedan ska han m\u00e5la upp den f\u00e4rgrika bilden av startf\u00e4ltet f\u00f6r ett folk med svartvita apparater. F\u00f6re honom skulle det vara Sven Jerring i en radio med vibrerande ljusbrunt tyg &#8211; och Hilversum som en av stationerna vi kunde h\u00f6ra brusa. N\u00e5gon g\u00e5ng ska jag ta reda p\u00e5 var detta Hilversum ligger.<\/p>\n<p>Fast det var l\u00e5ngt innan moped och d\u00e4rav f\u00f6ljande \u00e4ktenskap.<\/p>\n<p>Vi sitter h\u00e4r i dag med, f\u00f6r jag fick ju den v\u00e4lsignade mopeden. Plex saknar vi fortfarande och f\u00f6rr eller senare kommer jag att ber\u00e4tta f\u00f6r min fru om n\u00e4r segraren fick stanna och <span style=\"color: #3366ff;\"><a style=\"color: #3366ff;\" href=\"http:\/\/www.dn.se\/sport\/i-morfars-spar-for-framtids-segrar\/\">valla om<\/a><\/span>. Tre g\u00e5nger.<\/p>\n<p>Den har hon aldrig h\u00f6rt f\u00f6rut.<\/p>\n","protected":false},"excerpt":{"rendered":"<p>Personerna p\u00e5 bilden har inget samband med\u00a0Mora-Nisses vallningar 1945. F\u00f6rsta s\u00f6ndagen i mars. Enda dagen p\u00e5 \u00e5ret d\u00e5 vi kliver direkt ur s\u00e4ngen och till tv-soffan. Pyjamas och morgonrock p\u00e5, frukost framf\u00f6r teven, s\u00e5 sm\u00e5ningom f\u00f6rmiddagskaffe. Vi vill se starten. Sedan blir det sp\u00e4nnande att se vem som tar ledningen och d\u00e4refter brukar det vara &hellip; <a href=\"https:\/\/sven-ove.nu\/?p=14278\" class=\"more-link\">Forts\u00e4tt l\u00e4sa <span class=\"screen-reader-text\">F\u00f6rmiddag i folkhemmet<\/span><\/a><\/p>\n","protected":false},"author":1,"featured_media":0,"comment_status":"open","ping_status":"open","sticky":false,"template":"","format":"standard","meta":{"_crdt_document":"","_monsterinsights_skip_tracking":false,"_monsterinsights_sitenote_active":false,"_monsterinsights_sitenote_note":"","_monsterinsights_sitenote_category":0,"footnotes":""},"categories":[10],"tags":[8,15,13],"class_list":["post-14278","post","type-post","status-publish","format-standard","hentry","category-familjen","tag-historia","tag-mediedjungeln","tag-utrustning"],"_links":{"self":[{"href":"https:\/\/sven-ove.nu\/index.php?rest_route=\/wp\/v2\/posts\/14278","targetHints":{"allow":["GET"]}}],"collection":[{"href":"https:\/\/sven-ove.nu\/index.php?rest_route=\/wp\/v2\/posts"}],"about":[{"href":"https:\/\/sven-ove.nu\/index.php?rest_route=\/wp\/v2\/types\/post"}],"author":[{"embeddable":true,"href":"https:\/\/sven-ove.nu\/index.php?rest_route=\/wp\/v2\/users\/1"}],"replies":[{"embeddable":true,"href":"https:\/\/sven-ove.nu\/index.php?rest_route=%2Fwp%2Fv2%2Fcomments&post=14278"}],"version-history":[{"count":10,"href":"https:\/\/sven-ove.nu\/index.php?rest_route=\/wp\/v2\/posts\/14278\/revisions"}],"predecessor-version":[{"id":14289,"href":"https:\/\/sven-ove.nu\/index.php?rest_route=\/wp\/v2\/posts\/14278\/revisions\/14289"}],"wp:attachment":[{"href":"https:\/\/sven-ove.nu\/index.php?rest_route=%2Fwp%2Fv2%2Fmedia&parent=14278"}],"wp:term":[{"taxonomy":"category","embeddable":true,"href":"https:\/\/sven-ove.nu\/index.php?rest_route=%2Fwp%2Fv2%2Fcategories&post=14278"},{"taxonomy":"post_tag","embeddable":true,"href":"https:\/\/sven-ove.nu\/index.php?rest_route=%2Fwp%2Fv2%2Ftags&post=14278"}],"curies":[{"name":"wp","href":"https:\/\/api.w.org\/{rel}","templated":true}]}}