{"id":14335,"date":"2016-03-08T03:00:06","date_gmt":"2016-03-08T02:00:06","guid":{"rendered":"http:\/\/sven-ove.nu\/?p=14335"},"modified":"2016-03-08T09:07:54","modified_gmt":"2016-03-08T08:07:54","slug":"14335","status":"publish","type":"post","link":"https:\/\/sven-ove.nu\/?p=14335","title":{"rendered":"Tr\u00e4ligt att vi inte kommit l\u00e4ngre"},"content":{"rendered":"<p><a href=\"https:\/\/sven-ove.nu\/wp-content\/uploads\/2016\/03\/R\u00f6str\u00e4tt.jpg\"><img loading=\"lazy\" decoding=\"async\" class=\"size-large wp-image-14341 alignnone\" src=\"https:\/\/sven-ove.nu\/wp-content\/uploads\/2016\/03\/R\u00f6str\u00e4tt-679x1024.jpg\" alt=\"R\u00f6str\u00e4tt\" width=\"660\" height=\"995\" srcset=\"https:\/\/sven-ove.nu\/wp-content\/uploads\/2016\/03\/R\u00f6str\u00e4tt-679x1024.jpg 679w, https:\/\/sven-ove.nu\/wp-content\/uploads\/2016\/03\/R\u00f6str\u00e4tt-199x300.jpg 199w, https:\/\/sven-ove.nu\/wp-content\/uploads\/2016\/03\/R\u00f6str\u00e4tt.jpg 750w\" sizes=\"auto, (max-width: 660px) 100vw, 660px\" \/><\/a><\/p>\n<blockquote><p>Internationella kvinnodagen \u00e4r inget jag vill gratulera till. \u00c4r det inte sorgligt att den ska beh\u00f6vas?<strong>\u00a0<\/strong><\/p><\/blockquote>\n<p>Min syn p\u00e5 8 mars \u00e4r som p\u00e5 nykterhetsr\u00f6relsen. Bra att den finns, synd att den beh\u00f6vs. Vore inte v\u00e4rlden galen och patriarkalisk, vore inte alltf\u00f6r m\u00e5nga m\u00e4nniskor giriga, vore inte den r\u00e5a kapitalismen r\u00e5, vore inte alltf\u00f6r m\u00e5nga kulturer kvinnof\u00f6rtryckande och vore inte alltf\u00f6r m\u00e5nga m\u00e4n husbehovsmansschauvinistiska \u2013 s\u00e5 skulle det inte beh\u00f6vas n\u00e5gon internationell kvinnodag.<\/p>\n<p>Nu \u00e4r den n\u00f6dv\u00e4ndig.<\/p>\n<p>H\u00e4r kunde jag allts\u00e5 skriva om kvinnor som inte t\u00f6rs g\u00e5 ensamma hem genom staden vid tv\u00e5tiden p\u00e5 natten. Jag kunde diskutera k\u00f6nsstympning, kvinnors pensioner, kvinnosyn i reklam och medier eller m\u00e5lg\u00e5ngen f\u00f6r dameliten vid \u00e5rets Vasalopp.<\/p>\n<p>Bedr\u00f6vligheter finns det gott om.<\/p>\n<p><strong>85 procent av l\u00f6nen<br \/>\n<\/strong>Men l\u00e5t oss titta p\u00e5 l\u00f6nerna i st\u00e4llet. \u00c5r 2014 gav LO ut sin rapport <span style=\"color: #ff0000;\"><strong><a style=\"color: #ff0000;\" href=\"http:\/\/www.lo.se\/home\/lo\/res.nsf\/vRes\/lo_fakta_1366027478784_hundra_ar_av_ojamlikhet_pdf\/$File\/Hundra_ar_av_ojamlikhet.pdf\">Hundra \u00e5r av oj\u00e4mlikhet<\/a><\/strong><\/span>. D\u00e4r ber\u00e4ttar rapportf\u00f6rfattaren Mats Larsson att \u00e5r 2012 var den genomsnittliga m\u00e5nadsl\u00f6nen 4 800 kronor l\u00e4gre f\u00f6r kvinnor \u00e4n f\u00f6r m\u00e4n. Bland arbetare var skillnaden 3 100 kronor och bland tj\u00e4nstem\u00e4n 7 700 kronor. R\u00e4knat i procent motsvarade kvinnors l\u00f6n 85 procent av m\u00e4nnens l\u00f6n bland samtliga anst\u00e4llda, 88 procent bland arbetare och 80 procent bland tj\u00e4nstem\u00e4n. Klass och k\u00f6n var gemensamma n\u00e4mnare f\u00f6r alla l\u00f6neskillnader.<\/p>\n<p>L\u00f6neskillnaden mellan kvinnor och m\u00e4n minskade under 1960- och 1970-talen n\u00e4r kvinnol\u00f6nerna togs bort ur kollektivavtalen, ber\u00e4ttar Mats Larsson. Den utj\u00e4mningen upph\u00f6rde p\u00e5 1980-talet. D\u00e4refter har l\u00f6neskillnaden bara minskat marginellt.<\/p>\n<p><strong>100 \u00e5r eller 10 \u00e5r?<br \/>\n<\/strong>Med nuvarande l\u00f6ne\u00f6kningstakt kommer det att ta drygt 100 \u00e5r innan l\u00f6neskillnaden mellan kvinnor och m\u00e4n f\u00f6rsvinner. Det g\u00e4ller bland b\u00e5de arbetare och tj\u00e4nstem\u00e4n.<\/p>\n<p>L\u00f6neskillnaden skulle dock f\u00f6rsvinna p\u00e5 ungef\u00e4r 10 \u00e5r om l\u00f6nerna \u00f6kade med en procentenhet mer per \u00e5r f\u00f6r kvinnor \u00e4n f\u00f6r m\u00e4n bland arbetare och tv\u00e5 procent mer per \u00e5r f\u00f6r kvinnor bland tj\u00e4nstem\u00e4n. Om det bara inte hade varit f\u00f6r Girigheten och hans br\u00f6der Klasskillnaden, Schauvinismen, Kapitalismen och Patriarkatet.<\/p>\n<p><strong>F\u00e4rskare siffror<br \/>\n<\/strong>&#8230; men lika dystra:<br \/>\n<span style=\"color: #ff0000;\"><strong><a style=\"color: #ff0000;\" href=\"http:\/\/www.lo.se\/start\/lo_fakta\/sveriges_jamstalldhetsbarometer_2016\" target=\"_blank\">Sveriges j\u00e4mst\u00e4lldhetsbarometer 2016<\/a><\/strong><\/span><\/p>\n<p><em><span style=\"color: #ff0000;\"><strong>#<\/strong><strong>#<\/strong><strong>#<\/strong><\/span> Internationella kvinnodagen <\/em><em>v\u00e4xte fram i arbetarr\u00f6relsen i Europa f\u00f6re f\u00f6rsta v\u00e4rldskriget<\/em><em>, skriver Nordiska museet.<br \/>\n<a href=\"https:\/\/sven-ove.nu\/wp-content\/uploads\/2013\/03\/Power.gif\"><img loading=\"lazy\" decoding=\"async\" class=\"alignright size-full wp-image-5171\" src=\"https:\/\/sven-ove.nu\/wp-content\/uploads\/2013\/03\/Power.gif\" alt=\"Power\" width=\"60\" height=\"80\" \/><\/a><\/em><em><span style=\"color: #ff0000;\"><strong>#<\/strong><strong>#<\/strong><strong>#<\/strong><\/span>\u00a0<\/em><em><span style=\"color: #ff0000;\"><a style=\"color: #ff0000;\" href=\"http:\/\/www.nordiskamuseet.se\/aretsdagar\/internationella-kvinnodagen\">K\u00e4mpa, kvinnor!<\/a><\/span> Det \u00e4r en skam att vi inte ens har j\u00e4mst\u00e4llda l\u00f6ner \u00e5r 2016.<br \/>\n<\/em><em><span style=\"color: #ff0000;\"><strong>#<\/strong><strong>#<\/strong><strong>#<\/strong><\/span> K\u00e4mpa, m\u00e4n.<\/em><\/p>\n","protected":false},"excerpt":{"rendered":"<p>Internationella kvinnodagen \u00e4r inget jag vill gratulera till. \u00c4r det inte sorgligt att den ska beh\u00f6vas?\u00a0 Min syn p\u00e5 8 mars \u00e4r som p\u00e5 nykterhetsr\u00f6relsen. Bra att den finns, synd att den beh\u00f6vs. Vore inte v\u00e4rlden galen och patriarkalisk, vore inte alltf\u00f6r m\u00e5nga m\u00e4nniskor giriga, vore inte den r\u00e5a kapitalismen r\u00e5, vore inte alltf\u00f6r m\u00e5nga &hellip; <a href=\"https:\/\/sven-ove.nu\/?p=14335\" class=\"more-link\">Forts\u00e4tt l\u00e4sa <span class=\"screen-reader-text\">Tr\u00e4ligt att vi inte kommit l\u00e4ngre<\/span><\/a><\/p>\n","protected":false},"author":1,"featured_media":0,"comment_status":"open","ping_status":"open","sticky":false,"template":"","format":"standard","meta":{"_crdt_document":"","_monsterinsights_skip_tracking":false,"_monsterinsights_sitenote_active":false,"_monsterinsights_sitenote_note":"","_monsterinsights_sitenote_category":0,"footnotes":""},"categories":[9],"tags":[8,18,14,17],"class_list":["post-14335","post","type-post","status-publish","format-standard","hentry","category-politik","tag-historia","tag-lardomar","tag-lasning","tag-solidaritet"],"_links":{"self":[{"href":"https:\/\/sven-ove.nu\/index.php?rest_route=\/wp\/v2\/posts\/14335","targetHints":{"allow":["GET"]}}],"collection":[{"href":"https:\/\/sven-ove.nu\/index.php?rest_route=\/wp\/v2\/posts"}],"about":[{"href":"https:\/\/sven-ove.nu\/index.php?rest_route=\/wp\/v2\/types\/post"}],"author":[{"embeddable":true,"href":"https:\/\/sven-ove.nu\/index.php?rest_route=\/wp\/v2\/users\/1"}],"replies":[{"embeddable":true,"href":"https:\/\/sven-ove.nu\/index.php?rest_route=%2Fwp%2Fv2%2Fcomments&post=14335"}],"version-history":[{"count":10,"href":"https:\/\/sven-ove.nu\/index.php?rest_route=\/wp\/v2\/posts\/14335\/revisions"}],"predecessor-version":[{"id":14353,"href":"https:\/\/sven-ove.nu\/index.php?rest_route=\/wp\/v2\/posts\/14335\/revisions\/14353"}],"wp:attachment":[{"href":"https:\/\/sven-ove.nu\/index.php?rest_route=%2Fwp%2Fv2%2Fmedia&parent=14335"}],"wp:term":[{"taxonomy":"category","embeddable":true,"href":"https:\/\/sven-ove.nu\/index.php?rest_route=%2Fwp%2Fv2%2Fcategories&post=14335"},{"taxonomy":"post_tag","embeddable":true,"href":"https:\/\/sven-ove.nu\/index.php?rest_route=%2Fwp%2Fv2%2Ftags&post=14335"}],"curies":[{"name":"wp","href":"https:\/\/api.w.org\/{rel}","templated":true}]}}