{"id":14354,"date":"2016-03-11T03:00:12","date_gmt":"2016-03-11T02:00:12","guid":{"rendered":"http:\/\/sven-ove.nu\/?p=14354"},"modified":"2016-03-09T17:17:17","modified_gmt":"2016-03-09T16:17:17","slug":"nar-har-de-tankt-sluta-undra","status":"publish","type":"post","link":"https:\/\/sven-ove.nu\/?p=14354","title":{"rendered":"N\u00e4r har de t\u00e4nkt sluta undra?"},"content":{"rendered":"<p style=\"padding-left: 30px;\"><a href=\"https:\/\/sven-ove.nu\/wp-content\/uploads\/2014\/09\/Vit-\u00e4lg.jpg\"><img loading=\"lazy\" decoding=\"async\" class=\"size-medium wp-image-9668 alignnone\" src=\"https:\/\/sven-ove.nu\/wp-content\/uploads\/2014\/09\/Vit-\u00e4lg-170x300.jpg\" alt=\"Vit \u00e4lg\" width=\"170\" height=\"300\" srcset=\"https:\/\/sven-ove.nu\/wp-content\/uploads\/2014\/09\/Vit-\u00e4lg-170x300.jpg 170w, https:\/\/sven-ove.nu\/wp-content\/uploads\/2014\/09\/Vit-\u00e4lg-580x1024.jpg 580w, https:\/\/sven-ove.nu\/wp-content\/uploads\/2014\/09\/Vit-\u00e4lg.jpg 1431w\" sizes=\"auto, (max-width: 170px) 100vw, 170px\" \/><\/a><\/p>\n<p>V\u00e4rlden \u00e4r full av folk som &#8221;inte vill d\u00f6 nyfikna&#8221;.<br \/>\nDet \u00e4r deras val. Sj\u00e4lv vill jag vara vetgirig \u00e4nda in i kaklet.<\/p>\n<p>N\u00e4r har de t\u00e4nkt sluta vara intresserade? Direkt efter br\u00f6llopet? F\u00f6rsta m\u00e5ndagen efter att de f\u00e5tt tillsvidareanst\u00e4llning? Samma dag de fyller 65?<\/p>\n<p>Det \u00e4r jag nyfiken p\u00e5.<\/p>\n<p><span style=\"color: #3366ff;\"><strong><em>###<\/em><\/strong><\/span><em> \u2026 eller vetgirig, fr\u00e5gvis, f\u00f6rveten, forskande, intresserad, undrande, snokande, alltf\u00f6r intresserad &#8211; om du s\u00e5 vill.<br \/>\n<\/em><span style=\"color: #3366ff;\"><strong><em>### <\/em><\/strong><\/span><em>Inte kan\u00a0jag sluta med det. Hur skulle det g\u00e5 till? Jag VILL veta mer.<\/em><\/p>\n","protected":false},"excerpt":{"rendered":"<p>V\u00e4rlden \u00e4r full av folk som &#8221;inte vill d\u00f6 nyfikna&#8221;. Det \u00e4r deras val. Sj\u00e4lv vill jag vara vetgirig \u00e4nda in i kaklet. N\u00e4r har de t\u00e4nkt sluta vara intresserade? Direkt efter br\u00f6llopet? F\u00f6rsta m\u00e5ndagen efter att de f\u00e5tt tillsvidareanst\u00e4llning? Samma dag de fyller 65? Det \u00e4r jag nyfiken p\u00e5. ### \u2026 eller vetgirig, fr\u00e5gvis, &hellip; <a href=\"https:\/\/sven-ove.nu\/?p=14354\" class=\"more-link\">Forts\u00e4tt l\u00e4sa <span class=\"screen-reader-text\">N\u00e4r har de t\u00e4nkt sluta undra?<\/span><\/a><\/p>\n","protected":false},"author":1,"featured_media":0,"comment_status":"open","ping_status":"open","sticky":false,"template":"","format":"standard","meta":{"_crdt_document":"","_monsterinsights_skip_tracking":false,"_monsterinsights_sitenote_active":false,"_monsterinsights_sitenote_note":"","_monsterinsights_sitenote_category":0,"footnotes":""},"categories":[4],"tags":[18,14,15,21],"class_list":["post-14354","post","type-post","status-publish","format-standard","hentry","category-skrivande","tag-lardomar","tag-lasning","tag-mediedjungeln","tag-ord"],"_links":{"self":[{"href":"https:\/\/sven-ove.nu\/index.php?rest_route=\/wp\/v2\/posts\/14354","targetHints":{"allow":["GET"]}}],"collection":[{"href":"https:\/\/sven-ove.nu\/index.php?rest_route=\/wp\/v2\/posts"}],"about":[{"href":"https:\/\/sven-ove.nu\/index.php?rest_route=\/wp\/v2\/types\/post"}],"author":[{"embeddable":true,"href":"https:\/\/sven-ove.nu\/index.php?rest_route=\/wp\/v2\/users\/1"}],"replies":[{"embeddable":true,"href":"https:\/\/sven-ove.nu\/index.php?rest_route=%2Fwp%2Fv2%2Fcomments&post=14354"}],"version-history":[{"count":8,"href":"https:\/\/sven-ove.nu\/index.php?rest_route=\/wp\/v2\/posts\/14354\/revisions"}],"predecessor-version":[{"id":14370,"href":"https:\/\/sven-ove.nu\/index.php?rest_route=\/wp\/v2\/posts\/14354\/revisions\/14370"}],"wp:attachment":[{"href":"https:\/\/sven-ove.nu\/index.php?rest_route=%2Fwp%2Fv2%2Fmedia&parent=14354"}],"wp:term":[{"taxonomy":"category","embeddable":true,"href":"https:\/\/sven-ove.nu\/index.php?rest_route=%2Fwp%2Fv2%2Fcategories&post=14354"},{"taxonomy":"post_tag","embeddable":true,"href":"https:\/\/sven-ove.nu\/index.php?rest_route=%2Fwp%2Fv2%2Ftags&post=14354"}],"curies":[{"name":"wp","href":"https:\/\/api.w.org\/{rel}","templated":true}]}}