{"id":1439,"date":"2012-03-06T12:01:57","date_gmt":"2012-03-06T11:01:57","guid":{"rendered":"http:\/\/sven-ove.nu\/?p=1439"},"modified":"2012-03-06T12:00:14","modified_gmt":"2012-03-06T11:00:14","slug":"oscar-ii-i-paraduniform","status":"publish","type":"post","link":"https:\/\/sven-ove.nu\/?p=1439","title":{"rendered":"Oscar II i paraduniform?"},"content":{"rendered":"<p>F\u00f6rr i tiden, n\u00e4r det h\u00e4nde n\u00e5got nytt och viktigt p\u00e5 en svensk ort, d\u00e5 fick svenskarna se Oscar II dyka upp i sin kungliga uniform f\u00f6r att inviga detta nya.<\/p>\n<p>Nu f\u00f6r tiden f\u00e5r vi se ett demokratiskt valt kommunalr\u00e5d, kl\u00e4tt i plastp\u00e5se.<br \/>\nV\u00e4rlden g\u00e5r faktiskt fram\u00e5t.<\/p>\n<p><a href=\"https:\/\/sven-ove.nu\/wp-content\/uploads\/2012\/03\/Inte-Oscar-II-i-paraduniform1.png\"><img loading=\"lazy\" decoding=\"async\" class=\"alignleft size-full wp-image-1448\" title=\"Inte Oscar II i paraduniform\" src=\"https:\/\/sven-ove.nu\/wp-content\/uploads\/2012\/03\/Inte-Oscar-II-i-paraduniform1.png\" alt=\"\" width=\"737\" height=\"667\" srcset=\"https:\/\/sven-ove.nu\/wp-content\/uploads\/2012\/03\/Inte-Oscar-II-i-paraduniform1.png 737w, https:\/\/sven-ove.nu\/wp-content\/uploads\/2012\/03\/Inte-Oscar-II-i-paraduniform1-300x271.png 300w\" sizes=\"auto, (max-width: 737px) 100vw, 737px\" \/><\/a><em> (Sk\u00e4rmdump fr\u00e5n nwt.se).<\/em><\/p>\n","protected":false},"excerpt":{"rendered":"<p>F\u00f6rr i tiden, n\u00e4r det h\u00e4nde n\u00e5got nytt och viktigt p\u00e5 en svensk ort, d\u00e5 fick svenskarna se Oscar II dyka upp i sin kungliga uniform f\u00f6r att inviga detta nya. Nu f\u00f6r tiden f\u00e5r vi se ett demokratiskt valt kommunalr\u00e5d, kl\u00e4tt i plastp\u00e5se. V\u00e4rlden g\u00e5r faktiskt fram\u00e5t. (Sk\u00e4rmdump fr\u00e5n nwt.se).<\/p>\n","protected":false},"author":1,"featured_media":0,"comment_status":"open","ping_status":"open","sticky":false,"template":"","format":"standard","meta":{"_crdt_document":"","_monsterinsights_skip_tracking":false,"_monsterinsights_sitenote_active":false,"_monsterinsights_sitenote_note":"","_monsterinsights_sitenote_category":0,"footnotes":""},"categories":[9],"tags":[3,8,20],"class_list":["post-1439","post","type-post","status-publish","format-standard","hentry","category-politik","tag-arbete","tag-historia","tag-rad"],"_links":{"self":[{"href":"https:\/\/sven-ove.nu\/index.php?rest_route=\/wp\/v2\/posts\/1439","targetHints":{"allow":["GET"]}}],"collection":[{"href":"https:\/\/sven-ove.nu\/index.php?rest_route=\/wp\/v2\/posts"}],"about":[{"href":"https:\/\/sven-ove.nu\/index.php?rest_route=\/wp\/v2\/types\/post"}],"author":[{"embeddable":true,"href":"https:\/\/sven-ove.nu\/index.php?rest_route=\/wp\/v2\/users\/1"}],"replies":[{"embeddable":true,"href":"https:\/\/sven-ove.nu\/index.php?rest_route=%2Fwp%2Fv2%2Fcomments&post=1439"}],"version-history":[{"count":18,"href":"https:\/\/sven-ove.nu\/index.php?rest_route=\/wp\/v2\/posts\/1439\/revisions"}],"predecessor-version":[{"id":1459,"href":"https:\/\/sven-ove.nu\/index.php?rest_route=\/wp\/v2\/posts\/1439\/revisions\/1459"}],"wp:attachment":[{"href":"https:\/\/sven-ove.nu\/index.php?rest_route=%2Fwp%2Fv2%2Fmedia&parent=1439"}],"wp:term":[{"taxonomy":"category","embeddable":true,"href":"https:\/\/sven-ove.nu\/index.php?rest_route=%2Fwp%2Fv2%2Fcategories&post=1439"},{"taxonomy":"post_tag","embeddable":true,"href":"https:\/\/sven-ove.nu\/index.php?rest_route=%2Fwp%2Fv2%2Ftags&post=1439"}],"curies":[{"name":"wp","href":"https:\/\/api.w.org\/{rel}","templated":true}]}}