{"id":14395,"date":"2016-03-15T03:00:00","date_gmt":"2016-03-15T02:00:00","guid":{"rendered":"http:\/\/sven-ove.nu\/?p=14395"},"modified":"2016-03-14T08:40:58","modified_gmt":"2016-03-14T07:40:58","slug":"arla-langpass","status":"publish","type":"post","link":"https:\/\/sven-ove.nu\/?p=14395","title":{"rendered":"Arla l\u00e5ngpass"},"content":{"rendered":"<p><a href=\"https:\/\/sven-ove.nu\/wp-content\/uploads\/2016\/03\/B\u00e5gskytte1.jpg\"><img loading=\"lazy\" decoding=\"async\" class=\"alignright size-full wp-image-14397\" src=\"https:\/\/sven-ove.nu\/wp-content\/uploads\/2016\/03\/B\u00e5gskytte1.jpg\" alt=\"B\u00e5gskytte\" width=\"620\" height=\"494\" srcset=\"https:\/\/sven-ove.nu\/wp-content\/uploads\/2016\/03\/B\u00e5gskytte1.jpg 620w, https:\/\/sven-ove.nu\/wp-content\/uploads\/2016\/03\/B\u00e5gskytte1-300x239.jpg 300w\" sizes=\"auto, (max-width: 620px) 100vw, 620px\" \/><\/a><\/p>\n<p>F\u00f6rsta veckan med den nya 5:2-kuren g\u00e5r jag upp ett kilo. J\u00e4dra skitv\u00e5g.<\/p>\n<p>F\u00f6rsta v\u00e5rvintern som dagledig struntar jag i veckonummer och gl\u00f6mmer veckodag. Bra kalender.<\/p>\n<p>F\u00f6rsta g\u00e5ngen du m\u00f6ter en s\u00e4des\u00e4rla p\u00e5 v\u00e5ren ska du b\u00e4ra en st\u00f6r. D\u00e5 f\u00e5r du ett l\u00e5ngt liv, sa de gamle. Metsp\u00f6 g\u00e5r ocks\u00e5 bra. B\u00f6rja nu, l\u00e5ng sak, ho\u2019 kommer snart.<\/p>\n<p>&#8221;Dagledig&#8221;? Jag? Hahahahahahaha hohoho hahaha. Gl\u00f6m det, jag ska strax g\u00e5 p\u00e5 mitt b\u00e4rpass.<\/p>\n<p style=\"padding-left: 30px;\"><em><span style=\"color: #00ff00;\">#<\/span> \u00c4rlobics.<br \/>\n<\/em><em><span style=\"color: #00ff00;\">#<\/span> St\u00f6r? L\u00e5nga?<br \/>\n<\/em><em><span style=\"color: #00ff00;\">#<\/span> \u00c5l in<\/em><\/p>\n","protected":false},"excerpt":{"rendered":"<p>F\u00f6rsta veckan med den nya 5:2-kuren g\u00e5r jag upp ett kilo. J\u00e4dra skitv\u00e5g. F\u00f6rsta v\u00e5rvintern som dagledig struntar jag i veckonummer och gl\u00f6mmer veckodag. Bra kalender. F\u00f6rsta g\u00e5ngen du m\u00f6ter en s\u00e4des\u00e4rla p\u00e5 v\u00e5ren ska du b\u00e4ra en st\u00f6r. D\u00e5 f\u00e5r du ett l\u00e5ngt liv, sa de gamle. Metsp\u00f6 g\u00e5r ocks\u00e5 bra. B\u00f6rja nu, l\u00e5ng &hellip; <a href=\"https:\/\/sven-ove.nu\/?p=14395\" class=\"more-link\">Forts\u00e4tt l\u00e4sa <span class=\"screen-reader-text\">Arla l\u00e5ngpass<\/span><\/a><\/p>\n","protected":false},"author":1,"featured_media":0,"comment_status":"open","ping_status":"open","sticky":false,"template":"","format":"standard","meta":{"_crdt_document":"","_monsterinsights_skip_tracking":false,"_monsterinsights_sitenote_active":false,"_monsterinsights_sitenote_note":"","_monsterinsights_sitenote_category":0,"footnotes":""},"categories":[10,6],"tags":[8,18,20,13],"class_list":["post-14395","post","type-post","status-publish","format-standard","hentry","category-familjen","category-natur","tag-historia","tag-lardomar","tag-rad","tag-utrustning"],"_links":{"self":[{"href":"https:\/\/sven-ove.nu\/index.php?rest_route=\/wp\/v2\/posts\/14395","targetHints":{"allow":["GET"]}}],"collection":[{"href":"https:\/\/sven-ove.nu\/index.php?rest_route=\/wp\/v2\/posts"}],"about":[{"href":"https:\/\/sven-ove.nu\/index.php?rest_route=\/wp\/v2\/types\/post"}],"author":[{"embeddable":true,"href":"https:\/\/sven-ove.nu\/index.php?rest_route=\/wp\/v2\/users\/1"}],"replies":[{"embeddable":true,"href":"https:\/\/sven-ove.nu\/index.php?rest_route=%2Fwp%2Fv2%2Fcomments&post=14395"}],"version-history":[{"count":4,"href":"https:\/\/sven-ove.nu\/index.php?rest_route=\/wp\/v2\/posts\/14395\/revisions"}],"predecessor-version":[{"id":14400,"href":"https:\/\/sven-ove.nu\/index.php?rest_route=\/wp\/v2\/posts\/14395\/revisions\/14400"}],"wp:attachment":[{"href":"https:\/\/sven-ove.nu\/index.php?rest_route=%2Fwp%2Fv2%2Fmedia&parent=14395"}],"wp:term":[{"taxonomy":"category","embeddable":true,"href":"https:\/\/sven-ove.nu\/index.php?rest_route=%2Fwp%2Fv2%2Fcategories&post=14395"},{"taxonomy":"post_tag","embeddable":true,"href":"https:\/\/sven-ove.nu\/index.php?rest_route=%2Fwp%2Fv2%2Ftags&post=14395"}],"curies":[{"name":"wp","href":"https:\/\/api.w.org\/{rel}","templated":true}]}}