{"id":14401,"date":"2016-03-22T03:00:21","date_gmt":"2016-03-22T02:00:21","guid":{"rendered":"http:\/\/sven-ove.nu\/?p=14401"},"modified":"2016-03-20T13:25:25","modified_gmt":"2016-03-20T12:25:25","slug":"dags-att-deportera-dessa-snyltande-parasiter","status":"publish","type":"post","link":"https:\/\/sven-ove.nu\/?p=14401","title":{"rendered":"&#8221;Dags att deportera dessa snyltande parasiter&#8221;"},"content":{"rendered":"<p><a href=\"https:\/\/sven-ove.nu\/wp-content\/uploads\/2016\/03\/Toddler.001.jpg\"><img loading=\"lazy\" decoding=\"async\" class=\"size-full wp-image-14406 alignnone\" src=\"https:\/\/sven-ove.nu\/wp-content\/uploads\/2016\/03\/Toddler.001.jpg\" alt=\"Toddler.001\" width=\"618\" height=\"532\" srcset=\"https:\/\/sven-ove.nu\/wp-content\/uploads\/2016\/03\/Toddler.001.jpg 618w, https:\/\/sven-ove.nu\/wp-content\/uploads\/2016\/03\/Toddler.001-300x258.jpg 300w\" sizes=\"auto, (max-width: 618px) 100vw, 618px\" \/><\/a><\/p>\n<blockquote><p>F\u00f6rra \u00e5ret blev 44 amerikaner skjutna av muslimska terrorister, skriver Jeremy McLellan och forts\u00e4tter: Som en j\u00e4mf\u00f6relse blev 52 amerikaner skjutna av sm\u00e5barn.<\/p><\/blockquote>\n<p>Toddlers, kallar han de sm\u00e5. Ett vackert engelskt ord f\u00f6r en grupp m\u00f6rdare.\u00a0Detta reser fr\u00e5gan, forts\u00e4tter Jeremy, varf\u00f6r regeringen inte g\u00f6r mer f\u00f6r att f\u00f6rsvara oss mot sm\u00e5barn?<\/p>\n<p>&#8211; De delar inte v\u00e5ra v\u00e4rderingar. De talar knappt engelska. De stj\u00e4l v\u00e5r v\u00e4lf\u00e4rd. De har inga efterfr\u00e5gade f\u00e4rdigheter. De \u00e4r ben\u00e4gna till arga utbrott. V\u00e4rst av allt: m\u00e5nga av dem \u00e4r inte ens kristna. Hur l\u00e4nge ska det g\u00e5 innan vi s\u00e4ger att nu r\u00e4cker det &#8211; och deporterar dessa snyltande parasiter en g\u00e5ng f\u00f6r alla?<\/p>\n<p>Varf\u00f6r skrev inte jag detta? noterar jag avundsjukt i kanten. Sedan klickar jag f\u00f6r att kolla vad <span style=\"color: #ff0000;\"><strong><a style=\"color: #ff0000;\" href=\"https:\/\/www.facebook.com\/JeremyMcLellanComedy\/\">Jeremy McLellan<\/a><\/strong><\/span> \u00e4r f\u00f6r en.<\/p>\n<p>Hans parallell \u00e4r underbar. 52 om \u00e5ret allts\u00e5, p\u00e5 grund av en d\u00e5ligt hanterad vapenkultur.<\/p>\n<p><em><span style=\"color: #00ccff;\"><strong>###<\/strong><\/span> Jeremy McLellan \u00e4r en amerikansk st\u00e5uppkomiker som \u00e4ven publicerar sig p\u00e5 internet.<br \/>\n<\/em><em><span style=\"color: #00ccff;\"><strong>###<\/strong><\/span> H\u00e4r \u00e4r en annan av hans texter, fr\u00e5n Facebook:<br \/>\n<\/em><em><span style=\"color: #00ccff;\"><strong>###<\/strong><\/span> \u201dModest Proposal: If we&#8217;re going to ban Muslims from coming into Western countries, maybe we should stop sending Western soldiers into Muslim countries.\u201d<\/em><\/p>\n","protected":false},"excerpt":{"rendered":"<p>F\u00f6rra \u00e5ret blev 44 amerikaner skjutna av muslimska terrorister, skriver Jeremy McLellan och forts\u00e4tter: Som en j\u00e4mf\u00f6relse blev 52 amerikaner skjutna av sm\u00e5barn. Toddlers, kallar han de sm\u00e5. Ett vackert engelskt ord f\u00f6r en grupp m\u00f6rdare.\u00a0Detta reser fr\u00e5gan, forts\u00e4tter Jeremy, varf\u00f6r regeringen inte g\u00f6r mer f\u00f6r att f\u00f6rsvara oss mot sm\u00e5barn? &#8211; De delar inte &hellip; <a href=\"https:\/\/sven-ove.nu\/?p=14401\" class=\"more-link\">Forts\u00e4tt l\u00e4sa <span class=\"screen-reader-text\">&#8221;Dags att deportera dessa snyltande parasiter&#8221;<\/span><\/a><\/p>\n","protected":false},"author":1,"featured_media":0,"comment_status":"open","ping_status":"open","sticky":false,"template":"","format":"standard","meta":{"_crdt_document":"","_monsterinsights_skip_tracking":false,"_monsterinsights_sitenote_active":false,"_monsterinsights_sitenote_note":"","_monsterinsights_sitenote_category":0,"footnotes":""},"categories":[28,9,4],"tags":[14,21],"class_list":["post-14401","post","type-post","status-publish","format-standard","hentry","category-kreativt-folk","category-politik","category-skrivande","tag-lasning","tag-ord"],"_links":{"self":[{"href":"https:\/\/sven-ove.nu\/index.php?rest_route=\/wp\/v2\/posts\/14401","targetHints":{"allow":["GET"]}}],"collection":[{"href":"https:\/\/sven-ove.nu\/index.php?rest_route=\/wp\/v2\/posts"}],"about":[{"href":"https:\/\/sven-ove.nu\/index.php?rest_route=\/wp\/v2\/types\/post"}],"author":[{"embeddable":true,"href":"https:\/\/sven-ove.nu\/index.php?rest_route=\/wp\/v2\/users\/1"}],"replies":[{"embeddable":true,"href":"https:\/\/sven-ove.nu\/index.php?rest_route=%2Fwp%2Fv2%2Fcomments&post=14401"}],"version-history":[{"count":9,"href":"https:\/\/sven-ove.nu\/index.php?rest_route=\/wp\/v2\/posts\/14401\/revisions"}],"predecessor-version":[{"id":14422,"href":"https:\/\/sven-ove.nu\/index.php?rest_route=\/wp\/v2\/posts\/14401\/revisions\/14422"}],"wp:attachment":[{"href":"https:\/\/sven-ove.nu\/index.php?rest_route=%2Fwp%2Fv2%2Fmedia&parent=14401"}],"wp:term":[{"taxonomy":"category","embeddable":true,"href":"https:\/\/sven-ove.nu\/index.php?rest_route=%2Fwp%2Fv2%2Fcategories&post=14401"},{"taxonomy":"post_tag","embeddable":true,"href":"https:\/\/sven-ove.nu\/index.php?rest_route=%2Fwp%2Fv2%2Ftags&post=14401"}],"curies":[{"name":"wp","href":"https:\/\/api.w.org\/{rel}","templated":true}]}}