{"id":14410,"date":"2016-03-16T03:00:11","date_gmt":"2016-03-16T02:00:11","guid":{"rendered":"http:\/\/sven-ove.nu\/?p=14410"},"modified":"2016-03-15T20:27:58","modified_gmt":"2016-03-15T19:27:58","slug":"bocker-i-cirkel","status":"publish","type":"post","link":"https:\/\/sven-ove.nu\/?p=14410","title":{"rendered":"B\u00f6cker i cirkel"},"content":{"rendered":"<p><a href=\"https:\/\/sven-ove.nu\/wp-content\/uploads\/2016\/03\/Bokcirkeln.jpg\"><img loading=\"lazy\" decoding=\"async\" class=\"size-large wp-image-14416 alignnone\" src=\"https:\/\/sven-ove.nu\/wp-content\/uploads\/2016\/03\/Bokcirkeln-1024x768.jpg\" alt=\"Bokcirkeln\" width=\"660\" height=\"495\" srcset=\"https:\/\/sven-ove.nu\/wp-content\/uploads\/2016\/03\/Bokcirkeln-1024x768.jpg 1024w, https:\/\/sven-ove.nu\/wp-content\/uploads\/2016\/03\/Bokcirkeln-300x225.jpg 300w, https:\/\/sven-ove.nu\/wp-content\/uploads\/2016\/03\/Bokcirkeln.jpg 1632w\" sizes=\"auto, (max-width: 660px) 100vw, 660px\" \/><\/a><\/p>\n<blockquote><p>Bokcirkel i g\u00e5r kv\u00e4ll. F\u00f6rra g\u00e5ngen missade jag, p\u00e5 grund av s\u00e5dant som g\u00f6r att du missar bokcirklar. Verkligheten. N\u00e5, b\u00f6ckerna har jag l\u00e4st hela tiden och nu \u00e4r jag p\u00e5 plats.<\/p><\/blockquote>\n<p>Vi sitter p\u00e5 biblioteket, vi \u00e4r nio stycken och Helena som brukar leda cirkeln har best\u00e4mt b\u00f6ckerna. Det \u00e4r bara bra. E. Lockharts <span style=\"color: #993366;\"><strong><a style=\"color: #993366;\" href=\"http:\/\/www.bokus.com\/bok\/9789187879111\/kanske-ar-det-allt-du-behover-veta\/\">Kanske \u00e4r det allt du beh\u00f6ver veta<\/a><\/strong><\/span> och Lisa Genovas <span style=\"color: #993366;\"><strong><a style=\"color: #993366;\" href=\"http:\/\/www.bokus.com\/bok\/9789176291832\/fortfarande-alice\/\">Fortfarande Alice<\/a><\/strong><\/span> skulle jag inte l\u00e4st annars.<\/p>\n<p>I f\u00f6rra boken f\u00e4ste jag mig vid den l\u00e5ngsamma upptrappningen. Hur f\u00f6rfattaren l\u00e5ter oss veta mer och mer om huvudpersonens tragedi. Utvecklingen fr\u00e5n stark familj via den p\u00e5st\u00e5dda olyckan till det som verkligen h\u00e4nde. Milj\u00f6n. Huvudpersonens intressen. L\u00f6gnarna.<\/p>\n<p>&#8211; Migr\u00e4net \u00e4r bra skildrat, fast nu finns det f\u00f6rst\u00e5s medicin. Skulle den ha hj\u00e4lpt i hennes fall? Stark inledning. Stark familj men f\u00f6rfattaren planterar att den har problem. Gestaltar vad som kan h\u00e4nda om du fixerar dig vid egendom. Systrarnas gr\u00e4l, orsak till branden. Inte en tillf\u00e4llighet att huvudpersonen b\u00f6rjar ge bort allt hon \u00e4ger. Formuleringen p\u00e5 sidan 14, pappa tog upp en pistol och sk\u00f6t mig i br\u00f6stet.<\/p>\n<p>Det skulle jag ha pratat om, ifall jag varit med f\u00f6rsta g\u00e5ngen.<\/p>\n<p><strong>Var sitter v\u00e5rt jag?<br \/>\n<\/strong>Vi dricker kaffe och sm\u00e5pratar eftert\u00e4nksamt om universitetsl\u00e4raren Alice som drabbas av Alzheimers sjukdom. Sj\u00e4lv noterar jag den sakkunniga (tror jag) inlevelsen och gestaltningen av hur Alice l\u00e5ngsamt f\u00f6rlorar mer och mer minne. K\u00e4rnfr\u00e5gan kan man fundera mycket \u00f6ver. Var sitter v\u00e5rt jag? \u00c4r Alice fortfarande Alice n\u00e4r sjukdomen mer eller mindre har raderat b\u00e5de spr\u00e5k och kunnande hos henne?<\/p>\n<p>Till sist kommer hon till den gr\u00e4ns hon sj\u00e4lv har satt. N\u00e4r hon inte l\u00e4ngre minns svaren p\u00e5 sina fem kontrollfr\u00e5gor ska hon ta livet av sig. Det \u00e4r bara det att vid det laget f\u00f6rst\u00e5r hon inte l\u00e4ngre sina egna instruktioner i sj\u00e4lvmordsmappen.<\/p>\n<p>Vem \u00e4r hon d\u00e5?<\/p>\n<p>N\u00e4sta g\u00e5ng ska vi se <strong><span style=\"color: #993366;\"><a style=\"color: #993366;\" href=\"http:\/\/www.sf.se\/arkiv\/sfbio\/S\/2015\/Still-Alice\/\">filmen<\/a><\/span><\/strong> som bygger p\u00e5 boken. Hur lyder den gamla minnesregeln? En manussida, en minut film. Romanen Fortfarande Alice \u00e4r 266 sidor l\u00e5ng. S\u00e5 l\u00e5ng \u00e4r inte filmen.<\/p>\n<p><strong>En klassiker i m\u00e5naden<br \/>\n<\/strong>Runt omkring mig sitter l\u00e4sare som inte slutade sluka b\u00f6cker f\u00f6r att de blev vuxna. Sj\u00e4lv \u00e4r jag en glad amat\u00f6r i g\u00e4nget, splittrad mellan m\u00e5nga intressen. Det \u00e4r klart jag l\u00e4ser men inte tre b\u00f6cker i veckan l\u00e4ngre.<\/p>\n<p>Helena har en blogg d\u00e4r hon skriver om sitt l\u00e4sande:\u00a0<span style=\"color: #993366;\"><strong><a style=\"color: #993366;\" href=\"http:\/\/www.fiktiviteter.se\">Fiktiviteter<\/a><\/strong><\/span>. 28 februari 2011 skrev hon om boken: \u201dJag \u00e4gnade fredagen \u00e5t att gr\u00e5ta \u00f6gonen ur mig. Det finns inget s\u00e4tt att v\u00e4rja sig mot\u00a0<strong><span style=\"color: #993366;\"><a style=\"color: #993366;\" href=\"http:\/\/www.bonnierpocket.se\/Bocker\/Bokpresentationssida\/?isbn=9789174291605\">Fortfarande Alice<\/a><\/span><\/strong>, den \u00e4r precis s\u00e5 gripande som alla s\u00e4ger.\u201d<\/p>\n<p>Ett av mina egna m\u00e5l f\u00f6r pensionerings\u00e5ret 2016 \u00e4r att l\u00e4sa klassiker som jag missat. En i m\u00e5naden har jag t\u00e4nkt, hittills ligger jag p\u00e5 tv\u00e5. Inget att skryta med men jag l\u00e4ser ju annat. <span style=\"color: #993366;\"><strong><a style=\"color: #993366;\" href=\"http:\/\/www.bokus.com\/bok\/9789198149210\/dorian-grays-portratt\/\">Dorian Greys portr\u00e4tt<\/a><\/strong><\/span> av Oscar Wilde var l\u00e4sv\u00e4rd, rena citatboken. <span style=\"color: #993366;\"><strong><a style=\"color: #993366;\" href=\"http:\/\/www.adlibris.com\/se\/bok\/mrs-dalloway-9789174291711?gclid=Cj0KEQjw5Z63BRCLqqLtpc6dk7gBEiQA0OuhsJUX-S13gkHQBBmUYo3rUwoFrHvAeH5JdVGXTW46eOYaAhO48P8HAQ\">Mrs Dalloway<\/a><\/strong><\/span> av Virginia Woolf fick mig verkligen inte intresserad av inre monolog. H\u00e4r n\u00e5gra rader ur Dorian Greys portr\u00e4tt:<\/p>\n<p><em><span style=\"color: #00ff00;\"><strong>#<\/strong><\/span><span style=\"color: #00ff00;\"><strong>#<\/strong><\/span><span style=\"color: #00ff00;\"><strong>#<\/strong><\/span> \u201dDet finns inga moraliska eller omoraliska b\u00f6cker. B\u00f6cker \u00e4r bra eller d\u00e5ligt skrivna. Det \u00e4r allt.\u201d<br \/>\n<\/em><em><span style=\"color: #00ff00;\">###<\/span> \u201dEnda s\u00e4ttet att bli fri fr\u00e5n en frestelse \u00e4r att ge efter f\u00f6r den.\u201d<br \/>\n<\/em><em><span style=\"color: #00ff00;\"><strong>### <\/strong><\/span>\u201dSkratt \u00e4r ingen d\u00e5lig b\u00f6rjan p\u00e5 en v\u00e4nskap, och det \u00e4r det oj\u00e4mf\u00f6rligt b\u00e4sta s\u00e4ttet att sluta den p\u00e5\u201d.<\/em><\/p>\n","protected":false},"excerpt":{"rendered":"<p>Bokcirkel i g\u00e5r kv\u00e4ll. F\u00f6rra g\u00e5ngen missade jag, p\u00e5 grund av s\u00e5dant som g\u00f6r att du missar bokcirklar. Verkligheten. N\u00e5, b\u00f6ckerna har jag l\u00e4st hela tiden och nu \u00e4r jag p\u00e5 plats. Vi sitter p\u00e5 biblioteket, vi \u00e4r nio stycken och Helena som brukar leda cirkeln har best\u00e4mt b\u00f6ckerna. Det \u00e4r bara bra. E. Lockharts &hellip; <a href=\"https:\/\/sven-ove.nu\/?p=14410\" class=\"more-link\">Forts\u00e4tt l\u00e4sa <span class=\"screen-reader-text\">B\u00f6cker i cirkel<\/span><\/a><\/p>\n","protected":false},"author":1,"featured_media":0,"comment_status":"open","ping_status":"open","sticky":false,"template":"","format":"standard","meta":{"_crdt_document":"","_monsterinsights_skip_tracking":false,"_monsterinsights_sitenote_active":false,"_monsterinsights_sitenote_note":"","_monsterinsights_sitenote_category":0,"footnotes":""},"categories":[28],"tags":[14],"class_list":["post-14410","post","type-post","status-publish","format-standard","hentry","category-kreativt-folk","tag-lasning"],"_links":{"self":[{"href":"https:\/\/sven-ove.nu\/index.php?rest_route=\/wp\/v2\/posts\/14410","targetHints":{"allow":["GET"]}}],"collection":[{"href":"https:\/\/sven-ove.nu\/index.php?rest_route=\/wp\/v2\/posts"}],"about":[{"href":"https:\/\/sven-ove.nu\/index.php?rest_route=\/wp\/v2\/types\/post"}],"author":[{"embeddable":true,"href":"https:\/\/sven-ove.nu\/index.php?rest_route=\/wp\/v2\/users\/1"}],"replies":[{"embeddable":true,"href":"https:\/\/sven-ove.nu\/index.php?rest_route=%2Fwp%2Fv2%2Fcomments&post=14410"}],"version-history":[{"count":9,"href":"https:\/\/sven-ove.nu\/index.php?rest_route=\/wp\/v2\/posts\/14410\/revisions"}],"predecessor-version":[{"id":14420,"href":"https:\/\/sven-ove.nu\/index.php?rest_route=\/wp\/v2\/posts\/14410\/revisions\/14420"}],"wp:attachment":[{"href":"https:\/\/sven-ove.nu\/index.php?rest_route=%2Fwp%2Fv2%2Fmedia&parent=14410"}],"wp:term":[{"taxonomy":"category","embeddable":true,"href":"https:\/\/sven-ove.nu\/index.php?rest_route=%2Fwp%2Fv2%2Fcategories&post=14410"},{"taxonomy":"post_tag","embeddable":true,"href":"https:\/\/sven-ove.nu\/index.php?rest_route=%2Fwp%2Fv2%2Ftags&post=14410"}],"curies":[{"name":"wp","href":"https:\/\/api.w.org\/{rel}","templated":true}]}}