{"id":14429,"date":"2016-03-17T03:00:57","date_gmt":"2016-03-17T02:00:57","guid":{"rendered":"http:\/\/sven-ove.nu\/?p=14429"},"modified":"2016-03-16T18:02:51","modified_gmt":"2016-03-16T17:02:51","slug":"skogspromenad-i-solen-utan-mossa","status":"publish","type":"post","link":"https:\/\/sven-ove.nu\/?p=14429","title":{"rendered":"Skogspromenad i solen utan m\u00f6ssa"},"content":{"rendered":"<p><a href=\"https:\/\/sven-ove.nu\/wp-content\/uploads\/2016\/03\/B\u00e4ck-och-is.jpg\"><img loading=\"lazy\" decoding=\"async\" class=\"size-full wp-image-14435 alignnone\" src=\"https:\/\/sven-ove.nu\/wp-content\/uploads\/2016\/03\/B\u00e4ck-och-is.jpg\" alt=\"B\u00e4ck och is\" width=\"626\" height=\"819\" srcset=\"https:\/\/sven-ove.nu\/wp-content\/uploads\/2016\/03\/B\u00e4ck-och-is.jpg 626w, https:\/\/sven-ove.nu\/wp-content\/uploads\/2016\/03\/B\u00e4ck-och-is-229x300.jpg 229w\" sizes=\"auto, (max-width: 626px) 100vw, 626px\" \/><\/a><\/p>\n<p>Nu blir jag snart f\u00f6rbaskad. H\u00e4r har en varit dagledig i \u00f6ver tv\u00e5 m\u00e5nader och sj\u00e4len tror fortfarande att det \u00e4r br\u00e5ttom.<\/p>\n<p>Varf\u00f6r har jag inget ljudminne? S\u00e5g en korsn\u00e4bb i en grantopp bortanf\u00f6r sk\u00e4rningen p\u00e5 v\u00e4g 62, memorerade l\u00e4tet noga men n\u00e4r jag kommer hem \u00e4r det alltid gl\u00f6mt. Detaljerna \u00e4r borta. Var det st\u00f6rre-, <span style=\"color: #00ccff;\"><a style=\"color: #00ccff;\" href=\"http:\/\/www.server2345.dk\/files\/Fil612_lille-kors.mp3\">mindre<\/a><\/span>&#8211; eller b\u00e4ndelkorsn\u00e4bb? Mindre kan jag tro, men det hade varit fint att vara s\u00e4ker. I forts\u00e4ttningen ska jag spela in mig sj\u00e4lv med mobilen, n\u00e4r jag h\u00e4rmar l\u00e4tet.<\/p>\n<p>Det blir nog h\u00f6rv\u00e4rt. Tjipp tjipp.<\/p>\n<p style=\"padding-left: 30px;\">*<\/p>\n<p>Kaffe och ostsm\u00f6rg\u00e5s smakar b\u00e4st i solgl\u00e4nta. Mandarin \u00e4r vackrast mot marssn\u00f6. Efter tv\u00e5 timmar h\u00e4r ute\u00a0tror inte sj\u00e4len l\u00e4ngre att det \u00e4r br\u00e5ttom. Det tror d\u00e4remot vattnet som nyss var vitt och kramt. H\u00f6r hur det rusar, p\u00e5nyttf\u00f6tt och spralligt, ner\u00e5t ner\u00e5t, fram\u00e5t fram\u00e5t!<\/p>\n<p>Alla vatten jag h\u00f6r ska till G\u00f6teborg. De har m\u00f6te d\u00e4r.<\/p>\n<p><em><span style=\"color: #00ccff;\"><strong>###<\/strong> <\/span>Vet du vad det \u00e4r f\u00f6r likhet mellan en mindre korsn\u00e4bb och Bengt Alsterlind i f\u00f6r stora skor?<br \/>\n<\/em><em><span style=\"color: #00ccff;\"><strong>###<\/strong> <\/span>Tjipp <span style=\"color: #00ccff;\"><a style=\"color: #00ccff;\" href=\"http:\/\/www.server2345.dk\/files\/Fil612_lille-kors.mp3\">tjipp<\/a><\/span> tjipp.<\/em><\/p>\n<div style=\"width: 660px;\" class=\"wp-video\"><video class=\"wp-video-shortcode\" id=\"video-14429-1\" width=\"660\" height=\"371\" preload=\"metadata\" controls=\"controls\"><source type=\"video\/mp4\" src=\"https:\/\/sven-ove.nu\/wp-content\/uploads\/2016\/03\/V\u00e5rb\u00e4ck-i-mars-m\u00e5nad.mp4?_=1\" \/><a href=\"https:\/\/sven-ove.nu\/wp-content\/uploads\/2016\/03\/V\u00e5rb\u00e4ck-i-mars-m\u00e5nad.mp4\">https:\/\/sven-ove.nu\/wp-content\/uploads\/2016\/03\/V\u00e5rb\u00e4ck-i-mars-m\u00e5nad.mp4<\/a><\/video><\/div>\n<p style=\"padding-left: 30px;\"><em>V\u00e5rb\u00e4ck i mars, turen\u00a0Grossbolstorp-G\u00f6teborg, enligt\u00a0tidtabell.<\/em><\/p>\n","protected":false},"excerpt":{"rendered":"<p>Nu blir jag snart f\u00f6rbaskad. H\u00e4r har en varit dagledig i \u00f6ver tv\u00e5 m\u00e5nader och sj\u00e4len tror fortfarande att det \u00e4r br\u00e5ttom. Varf\u00f6r har jag inget ljudminne? S\u00e5g en korsn\u00e4bb i en grantopp bortanf\u00f6r sk\u00e4rningen p\u00e5 v\u00e4g 62, memorerade l\u00e4tet noga men n\u00e4r jag kommer hem \u00e4r det alltid gl\u00f6mt. Detaljerna \u00e4r borta. Var det &hellip; <a href=\"https:\/\/sven-ove.nu\/?p=14429\" class=\"more-link\">Forts\u00e4tt l\u00e4sa <span class=\"screen-reader-text\">Skogspromenad i solen utan m\u00f6ssa<\/span><\/a><\/p>\n","protected":false},"author":1,"featured_media":0,"comment_status":"open","ping_status":"open","sticky":false,"template":"","format":"standard","meta":{"_crdt_document":"","_monsterinsights_skip_tracking":false,"_monsterinsights_sitenote_active":false,"_monsterinsights_sitenote_note":"","_monsterinsights_sitenote_category":0,"footnotes":""},"categories":[6],"tags":[24],"class_list":["post-14429","post","type-post","status-publish","format-standard","hentry","category-natur","tag-karlek"],"_links":{"self":[{"href":"https:\/\/sven-ove.nu\/index.php?rest_route=\/wp\/v2\/posts\/14429","targetHints":{"allow":["GET"]}}],"collection":[{"href":"https:\/\/sven-ove.nu\/index.php?rest_route=\/wp\/v2\/posts"}],"about":[{"href":"https:\/\/sven-ove.nu\/index.php?rest_route=\/wp\/v2\/types\/post"}],"author":[{"embeddable":true,"href":"https:\/\/sven-ove.nu\/index.php?rest_route=\/wp\/v2\/users\/1"}],"replies":[{"embeddable":true,"href":"https:\/\/sven-ove.nu\/index.php?rest_route=%2Fwp%2Fv2%2Fcomments&post=14429"}],"version-history":[{"count":9,"href":"https:\/\/sven-ove.nu\/index.php?rest_route=\/wp\/v2\/posts\/14429\/revisions"}],"predecessor-version":[{"id":14439,"href":"https:\/\/sven-ove.nu\/index.php?rest_route=\/wp\/v2\/posts\/14429\/revisions\/14439"}],"wp:attachment":[{"href":"https:\/\/sven-ove.nu\/index.php?rest_route=%2Fwp%2Fv2%2Fmedia&parent=14429"}],"wp:term":[{"taxonomy":"category","embeddable":true,"href":"https:\/\/sven-ove.nu\/index.php?rest_route=%2Fwp%2Fv2%2Fcategories&post=14429"},{"taxonomy":"post_tag","embeddable":true,"href":"https:\/\/sven-ove.nu\/index.php?rest_route=%2Fwp%2Fv2%2Ftags&post=14429"}],"curies":[{"name":"wp","href":"https:\/\/api.w.org\/{rel}","templated":true}]}}